{"id":9966,"date":"2019-09-30T16:57:17","date_gmt":"2019-09-30T19:57:17","guid":{"rendered":"http:\/\/www.girosgourmet.com.br\/?p=9966"},"modified":"2019-09-30T16:57:17","modified_gmt":"2019-09-30T19:57:17","slug":"festival-do-churrasqueiro-acontece-em-outubro-no-templo-da-carne","status":"publish","type":"post","link":"https:\/\/www.girosgourmet.com.br\/index.php\/festival-do-churrasqueiro-acontece-em-outubro-no-templo-da-carne\/","title":{"rendered":"Festival do Churrasqueiro acontece em outubro no Templo da Carne!"},"content":{"rendered":"<p><img loading=\"lazy\" decoding=\"async\" class=\"aligncenter size-full wp-image-9967\" src=\"http:\/\/www.girosgourmet.com.br\/wp-content\/uploads\/2019\/09\/templo-da-carne-marcos-bassi-fachada.jpg\" alt=\"\" width=\"1017\" height=\"450\" srcset=\"https:\/\/www.girosgourmet.com.br\/wp-content\/uploads\/2019\/09\/templo-da-carne-marcos-bassi-fachada.jpg 1017w, https:\/\/www.girosgourmet.com.br\/wp-content\/uploads\/2019\/09\/templo-da-carne-marcos-bassi-fachada-300x133.jpg 300w, https:\/\/www.girosgourmet.com.br\/wp-content\/uploads\/2019\/09\/templo-da-carne-marcos-bassi-fachada-768x340.jpg 768w\" sizes=\"auto, (max-width: 1017px) 100vw, 1017px\" \/><\/p>\n<p style=\"text-align: justify;\">Segunda feira pode at\u00e9 ser o dia mundial da Dieta, mas n\u00e3o aqui na reda\u00e7\u00e3o! Estamos selecionando os eventos da semana, e um dos mais legais que encontramos ser\u00e1 o que o <strong>Templo da Carne Marcos Bassi<\/strong> iniciar\u00e1 no pr\u00f3ximo dia 04 de outubro de 2019.<\/p>\n<p style=\"text-align: justify;\">O <strong>Festival do Churrasqueiro<\/strong>, em parceria com a Coca Cola, foi especialmente elaborado para os amantes de um bom churrasco! Foram selecionados os tr\u00eas cortes que os churrasqueiros mais gostam: \u00a0o \u00a0T-Bone \u2013 550 gramas (R$ 128,00), Prime Rib \u2013 600 gramas ((R$ 138,00), \u00a0e Assado de Tira \u2013 500 gramas (R$ 98,00) e na escolha de qualquer desses cortes o <strong>cliente ganhar\u00e1 uma<\/strong> <strong>faca de desossa personalizada<\/strong>, <strong>uma<\/strong> <strong>sacola Coca Coca Zero com o refrigerante de 250ml<\/strong>. A promo\u00e7\u00e3o \u00e9 v\u00e1lida at\u00e9 o dia 20 de outubro ou at\u00e9 terminarem os estoques dos cortes.<\/p>\n<p><img loading=\"lazy\" decoding=\"async\" class=\"aligncenter size-full wp-image-9968\" src=\"http:\/\/www.girosgourmet.com.br\/wp-content\/uploads\/2019\/09\/TemplodaCarne_BifedeTira_FestivalChurrasqueiro_fotoGuilhermeOliveira.jpg\" alt=\"\" width=\"1890\" height=\"1260\" srcset=\"https:\/\/www.girosgourmet.com.br\/wp-content\/uploads\/2019\/09\/TemplodaCarne_BifedeTira_FestivalChurrasqueiro_fotoGuilhermeOliveira.jpg 1890w, https:\/\/www.girosgourmet.com.br\/wp-content\/uploads\/2019\/09\/TemplodaCarne_BifedeTira_FestivalChurrasqueiro_fotoGuilhermeOliveira-300x200.jpg 300w, https:\/\/www.girosgourmet.com.br\/wp-content\/uploads\/2019\/09\/TemplodaCarne_BifedeTira_FestivalChurrasqueiro_fotoGuilhermeOliveira-768x512.jpg 768w, https:\/\/www.girosgourmet.com.br\/wp-content\/uploads\/2019\/09\/TemplodaCarne_BifedeTira_FestivalChurrasqueiro_fotoGuilhermeOliveira-1024x683.jpg 1024w\" sizes=\"auto, (max-width: 1890px) 100vw, 1890px\" \/><\/p>\n<p style=\"text-align: justify;\">Aproveitando que voc\u00ea est\u00e1 por ali, n\u00e3o deixe de visitar o\u00a0Emp\u00f3rio da casa que disponibiliza para compra, todos os produtos que s\u00e3o servidos no restaurante, principalmente os cortes de carne. Na geladeira da loja s\u00e3o encontradas as especialidades como a famosa Fraldinha, o Bom Bom de Alcatra, o Bife Ancho, Picanha e lingui\u00e7as diversas, entre outras. Tamb\u00e9m \u00e9 poss\u00edvel adquirir acess\u00f3rios e \u00a0v\u00e1rios produtos relacionados ao churrasco, como temperos e facas Marcos Bassi.<\/p>\n<p style=\"text-align: justify;\">Ainda uma dica para o churrasqueiro: Tatiana Bassi criou o <strong>Tati Bassi Meet &amp; Grill<\/strong>, onde ela conduz o evento na sala vip para 20 at\u00e9 40 pessoas &#8211; com servi\u00e7o personalizado e churrasqueira exclusiva &#8211; ensinando como fazer toda a sequ\u00eancia do churrasco, entre entradas, pratos principais, acompanhamentos e sobremesa, tudo feito na grelha. Os participantes ganham um avental personalizado e ficam \u00e0 vontade para acompanhar a prepara\u00e7\u00e3o dos pratos, ao mesmo tempo que degustam o jantar. Somente sob reserva antecipada.<\/p>\n<p style=\"text-align: justify;\">Se voc\u00ea deseja comer uma carne beirando a perfei\u00e7\u00e3o, aproveite o festival para uma visitinha sem culpa!<\/p>\n<p style=\"text-align: justify;\">Nos vemos por l\u00e1!<\/p>\n<p style=\"text-align: justify;\"><strong><u>Templo da Carne de Marcos Bassi<br \/>\n<\/u><\/strong>Rua Treze de Maio, 668 \u2013 Bela Vista<br \/>\n<span style=\"font-size: 1rem;\">Tel.11-3288-7045<br \/>\n<\/span><span style=\"font-size: 1rem;\">Hor\u00e1rio de Funcionamento:\u00a0<\/span>&#8211; segunda-feira \u2013 n\u00e3o abre<br \/>\nter\u00e7a a sexta \u2013 das 12hs \u00e0s 15hs e das 19hs \u00e0s 23hs<br \/>\ns\u00e1bado \u2013 das 12hs \u00e0s 23hs.<br \/>\nDomingo das 12hs \u00e0s 18hs<br \/>\nCart\u00f5es: Todos<br \/>\nEstacionamento: v\u00e1rios na regi\u00e3o, ao lado do restaurante.<br \/>\n<span style=\"font-size: 1rem;\">Acesso para deficientes<br \/>\n<\/span><span style=\"font-size: 1rem;\">M\u00fasica ambiente<\/span><\/p>\n<p style=\"text-align: justify;\">\n<iframe src=\"http:\/\/www.facebook.com\/plugins\/like.php?href=https:\/\/www.girosgourmet.com.br\/index.php\/festival-do-churrasqueiro-acontece-em-outubro-no-templo-da-carne\/&amp;layout=standard&amp;show_faces=1&amp;width=450&amp;action=like&amp;colorscheme=light&amp;font=\" scrolling=\"no\" frameborder=\"0\" style=\"border:none; overflow:hidden; width:450px; height:60px\"><\/iframe>","protected":false},"excerpt":{"rendered":"<p>Segunda feira pode at\u00e9 ser o dia mundial da Dieta, mas n\u00e3o aqui na reda\u00e7\u00e3o! Estamos selecionando os eventos da semana, e um dos mais legais que encontramos ser\u00e1 o que o Templo da Carne Marcos Bassi iniciar\u00e1 no pr\u00f3ximo dia 04 de outubro de 2019. O Festival do Churrasqueiro, [&hellip;]<\/p>\n","protected":false},"author":3,"featured_media":0,"comment_status":"open","ping_status":"closed","sticky":false,"template":"","format":"standard","meta":{"footnotes":""},"categories":[39],"tags":[1567,2341,2028],"class_list":["post-9966","post","type-post","status-publish","format-standard","hentry","category-gastronomia","tag-churrasco","tag-festival-do-churrasqueiro","tag-templo-da-carne-marcos-bassi"],"_links":{"self":[{"href":"https:\/\/www.girosgourmet.com.br\/index.php\/wp-json\/wp\/v2\/posts\/9966","targetHints":{"allow":["GET"]}}],"collection":[{"href":"https:\/\/www.girosgourmet.com.br\/index.php\/wp-json\/wp\/v2\/posts"}],"about":[{"href":"https:\/\/www.girosgourmet.com.br\/index.php\/wp-json\/wp\/v2\/types\/post"}],"author":[{"embeddable":true,"href":"https:\/\/www.girosgourmet.com.br\/index.php\/wp-json\/wp\/v2\/users\/3"}],"replies":[{"embeddable":true,"href":"https:\/\/www.girosgourmet.com.br\/index.php\/wp-json\/wp\/v2\/comments?post=9966"}],"version-history":[{"count":1,"href":"https:\/\/www.girosgourmet.com.br\/index.php\/wp-json\/wp\/v2\/posts\/9966\/revisions"}],"predecessor-version":[{"id":9969,"href":"https:\/\/www.girosgourmet.com.br\/index.php\/wp-json\/wp\/v2\/posts\/9966\/revisions\/9969"}],"wp:attachment":[{"href":"https:\/\/www.girosgourmet.com.br\/index.php\/wp-json\/wp\/v2\/media?parent=9966"}],"wp:term":[{"taxonomy":"category","embeddable":true,"href":"https:\/\/www.girosgourmet.com.br\/index.php\/wp-json\/wp\/v2\/categories?post=9966"},{"taxonomy":"post_tag","embeddable":true,"href":"https:\/\/www.girosgourmet.com.br\/index.php\/wp-json\/wp\/v2\/tags?post=9966"}],"curies":[{"name":"wp","href":"https:\/\/api.w.org\/{rel}","templated":true}]}}