{"id":9881,"date":"2019-08-20T15:20:50","date_gmt":"2019-08-20T18:20:50","guid":{"rendered":"http:\/\/www.girosgourmet.com.br\/?p=9881"},"modified":"2019-08-20T15:21:53","modified_gmt":"2019-08-20T18:21:53","slug":"trancoso-sediara-a-segunda-edicao-do-organic-festival","status":"publish","type":"post","link":"https:\/\/www.girosgourmet.com.br\/index.php\/trancoso-sediara-a-segunda-edicao-do-organic-festival\/","title":{"rendered":"Trancoso sediar\u00e1 a segunda edi\u00e7\u00e3o do Organic Festival, em setembro."},"content":{"rendered":"<p><img loading=\"lazy\" decoding=\"async\" class=\"aligncenter size-full wp-image-9882\" src=\"http:\/\/www.girosgourmet.com.br\/wp-content\/uploads\/2019\/08\/Trancoso.jpg\" alt=\"\" width=\"900\" height=\"506\" srcset=\"https:\/\/www.girosgourmet.com.br\/wp-content\/uploads\/2019\/08\/Trancoso.jpg 900w, https:\/\/www.girosgourmet.com.br\/wp-content\/uploads\/2019\/08\/Trancoso-300x169.jpg 300w, https:\/\/www.girosgourmet.com.br\/wp-content\/uploads\/2019\/08\/Trancoso-768x432.jpg 768w\" sizes=\"auto, (max-width: 900px) 100vw, 900px\" \/><\/p>\n<p style=\"text-align: justify;\"><span style=\"color: #000000;\"><strong>Trancoso<\/strong> foi a cidade escolhida para receber a segunda edi\u00e7\u00e3o do <strong>Organic Festival<\/strong>. Um evento para quem ama uma culin\u00e1ria saud\u00e1vel e anda preocupado com estes tempos de <a href=\"https:\/\/www.youtube.com\/watch?v=oXb89QDUj6s&amp;t=61s\"><span style=\"color: #0000ff;\">PL do Veneno<\/span><\/a>. Uma boa oportunidade tamb\u00e9m, para discutir novas metodologias de produ\u00e7\u00e3o de alimentos sem agrot\u00f3xicos e tantos outros assuntos em pauta nestes tempos sinistros e que envolve diretamente a agricultura e o meio ambiente.<\/span><\/p>\n<p><img loading=\"lazy\" decoding=\"async\" class=\"aligncenter size-full wp-image-9883\" src=\"http:\/\/www.girosgourmet.com.br\/wp-content\/uploads\/2019\/08\/trancoso2.jpg\" alt=\"\" width=\"649\" height=\"399\" srcset=\"https:\/\/www.girosgourmet.com.br\/wp-content\/uploads\/2019\/08\/trancoso2.jpg 649w, https:\/\/www.girosgourmet.com.br\/wp-content\/uploads\/2019\/08\/trancoso2-300x184.jpg 300w\" sizes=\"auto, (max-width: 649px) 100vw, 649px\" \/><\/p>\n<p style=\"text-align: justify;\"><span style=\"color: #000000;\">O evento tem outras inten\u00e7\u00f5es como unir turistas e a comunidade local em torno de uma boa mesa preparada por grandes chefs como <strong>Morena Leite<\/strong> (embaixadora do festival e que comandar\u00e1 o jantar de abertura no <strong>Capim Santo<\/strong>), <strong>Neka Menna<\/strong>, de S\u00e3o Paulo, <strong>Matthew Kennedy<\/strong>, de Los Angeles, <strong>Roberta Sudbrack<\/strong> e a culinitarista <strong>Bela Gil<\/strong>, ambas do Rio de Janeiro.<\/span><\/p>\n<p style=\"text-align: justify;\"><span style=\"color: #000000;\">Na programa\u00e7\u00e3o workshops, saraus, aulas de culin\u00e1rias, piqueniques e aulas de yoga, e tudo isso vai acontecer no <strong>UXUA Casa Hotel &amp; Spa<\/strong>. Volunt\u00e1rios de toda a regi\u00e3o ajudar\u00e3o na coordena\u00e7\u00e3o do evento, incluindo o grupo de ativismo e educa\u00e7\u00e3o ambiental <strong>jovem de Trancoso<\/strong>, que j\u00e1 se apresentou na ONU e foi indicado ao Pr\u00eamio Vis\u00e3o Sustent\u00e1vel; e o <strong>Mama Trancoso<\/strong> (Movimento Ambientalista Muka\u00fa Aponem) que, com o apoio do Organic Festival, est\u00e1 trabalhando com bi\u00f3logos e engenheiros ambientais para inaugurar uma horta org\u00e2nica comunit\u00e1ria permanente na Associa\u00e7\u00e3o Despertar, na rua principal do vilarejo<\/span><\/p>\n<p style=\"text-align: justify;\"><span style=\"color: #000000;\">Se voc\u00ea est\u00e1 curtindo o festival ent\u00e3o d\u00e1 uma olhada em toda a programa\u00e7\u00e3o e arrume suas malas. Eu quero muito irrrrrrrrrrrrrrrrr&#8230;&#8230;<\/span><\/p>\n<p style=\"text-align: justify;\"><span style=\"color: #000000;\"><strong>Quinta, 12 setembro<\/strong><\/span><\/p>\n<p style=\"text-align: justify;\"><span style=\"color: #000000;\">Jantar de abertura no Capim Santo<\/span><\/p>\n<p><span style=\"color: #000000;\"><strong>Sexta,\u00a013 setembro<\/strong><\/span><\/p>\n<p style=\"text-align: justify;\"><span style=\"color: #000000;\">Caf\u00e9 da manh\u00e3 e aulas de culin\u00e1ria<br \/>\n<\/span><span style=\"color: #000000; font-size: 1rem;\">Casa Organic Festival<br \/>\n<\/span><span style=\"color: #000000; font-size: 1rem;\">Jantar &amp; M\u00fasica no UXUA\u00a0Quadrado<\/span><\/p>\n<p style=\"text-align: justify;\"><span style=\"color: #000000;\"><strong>S\u00e1bado, 14 setembro<\/strong><\/span><\/p>\n<p style=\"text-align: justify;\"><span style=\"color: #000000;\">Almo\u00e7o, Praia &amp; M\u00fasica na Praia das Tartarugas<br \/>\n<\/span><span style=\"color: #000000; font-size: 1rem;\">Piquenique no Quadrado<br \/>\n<\/span><span style=\"color: #000000; font-size: 1rem;\">Banquete dos Chefs com aulas e m\u00fasica ac\u00fastica<br \/>\n<\/span><span style=\"color: #000000;\">Casa Organic Festival<br \/>\n<\/span><span style=\"color: #000000;\">Jantar &amp; Vinhos no UXUA\u00a0Quadrado<\/span><\/p>\n<p><span style=\"color: #000000;\"><strong>Domingo,\u00a015 setembro<\/strong><\/span><\/p>\n<p><span style=\"color: #000000;\"> Despedida na Casa Organic Festival<br \/>\n<\/span><em style=\"color: #000000; font-size: 1rem;\">Brunch por Danielle Dahoui no Santo Caf\u00e9<br \/>\n<\/em><span style=\"color: #000000;\">Inaugura\u00e7\u00e3o da horta com a Associa\u00e7\u00e3o Despertar<br \/>\n<\/span><span style=\"color: #000000;\">Luau na UXUA\u00a0Praia<br \/>\n<\/span><span style=\"color: #000000; font-size: 1rem;\">Pocket Show da C\u00e9u<\/span><\/p>\n<iframe src=\"http:\/\/www.facebook.com\/plugins\/like.php?href=https:\/\/www.girosgourmet.com.br\/index.php\/trancoso-sediara-a-segunda-edicao-do-organic-festival\/&amp;layout=standard&amp;show_faces=1&amp;width=450&amp;action=like&amp;colorscheme=light&amp;font=\" scrolling=\"no\" frameborder=\"0\" style=\"border:none; overflow:hidden; width:450px; height:60px\"><\/iframe>","protected":false},"excerpt":{"rendered":"<p>Trancoso foi a cidade escolhida para receber a segunda edi\u00e7\u00e3o do Organic Festival. Um evento para quem ama uma culin\u00e1ria saud\u00e1vel e anda preocupado com estes tempos de PL do Veneno. Uma boa oportunidade tamb\u00e9m, para discutir novas metodologias de produ\u00e7\u00e3o de alimentos sem agrot\u00f3xicos e tantos outros assuntos em [&hellip;]<\/p>\n","protected":false},"author":3,"featured_media":0,"comment_status":"open","ping_status":"closed","sticky":false,"template":"","format":"standard","meta":{"footnotes":""},"categories":[39,41],"tags":[220,2322,837,822,2321,1711,2320],"class_list":["post-9881","post","type-post","status-publish","format-standard","hentry","category-gastronomia","category-viagens","tag-bahia","tag-bela-gil","tag-capim-santo","tag-chef-morena-leite","tag-organic-festival","tag-organicos","tag-trancoso"],"_links":{"self":[{"href":"https:\/\/www.girosgourmet.com.br\/index.php\/wp-json\/wp\/v2\/posts\/9881","targetHints":{"allow":["GET"]}}],"collection":[{"href":"https:\/\/www.girosgourmet.com.br\/index.php\/wp-json\/wp\/v2\/posts"}],"about":[{"href":"https:\/\/www.girosgourmet.com.br\/index.php\/wp-json\/wp\/v2\/types\/post"}],"author":[{"embeddable":true,"href":"https:\/\/www.girosgourmet.com.br\/index.php\/wp-json\/wp\/v2\/users\/3"}],"replies":[{"embeddable":true,"href":"https:\/\/www.girosgourmet.com.br\/index.php\/wp-json\/wp\/v2\/comments?post=9881"}],"version-history":[{"count":3,"href":"https:\/\/www.girosgourmet.com.br\/index.php\/wp-json\/wp\/v2\/posts\/9881\/revisions"}],"predecessor-version":[{"id":9886,"href":"https:\/\/www.girosgourmet.com.br\/index.php\/wp-json\/wp\/v2\/posts\/9881\/revisions\/9886"}],"wp:attachment":[{"href":"https:\/\/www.girosgourmet.com.br\/index.php\/wp-json\/wp\/v2\/media?parent=9881"}],"wp:term":[{"taxonomy":"category","embeddable":true,"href":"https:\/\/www.girosgourmet.com.br\/index.php\/wp-json\/wp\/v2\/categories?post=9881"},{"taxonomy":"post_tag","embeddable":true,"href":"https:\/\/www.girosgourmet.com.br\/index.php\/wp-json\/wp\/v2\/tags?post=9881"}],"curies":[{"name":"wp","href":"https:\/\/api.w.org\/{rel}","templated":true}]}}