{"id":9471,"date":"2019-02-05T11:41:35","date_gmt":"2019-02-05T14:41:35","guid":{"rendered":"http:\/\/www.girosgourmet.com.br\/?p=9471"},"modified":"2019-02-05T11:41:35","modified_gmt":"2019-02-05T14:41:35","slug":"sofitel-ipanema-sombra-e-agua-fresca","status":"publish","type":"post","link":"https:\/\/www.girosgourmet.com.br\/index.php\/sofitel-ipanema-sombra-e-agua-fresca\/","title":{"rendered":"Sofitel Ipanema &#8211; Sombra e \u00e1gua Fresca"},"content":{"rendered":"<p><img loading=\"lazy\" decoding=\"async\" class=\"aligncenter size-full wp-image-9472\" src=\"http:\/\/www.girosgourmet.com.br\/wp-content\/uploads\/2019\/02\/Sofitel-Ipanema-23-Ocean-Lounge-Ambiente-Cr\u00e9dito-Divulga\u00e7\u00e3o.jpg\" alt=\"\" width=\"3543\" height=\"2362\" srcset=\"https:\/\/www.girosgourmet.com.br\/wp-content\/uploads\/2019\/02\/Sofitel-Ipanema-23-Ocean-Lounge-Ambiente-Cr\u00e9dito-Divulga\u00e7\u00e3o.jpg 3543w, https:\/\/www.girosgourmet.com.br\/wp-content\/uploads\/2019\/02\/Sofitel-Ipanema-23-Ocean-Lounge-Ambiente-Cr\u00e9dito-Divulga\u00e7\u00e3o-300x200.jpg 300w, https:\/\/www.girosgourmet.com.br\/wp-content\/uploads\/2019\/02\/Sofitel-Ipanema-23-Ocean-Lounge-Ambiente-Cr\u00e9dito-Divulga\u00e7\u00e3o-768x512.jpg 768w, https:\/\/www.girosgourmet.com.br\/wp-content\/uploads\/2019\/02\/Sofitel-Ipanema-23-Ocean-Lounge-Ambiente-Cr\u00e9dito-Divulga\u00e7\u00e3o-1024x683.jpg 1024w\" sizes=\"auto, (max-width: 3543px) 100vw, 3543px\" \/><\/p>\n<p style=\"text-align: justify;\">Estivemos conhecendo o <strong>Sofitel de Ipanema<\/strong>, no <strong>Rio de Janeiro<\/strong>, e foi um final de semana incr\u00edvel. Assim que voc\u00ea entrar em um hotel do <strong>Grupo Sofitel<\/strong> voc\u00ea inegavelmente vai se deparar com o <em>cr\u00e8me de la cr\u00e8me<\/em> da hotelaria francesa, e aqui a eleg\u00e2ncia g\u00e1lica sabe dialogar com a cultura despojada e colorida do carioca.<\/p>\n<p style=\"text-align: justify;\">Toda a recep\u00e7\u00e3o \u00e9 muito delicada, temos a n\u00edtida sensa\u00e7\u00e3o de acolhimento, o que se tratando de hotelaria \u00e9 um b\u00e1lsamo para nosso corpo, que inconscientemente busca conforto e sensa\u00e7\u00f5es sensoriais que n\u00e3o encontramos em outras experi\u00eancias.<\/p>\n<p><img loading=\"lazy\" decoding=\"async\" class=\"aligncenter size-full wp-image-9474\" src=\"http:\/\/www.girosgourmet.com.br\/wp-content\/uploads\/2019\/02\/Sofitel-Ipanema-Su\u00edte-Presidencial-Cr\u00e9dito-Tiago-de-Paula-4.jpg\" alt=\"\" width=\"2000\" height=\"1335\" srcset=\"https:\/\/www.girosgourmet.com.br\/wp-content\/uploads\/2019\/02\/Sofitel-Ipanema-Su\u00edte-Presidencial-Cr\u00e9dito-Tiago-de-Paula-4.jpg 2000w, https:\/\/www.girosgourmet.com.br\/wp-content\/uploads\/2019\/02\/Sofitel-Ipanema-Su\u00edte-Presidencial-Cr\u00e9dito-Tiago-de-Paula-4-300x200.jpg 300w, https:\/\/www.girosgourmet.com.br\/wp-content\/uploads\/2019\/02\/Sofitel-Ipanema-Su\u00edte-Presidencial-Cr\u00e9dito-Tiago-de-Paula-4-768x513.jpg 768w, https:\/\/www.girosgourmet.com.br\/wp-content\/uploads\/2019\/02\/Sofitel-Ipanema-Su\u00edte-Presidencial-Cr\u00e9dito-Tiago-de-Paula-4-1024x684.jpg 1024w\" sizes=\"auto, (max-width: 2000px) 100vw, 2000px\" \/><\/p>\n<p style=\"text-align: justify;\">Primeira considera\u00e7\u00e3o \u00e9 que voc\u00ea estar\u00e1 hospedado a beira-mar, o que para mim j\u00e1 \u00e9 um convite especial para se experimentar o melhor da Cidade Maravilhosa. O Hotel tem quartos com vistas deslumbrantes, para mim, as melhores do Rio de Janeiro: as praias do <strong>Arpoador, Ipanema e Leblon<\/strong> e o <strong>Morro Dois Irm\u00e3os<\/strong>. Estas combina\u00e7\u00f5es paradis\u00edacas te fazem querer ficar mais em seus aposentos. Se voc\u00ea quer menos agito externo e momentos introspectivos uma destas su\u00edtes ser\u00e1 o cen\u00e1rio perfeito. Os quartos t\u00eam estilo cl\u00e1ssico com m\u00f3veis contempor\u00e2neos. As comodidades incluem quartos acess\u00edveis, Wi-Fi gr\u00e1tis, TVs de LED, escrivaninhas, frigobares e cofres no quarto. E quando voc\u00ea chega, dependendo da hora, um mimo do hotel estar\u00e1 lhe aguardando!<\/p>\n<p><img loading=\"lazy\" decoding=\"async\" class=\"aligncenter size-full wp-image-9475\" src=\"http:\/\/www.girosgourmet.com.br\/wp-content\/uploads\/2019\/02\/Sofitel-Rio-de-Janeiro-Ipanema_23-Ocean-Lounge-4.jpg\" alt=\"\" width=\"2550\" height=\"1700\" srcset=\"https:\/\/www.girosgourmet.com.br\/wp-content\/uploads\/2019\/02\/Sofitel-Rio-de-Janeiro-Ipanema_23-Ocean-Lounge-4.jpg 2550w, https:\/\/www.girosgourmet.com.br\/wp-content\/uploads\/2019\/02\/Sofitel-Rio-de-Janeiro-Ipanema_23-Ocean-Lounge-4-300x200.jpg 300w, https:\/\/www.girosgourmet.com.br\/wp-content\/uploads\/2019\/02\/Sofitel-Rio-de-Janeiro-Ipanema_23-Ocean-Lounge-4-768x512.jpg 768w, https:\/\/www.girosgourmet.com.br\/wp-content\/uploads\/2019\/02\/Sofitel-Rio-de-Janeiro-Ipanema_23-Ocean-Lounge-4-1024x683.jpg 1024w\" sizes=\"auto, (max-width: 2550px) 100vw, 2550px\" \/><\/p>\n<p style=\"text-align: justify;\">A cobertura do hotel \u00e9 outro lugar que eu n\u00e3o me cansava de aparecer, al\u00e9m de uma piscina gostosa para se refrescar, voc\u00ea tamb\u00e9m encontrar\u00e1 por l\u00e1 o centro de bem-estar completo e servi\u00e7os de spa, que n\u00e3o devem ser dispensados.<\/p>\n<p><img loading=\"lazy\" decoding=\"async\" class=\"aligncenter size-full wp-image-9479\" src=\"http:\/\/www.girosgourmet.com.br\/wp-content\/uploads\/2019\/02\/Sofitel-Ipanema-Spa-52.jpg\" alt=\"\" width=\"4898\" height=\"3265\" srcset=\"https:\/\/www.girosgourmet.com.br\/wp-content\/uploads\/2019\/02\/Sofitel-Ipanema-Spa-52.jpg 4898w, https:\/\/www.girosgourmet.com.br\/wp-content\/uploads\/2019\/02\/Sofitel-Ipanema-Spa-52-300x200.jpg 300w, https:\/\/www.girosgourmet.com.br\/wp-content\/uploads\/2019\/02\/Sofitel-Ipanema-Spa-52-768x512.jpg 768w, https:\/\/www.girosgourmet.com.br\/wp-content\/uploads\/2019\/02\/Sofitel-Ipanema-Spa-52-1024x683.jpg 1024w\" sizes=\"auto, (max-width: 4898px) 100vw, 4898px\" \/><\/p>\n<p style=\"text-align: justify;\">O restaurante <strong>Galani<\/strong>, no segundo andar, tem um vitral que d\u00e1 vista para o mar, e \u00e9 ali que \u00e9 oferecido o caf\u00e9 da manh\u00e3, e que breakfest! Tudo fresquinho, tudo do melhor e mais um pouco! Uma dica: n\u00e3o dispense os <em><strong>ovos Benedict<\/strong> e o <strong>pain au chocolat<\/strong><\/em>. Mas se a ideia \u00e9 um cafezinho r\u00e1pido, no sagu\u00e3o voc\u00ea encontrar\u00e1 o moderno bar <strong>The Caja Caf\u00e9<\/strong>, com algumas guloseimas francesas de cair o queixo.<\/p>\n<p><img loading=\"lazy\" decoding=\"async\" class=\"aligncenter size-full wp-image-9476\" src=\"http:\/\/www.girosgourmet.com.br\/wp-content\/uploads\/2019\/02\/Sofitel-Ipanema-Galani-Caf\u00e9-da-Manh\u00e3-Cr\u00e9dito-Tiago-de-Paula-Carvalho-4.jpg\" alt=\"\" width=\"4000\" height=\"3576\" srcset=\"https:\/\/www.girosgourmet.com.br\/wp-content\/uploads\/2019\/02\/Sofitel-Ipanema-Galani-Caf\u00e9-da-Manh\u00e3-Cr\u00e9dito-Tiago-de-Paula-Carvalho-4.jpg 4000w, https:\/\/www.girosgourmet.com.br\/wp-content\/uploads\/2019\/02\/Sofitel-Ipanema-Galani-Caf\u00e9-da-Manh\u00e3-Cr\u00e9dito-Tiago-de-Paula-Carvalho-4-300x268.jpg 300w, https:\/\/www.girosgourmet.com.br\/wp-content\/uploads\/2019\/02\/Sofitel-Ipanema-Galani-Caf\u00e9-da-Manh\u00e3-Cr\u00e9dito-Tiago-de-Paula-Carvalho-4-768x687.jpg 768w, https:\/\/www.girosgourmet.com.br\/wp-content\/uploads\/2019\/02\/Sofitel-Ipanema-Galani-Caf\u00e9-da-Manh\u00e3-Cr\u00e9dito-Tiago-de-Paula-Carvalho-4-1024x915.jpg 1024w\" sizes=\"auto, (max-width: 4000px) 100vw, 4000px\" \/><\/p>\n<p style=\"text-align: justify;\">Eu n\u00e3o dispensaria uma experi\u00eancia durante o almo\u00e7o, mesmo que voc\u00ea n\u00e3o esteja hospedada por ali. O <strong>23 Ocean Lounge<\/strong> oferece aos s\u00e1bados o Rooftop BBQ com uma deslumbrante vista para o mar. Tudo preparado em uma churrasqueira especialmente instalada no restaurante de onde sai o menu assinado pelo chef franc\u00eas <strong>J\u00e9r\u00f4me Dardillac<\/strong>: peixes, camar\u00e3o e polvo direto da brasa. Um espet\u00e1culo!<\/p>\n<p><img loading=\"lazy\" decoding=\"async\" class=\"aligncenter size-full wp-image-9478\" src=\"http:\/\/www.girosgourmet.com.br\/wp-content\/uploads\/2019\/02\/Sofitel-Ipanema-Rooftop-BBQ-do-mar-Divulga\u00e7\u00e3o-8-imprensa.jpg\" alt=\"\" width=\"2500\" height=\"1703\" srcset=\"https:\/\/www.girosgourmet.com.br\/wp-content\/uploads\/2019\/02\/Sofitel-Ipanema-Rooftop-BBQ-do-mar-Divulga\u00e7\u00e3o-8-imprensa.jpg 2500w, https:\/\/www.girosgourmet.com.br\/wp-content\/uploads\/2019\/02\/Sofitel-Ipanema-Rooftop-BBQ-do-mar-Divulga\u00e7\u00e3o-8-imprensa-300x204.jpg 300w, https:\/\/www.girosgourmet.com.br\/wp-content\/uploads\/2019\/02\/Sofitel-Ipanema-Rooftop-BBQ-do-mar-Divulga\u00e7\u00e3o-8-imprensa-768x523.jpg 768w, https:\/\/www.girosgourmet.com.br\/wp-content\/uploads\/2019\/02\/Sofitel-Ipanema-Rooftop-BBQ-do-mar-Divulga\u00e7\u00e3o-8-imprensa-1024x698.jpg 1024w\" sizes=\"auto, (max-width: 2500px) 100vw, 2500px\" \/><\/p>\n<p style=\"text-align: justify;\">Sua estadia aqui ser\u00e1 de dias lindos, gentis e prazerosos. Vale ressaltar que todo o servi\u00e7o foi durante a nossa estadia, sempre silencioso e extremamente prestativo, fazendo com que os dias transcorressem sem incidentes, resolvendo qualquer quest\u00e3o e nos deixando \u00e0 vontade com simpatia e gentileza. Aqui todos t\u00eam uma \u00fanica inten\u00e7\u00e3o, fazer com que todos os h\u00f3spedes se sintam em casa \u00e0 beira-mar. Amei e quero voltar!<\/p>\n<p><strong><u>Servi\u00e7o<\/u><\/strong><\/p>\n<p>Sofitel Rio de Janeiro Ipanema<br \/>\n<a href=\"https:\/\/www.google.com.br\/search?safe=active&amp;q=galani+endere%C3%A7o&amp;stick=H4sIAAAAAAAAAOPgE-LWT9c3rDAtLIkvyNKSzU620s_JT04syczPgzOsElNSilKLiwEg0ooPLgAAAA&amp;sa=X&amp;ved=0ahUKEwiXn7PAgenVAhWBIJAKHbszBloQ6BMIowEwFA\">Endere\u00e7o<\/a>:\u00a0Av. Vieira Souto, 460 \u2013 Ipanema \u2013 Rio de Janeiro \u2013 RJ<br \/>\n<span style=\"font-size: 1rem;\">Contato: <\/span><span style=\"font-size: 1rem;\">(21) 2525-2525<br \/>\nDi\u00e1ria:\u00a0<\/span><span style=\"font-family: verdana, sans-serif; font-size: 1rem;\">A partir de RS 755 + 5% sem caf\u00e9 em apto superior<\/span><\/p>\n<p>&nbsp;<\/p>\n<iframe src=\"http:\/\/www.facebook.com\/plugins\/like.php?href=https:\/\/www.girosgourmet.com.br\/index.php\/sofitel-ipanema-sombra-e-agua-fresca\/&amp;layout=standard&amp;show_faces=1&amp;width=450&amp;action=like&amp;colorscheme=light&amp;font=\" scrolling=\"no\" frameborder=\"0\" style=\"border:none; overflow:hidden; width:450px; height:60px\"><\/iframe>","protected":false},"excerpt":{"rendered":"<p>Estivemos conhecendo o Sofitel de Ipanema, no Rio de Janeiro, e foi um final de semana incr\u00edvel. Assim que voc\u00ea entrar em um hotel do Grupo Sofitel voc\u00ea inegavelmente vai se deparar com o cr\u00e8me de la cr\u00e8me da hotelaria francesa, e aqui a eleg\u00e2ncia g\u00e1lica sabe dialogar com a [&hellip;]<\/p>\n","protected":false},"author":3,"featured_media":0,"comment_status":"open","ping_status":"closed","sticky":false,"template":"","format":"standard","meta":{"footnotes":""},"categories":[1703,41],"tags":[2212,2147,1993,111,2213],"class_list":["post-9471","post","type-post","status-publish","format-standard","hentry","category-fique-aqui","category-viagens","tag-grupo-sofitel","tag-ipanema","tag-leblon","tag-rio-de-janeiro","tag-sofitel-ipanema"],"_links":{"self":[{"href":"https:\/\/www.girosgourmet.com.br\/index.php\/wp-json\/wp\/v2\/posts\/9471","targetHints":{"allow":["GET"]}}],"collection":[{"href":"https:\/\/www.girosgourmet.com.br\/index.php\/wp-json\/wp\/v2\/posts"}],"about":[{"href":"https:\/\/www.girosgourmet.com.br\/index.php\/wp-json\/wp\/v2\/types\/post"}],"author":[{"embeddable":true,"href":"https:\/\/www.girosgourmet.com.br\/index.php\/wp-json\/wp\/v2\/users\/3"}],"replies":[{"embeddable":true,"href":"https:\/\/www.girosgourmet.com.br\/index.php\/wp-json\/wp\/v2\/comments?post=9471"}],"version-history":[{"count":2,"href":"https:\/\/www.girosgourmet.com.br\/index.php\/wp-json\/wp\/v2\/posts\/9471\/revisions"}],"predecessor-version":[{"id":9481,"href":"https:\/\/www.girosgourmet.com.br\/index.php\/wp-json\/wp\/v2\/posts\/9471\/revisions\/9481"}],"wp:attachment":[{"href":"https:\/\/www.girosgourmet.com.br\/index.php\/wp-json\/wp\/v2\/media?parent=9471"}],"wp:term":[{"taxonomy":"category","embeddable":true,"href":"https:\/\/www.girosgourmet.com.br\/index.php\/wp-json\/wp\/v2\/categories?post=9471"},{"taxonomy":"post_tag","embeddable":true,"href":"https:\/\/www.girosgourmet.com.br\/index.php\/wp-json\/wp\/v2\/tags?post=9471"}],"curies":[{"name":"wp","href":"https:\/\/api.w.org\/{rel}","templated":true}]}}