{"id":9403,"date":"2019-01-07T20:40:06","date_gmt":"2019-01-07T23:40:06","guid":{"rendered":"http:\/\/www.girosgourmet.com.br\/?p=9403"},"modified":"2019-01-08T18:03:42","modified_gmt":"2019-01-08T21:03:42","slug":"festival-de-frutos-do-mar-acontece-no-verao-da-osteria-del-pettirosso","status":"publish","type":"post","link":"https:\/\/www.girosgourmet.com.br\/index.php\/festival-de-frutos-do-mar-acontece-no-verao-da-osteria-del-pettirosso\/","title":{"rendered":"Festival de Frutos do Mar acontece no ver\u00e3o da Osteria del Pettirosso"},"content":{"rendered":"<p><img loading=\"lazy\" decoding=\"async\" class=\"size-full wp-image-9404\" src=\"http:\/\/www.girosgourmet.com.br\/wp-content\/uploads\/2019\/01\/Nuovo-baccala-alla-romana-2.jpg\" alt=\"\" width=\"5046\" height=\"3398\" srcset=\"https:\/\/www.girosgourmet.com.br\/wp-content\/uploads\/2019\/01\/Nuovo-baccala-alla-romana-2.jpg 5046w, https:\/\/www.girosgourmet.com.br\/wp-content\/uploads\/2019\/01\/Nuovo-baccala-alla-romana-2-300x202.jpg 300w, https:\/\/www.girosgourmet.com.br\/wp-content\/uploads\/2019\/01\/Nuovo-baccala-alla-romana-2-768x517.jpg 768w, https:\/\/www.girosgourmet.com.br\/wp-content\/uploads\/2019\/01\/Nuovo-baccala-alla-romana-2-1024x690.jpg 1024w\" sizes=\"auto, (max-width: 5046px) 100vw, 5046px\" \/><\/p>\n<p style=\"text-align: justify;\"><span style=\"color: #000000;\">Eba a Giros voltou de f\u00e9rias, mas o assunto <strong>f\u00e9rias<\/strong> vai continuar sendo um dos temas abordados neste m\u00eas de janeiro de forma bem intensa, porque afinal de contas a gente tamb\u00e9m quer sombra e \u00e1gua fresca para os dias quentes da Capital Paulista. Se liga nas nossas dicas de ver\u00e3o que j\u00e1 come\u00e7a hoje com uma novidade apetitosa.<\/span><\/p>\n<p style=\"text-align: justify;\"><span style=\"color: #000000;\">O <strong>chef Marco Renzetti<\/strong> comanda a partir desta sexta-feira (11) a quinta edi\u00e7\u00e3o do Festival do Mar\u00a0 que vai rolar at\u00e9 10 de fevereiro, na sua <strong>Osteria del Pettirosso<\/strong>, nos Jardins.<\/span><\/p>\n<p style=\"text-align: justify;\"><span style=\"color: #000000;\">O menu servido durante os jantares de ter\u00e7a a s\u00e1bado e almo\u00e7os de fim de semana, incluir\u00e1 uma super entrada, primeiro e segundo prato por R$130 (que podem tamb\u00e9m serem pedidos individualmente).<\/span><\/p>\n<p><img loading=\"lazy\" decoding=\"async\" class=\"wp-image-9405 size-large\" src=\"http:\/\/www.girosgourmet.com.br\/wp-content\/uploads\/2019\/01\/Risoto-de-frutos-do-mar-2-690x1024.jpg\" alt=\"\" width=\"525\" height=\"779\" srcset=\"https:\/\/www.girosgourmet.com.br\/wp-content\/uploads\/2019\/01\/Risoto-de-frutos-do-mar-2-690x1024.jpg 690w, https:\/\/www.girosgourmet.com.br\/wp-content\/uploads\/2019\/01\/Risoto-de-frutos-do-mar-2-202x300.jpg 202w, https:\/\/www.girosgourmet.com.br\/wp-content\/uploads\/2019\/01\/Risoto-de-frutos-do-mar-2-768x1140.jpg 768w\" sizes=\"auto, (max-width: 525px) 100vw, 525px\" \/><\/p>\n<p style=\"text-align: justify;\"><span style=\"color: #000000;\">O intuito de chef com esse festival \u00e9 aproximar as pessoas da culin\u00e1ria mediterr\u00e2nea com frutos do mar e peixes n\u00e3o congelados, tempero mais leve e cozimento preciso.<\/span><\/p>\n<p style=\"text-align: justify;\"><span style=\"color: #000000;\">Confira o menu maravilhoso desta edi\u00e7\u00e3o:<\/span><\/p>\n<p style=\"text-align: justify;\"><span style=\"color: #000000;\"><strong>Entradas<\/strong><\/span><\/p>\n<p style=\"text-align: justify;\"><span style=\"color: #000000;\">Crudo de lagostim e ouri\u00e7o de mar R$ 69<\/span><br \/>\n<span style=\"color: #000000;\"> Pepata di cozze (mexilh\u00f5es abertos no vapor com pimenta e lim\u00e3o siciliano) R$ 50<\/span><br \/>\n<span style=\"color: #000000;\"> Gamberi alla diavola (camar\u00f5es rosa pequenos, alho, azeite e pimenta malagueta) R$69<\/span><\/p>\n<p style=\"text-align: justify;\"><span style=\"color: #000000;\"><strong>Primi piatti<\/strong><\/span><\/p>\n<p style=\"text-align: justify;\"><span style=\"color: #000000;\">Spaghetti com ouri\u00e7o de mar R$ 49<\/span><br \/>\n<span style=\"color: #000000;\"> Linguine alla messinese (ao molho de meca, tomate, azeitonas verdes e alcaparras) R$ 39<\/span><br \/>\n<span style=\"color: #000000;\"> Conchiglie cozze e fagioli (massa fresca ao molho de feij\u00e3o branco \u00e9 mexilh\u00e3o) R$ 39<\/span><br \/>\n<span style=\"color: #000000;\"> Risotto ai frutti di mare R$ 59 (Foto)<\/span><\/p>\n<p style=\"text-align: justify;\"><span style=\"color: #000000;\"><strong>Secondi piatti<\/strong><\/span><\/p>\n<p style=\"text-align: justify;\"><span style=\"color: #000000;\">Gamberoni aglio e zafferano (camar\u00e3o rosa ao alho e a\u00e7afr\u00e3o) R$ 79<\/span><br \/>\n<span style=\"color: #000000;\"> Pesce piselli e lardo (peixe assado, com ervilhas refogadas no lardo) R$ 59<\/span><br \/>\n<span style=\"color: #000000;\"> Baccal\u00e1 alla romana\u00a0 (ao molho de tomate, cebola e sals\u00e3o) R$ 59<\/span><\/p>\n<p style=\"text-align: justify;\"><span style=\"color: #000000;\">Ficou curioso em vivenciar este festival? Ent\u00e3o comece o ano com o p\u00e9 direito nas maravilhas da gastronomia italiana do chef Marco Renzetti e vamos com tudo em 2019!<\/span><\/p>\n<p>&nbsp;<\/p>\n<p style=\"text-align: justify;\"><span style=\"color: #000000;\"><strong>Servi\u00e7o<\/strong><\/span><\/p>\n<p style=\"text-align: justify;\"><span style=\"color: #000000;\">OSTERIA del PETTIROSSO- Al. Lorena, 2155, tel.3062-5338\/3062-4531. 65 lugares. N\u00e3o possui acesso para deficientes f\u00edsicos. Cart\u00f5es de cr\u00e9dito e d\u00e9bito: AMERICA N EXPRESS, VISA e MASTERCARD. Ar condicionado. Estacionamento com manobrista R$20. Hor\u00e1rio de funcionamento (incluindo feriados): ter\u00e7a e sexta no almo\u00e7o de 12 a 15&#8242; no jantar de ter\u00e7a a quinta ate as 23:00, no jantar de sexta e s\u00e1bado ate as 23:30. No almo\u00e7o de s\u00e1bado, domingo e feriados das 12 as 16:30.<\/span><\/p>\n<p>&nbsp;<\/p>\n<iframe src=\"http:\/\/www.facebook.com\/plugins\/like.php?href=https:\/\/www.girosgourmet.com.br\/index.php\/festival-de-frutos-do-mar-acontece-no-verao-da-osteria-del-pettirosso\/&amp;layout=standard&amp;show_faces=1&amp;width=450&amp;action=like&amp;colorscheme=light&amp;font=\" scrolling=\"no\" frameborder=\"0\" style=\"border:none; overflow:hidden; width:450px; height:60px\"><\/iframe>","protected":false},"excerpt":{"rendered":"<p>Eba a Giros voltou de f\u00e9rias, mas o assunto f\u00e9rias vai continuar sendo um dos temas abordados neste m\u00eas de janeiro de forma bem intensa, porque afinal de contas a gente tamb\u00e9m quer sombra e \u00e1gua fresca para os dias quentes da Capital Paulista. Se liga nas nossas dicas de [&hellip;]<\/p>\n","protected":false},"author":3,"featured_media":0,"comment_status":"open","ping_status":"closed","sticky":false,"template":"","format":"standard","meta":{"footnotes":""},"categories":[39],"tags":[167,1641,396,2197],"class_list":["post-9403","post","type-post","status-publish","format-standard","hentry","category-gastronomia","tag-ferias","tag-gastronomia-italiana","tag-janeiro","tag-osteria-del-pettirosso"],"_links":{"self":[{"href":"https:\/\/www.girosgourmet.com.br\/index.php\/wp-json\/wp\/v2\/posts\/9403","targetHints":{"allow":["GET"]}}],"collection":[{"href":"https:\/\/www.girosgourmet.com.br\/index.php\/wp-json\/wp\/v2\/posts"}],"about":[{"href":"https:\/\/www.girosgourmet.com.br\/index.php\/wp-json\/wp\/v2\/types\/post"}],"author":[{"embeddable":true,"href":"https:\/\/www.girosgourmet.com.br\/index.php\/wp-json\/wp\/v2\/users\/3"}],"replies":[{"embeddable":true,"href":"https:\/\/www.girosgourmet.com.br\/index.php\/wp-json\/wp\/v2\/comments?post=9403"}],"version-history":[{"count":3,"href":"https:\/\/www.girosgourmet.com.br\/index.php\/wp-json\/wp\/v2\/posts\/9403\/revisions"}],"predecessor-version":[{"id":9422,"href":"https:\/\/www.girosgourmet.com.br\/index.php\/wp-json\/wp\/v2\/posts\/9403\/revisions\/9422"}],"wp:attachment":[{"href":"https:\/\/www.girosgourmet.com.br\/index.php\/wp-json\/wp\/v2\/media?parent=9403"}],"wp:term":[{"taxonomy":"category","embeddable":true,"href":"https:\/\/www.girosgourmet.com.br\/index.php\/wp-json\/wp\/v2\/categories?post=9403"},{"taxonomy":"post_tag","embeddable":true,"href":"https:\/\/www.girosgourmet.com.br\/index.php\/wp-json\/wp\/v2\/tags?post=9403"}],"curies":[{"name":"wp","href":"https:\/\/api.w.org\/{rel}","templated":true}]}}