{"id":9333,"date":"2018-11-07T15:07:44","date_gmt":"2018-11-07T18:07:44","guid":{"rendered":"http:\/\/www.girosgourmet.com.br\/?p=9333"},"modified":"2018-11-07T15:07:44","modified_gmt":"2018-11-07T18:07:44","slug":"porque-ir-ao-prazeres-da-mesa-2018","status":"publish","type":"post","link":"https:\/\/www.girosgourmet.com.br\/index.php\/porque-ir-ao-prazeres-da-mesa-2018\/","title":{"rendered":"Porque ir ao Prazeres da Mesa 2018?"},"content":{"rendered":"<p style=\"text-align: center;\"><img loading=\"lazy\" decoding=\"async\" class=\"aligncenter size-full wp-image-9339\" src=\"http:\/\/www.girosgourmet.com.br\/wp-content\/uploads\/2018\/11\/NOVO_logo_PDM20171.jpg\" alt=\"\" width=\"1000\" height=\"289\" srcset=\"https:\/\/www.girosgourmet.com.br\/wp-content\/uploads\/2018\/11\/NOVO_logo_PDM20171.jpg 1000w, https:\/\/www.girosgourmet.com.br\/wp-content\/uploads\/2018\/11\/NOVO_logo_PDM20171-300x87.jpg 300w, https:\/\/www.girosgourmet.com.br\/wp-content\/uploads\/2018\/11\/NOVO_logo_PDM20171-768x222.jpg 768w\" sizes=\"auto, (max-width: 1000px) 100vw, 1000px\" \/><\/p>\n<p style=\"text-align: justify;\">E no pr\u00f3ximo final de semana (9 a 11), um dos eventos gastron\u00f4micos mais relevantes da <strong>Am\u00e9rica Latina<\/strong> vai acontecer e o melhor?! Estar\u00e1 ao alcance de todos que est\u00e3o afins de novas e inesquec\u00edveis experi\u00eancias palatinas.<\/p>\n<p>Te darei alguns motivos para n\u00e3o perder o \u00a0<strong>Prazeres da Mesa<\/strong> deste ano:<\/p>\n<p style=\"text-align: justify;\">A melhor chef Mulher da Am\u00e9rica Latina vai estar l\u00e1, <strong>Pia L\u00e9on<\/strong>, do restaurante <strong>Central<\/strong>, localizado em Lima, no Peru.<\/p>\n<p><img loading=\"lazy\" decoding=\"async\" class=\"aligncenter size-full wp-image-9334\" src=\"http:\/\/www.girosgourmet.com.br\/wp-content\/uploads\/2018\/11\/pia.jpg\" alt=\"\" width=\"1054\" height=\"1142\" srcset=\"https:\/\/www.girosgourmet.com.br\/wp-content\/uploads\/2018\/11\/pia.jpg 1054w, https:\/\/www.girosgourmet.com.br\/wp-content\/uploads\/2018\/11\/pia-277x300.jpg 277w, https:\/\/www.girosgourmet.com.br\/wp-content\/uploads\/2018\/11\/pia-768x832.jpg 768w, https:\/\/www.girosgourmet.com.br\/wp-content\/uploads\/2018\/11\/pia-945x1024.jpg 945w\" sizes=\"auto, (max-width: 1054px) 100vw, 1054px\" \/><\/p>\n<p>Vai ter aulinha com o nosso querid\u00edssimo <strong>chef Alex Atala<\/strong> e se voc\u00ea tiver uma puta sorte ainda consegue uma selfie com ele!<\/p>\n<p style=\"text-align: justify;\">Grandes confeiteiros brasileiros estar\u00e3o no <strong>Doce Mesa<\/strong>, um deles ser\u00e1 meu amigo <strong>Lucas Corazza<\/strong>, que revelar\u00e1 algumas de suas cria\u00e7\u00f5es, onde todo mundo com certeza ficar\u00e1 babando! Por l\u00e1 tamb\u00e9m vai aparecer sua parceira do programa Que Seja Doce, a <strong>Carole Crema<\/strong>.<\/p>\n<p style=\"text-align: center;\"><img loading=\"lazy\" decoding=\"async\" class=\"aligncenter size-full wp-image-9335\" src=\"http:\/\/www.girosgourmet.com.br\/wp-content\/uploads\/2018\/11\/lucas-corazza-chef-divulgac3a7c3a3o-2-748x410.jpg\" alt=\"\" width=\"748\" height=\"410\" srcset=\"https:\/\/www.girosgourmet.com.br\/wp-content\/uploads\/2018\/11\/lucas-corazza-chef-divulgac3a7c3a3o-2-748x410.jpg 748w, https:\/\/www.girosgourmet.com.br\/wp-content\/uploads\/2018\/11\/lucas-corazza-chef-divulgac3a7c3a3o-2-748x410-300x164.jpg 300w\" sizes=\"auto, (max-width: 748px) 100vw, 748px\" \/><\/p>\n<p style=\"text-align: justify;\">A crian\u00e7ada ter\u00e1 um espa\u00e7o reservado no Mesa, ou seja, eles poder\u00e3o ter aulas com chefs, oficinas e palestras interativas. E toda esta programa\u00e7\u00e3o ser\u00e1 gratuita!<\/p>\n<p style=\"text-align: justify;\">Vai ter en\u00f3loga francesa na parada. A importadora brasileira <strong>Anima Vinum<\/strong>, a \u00fanica dedicada exclusivamente aos vinhos de pequenos produtores da Borgonha, trar\u00e1 a S\u00e3o Paulo a en\u00f3loga <strong>Agn\u00e8s Paquet<\/strong>, do vinhedo <strong>Domaine Paquet.<\/strong> Durante sua passagem por S\u00e3o Paulo, a en\u00f3loga far\u00e1 duas degusta\u00e7\u00f5es. A primeira ser\u00e1 no dia 6 de novembro, na unidade de Moema da Anima Vinum e custa 238 reais. A segunda ser\u00e1 no dia 8, na Casa Comit\u00ea a e custa 278 reais.<\/p>\n<p><img loading=\"lazy\" decoding=\"async\" class=\"size-full wp-image-9336\" src=\"http:\/\/www.girosgourmet.com.br\/wp-content\/uploads\/2018\/11\/agnes.jpg\" alt=\"\" width=\"1024\" height=\"681\" srcset=\"https:\/\/www.girosgourmet.com.br\/wp-content\/uploads\/2018\/11\/agnes.jpg 1024w, https:\/\/www.girosgourmet.com.br\/wp-content\/uploads\/2018\/11\/agnes-300x200.jpg 300w, https:\/\/www.girosgourmet.com.br\/wp-content\/uploads\/2018\/11\/agnes-768x511.jpg 768w\" sizes=\"auto, (max-width: 1024px) 100vw, 1024px\" \/><\/p>\n<p style=\"text-align: justify;\">Vai ter <strong>jantar Magno<\/strong> com um monte de chef legal, um deles ir\u00e1 rolar no Hotel de luxo Four Seasons S\u00e3o Paulo. No dia 7, os convidados ser\u00e3o recebidos com drinques de boas-vindas a partir das 20h. Na sequ\u00eancia, ser\u00e1 servido um jantar preparado a 10 m\u00e3os pelos chefs <strong>Juan Gaffuri<\/strong> (Four Seasons; Buenos Aires, Argentina), <strong>Marcia Garbin<\/strong> (Gelato Boutique; S\u00e3o Paulo, SP) <strong>Ivan Ralston<\/strong> (Tuju; S\u00e3o Paulo, SP), <strong>Paolo Lavezzini<\/strong> (Four Seasons; S\u00e3o Paulo, SP) e <strong>Thomas Troisgros<\/strong> (Olympe e T.T Burger; Rio de Janeiro, RJ) e harmonizado com vinhos da <strong>Concha y Toro<\/strong>.<\/p>\n<p style=\"text-align: center;\"><img loading=\"lazy\" decoding=\"async\" class=\"aligncenter size-full wp-image-9338\" src=\"http:\/\/www.girosgourmet.com.br\/wp-content\/uploads\/2018\/11\/magno.jpg\" alt=\"\" width=\"666\" height=\"501\" srcset=\"https:\/\/www.girosgourmet.com.br\/wp-content\/uploads\/2018\/11\/magno.jpg 666w, https:\/\/www.girosgourmet.com.br\/wp-content\/uploads\/2018\/11\/magno-300x226.jpg 300w\" sizes=\"auto, (max-width: 666px) 100vw, 666px\" \/><\/p>\n<p style=\"text-align: justify;\">Queridissimo vai ter muitaaaaaaaaaaaaa coisa bacana, d\u00e1 uma olhada na programa\u00e7\u00e3o completa, <a href=\"https:\/\/prazeresdamesa.uol.com.br\/\"><span style=\"color: #0000ff;\"><strong>clicando aqui!<\/strong><\/span><\/a><\/p>\n<p>A gente se v\u00ea por l\u00e1!<\/p>\n<p style=\"text-align: justify;\"><strong>Mesa S\u00e3o Paulo<\/strong><br \/>\nMemorial da Am\u00e9rica Latina, Av. Auro Soares de Moura Andrade, 664, Barra Funda, S\u00e3o Paulo, SP<\/p>\n<iframe src=\"http:\/\/www.facebook.com\/plugins\/like.php?href=https:\/\/www.girosgourmet.com.br\/index.php\/porque-ir-ao-prazeres-da-mesa-2018\/&amp;layout=standard&amp;show_faces=1&amp;width=450&amp;action=like&amp;colorscheme=light&amp;font=\" scrolling=\"no\" frameborder=\"0\" style=\"border:none; overflow:hidden; width:450px; height:60px\"><\/iframe>","protected":false},"excerpt":{"rendered":"<p>E no pr\u00f3ximo final de semana (9 a 11), um dos eventos gastron\u00f4micos mais relevantes da Am\u00e9rica Latina vai acontecer e o melhor?! Estar\u00e1 ao alcance de todos que est\u00e3o afins de novas e inesquec\u00edveis experi\u00eancias palatinas. Te darei alguns motivos para n\u00e3o perder o \u00a0Prazeres da Mesa deste ano: [&hellip;]<\/p>\n","protected":false},"author":3,"featured_media":0,"comment_status":"open","ping_status":"closed","sticky":false,"template":"","format":"standard","meta":{"footnotes":""},"categories":[39],"tags":[833,756,2179,2180,1357,1676,2178,2177],"class_list":["post-9333","post","type-post","status-publish","format-standard","hentry","category-gastronomia","tag-alex-atala","tag-concha-y-toro","tag-lima","tag-lucas-corazza","tag-memorial-da-america-latina","tag-peru","tag-pia-leon","tag-prazeres-da-mesa"],"_links":{"self":[{"href":"https:\/\/www.girosgourmet.com.br\/index.php\/wp-json\/wp\/v2\/posts\/9333","targetHints":{"allow":["GET"]}}],"collection":[{"href":"https:\/\/www.girosgourmet.com.br\/index.php\/wp-json\/wp\/v2\/posts"}],"about":[{"href":"https:\/\/www.girosgourmet.com.br\/index.php\/wp-json\/wp\/v2\/types\/post"}],"author":[{"embeddable":true,"href":"https:\/\/www.girosgourmet.com.br\/index.php\/wp-json\/wp\/v2\/users\/3"}],"replies":[{"embeddable":true,"href":"https:\/\/www.girosgourmet.com.br\/index.php\/wp-json\/wp\/v2\/comments?post=9333"}],"version-history":[{"count":2,"href":"https:\/\/www.girosgourmet.com.br\/index.php\/wp-json\/wp\/v2\/posts\/9333\/revisions"}],"predecessor-version":[{"id":9340,"href":"https:\/\/www.girosgourmet.com.br\/index.php\/wp-json\/wp\/v2\/posts\/9333\/revisions\/9340"}],"wp:attachment":[{"href":"https:\/\/www.girosgourmet.com.br\/index.php\/wp-json\/wp\/v2\/media?parent=9333"}],"wp:term":[{"taxonomy":"category","embeddable":true,"href":"https:\/\/www.girosgourmet.com.br\/index.php\/wp-json\/wp\/v2\/categories?post=9333"},{"taxonomy":"post_tag","embeddable":true,"href":"https:\/\/www.girosgourmet.com.br\/index.php\/wp-json\/wp\/v2\/tags?post=9333"}],"curies":[{"name":"wp","href":"https:\/\/api.w.org\/{rel}","templated":true}]}}