{"id":9112,"date":"2018-07-30T11:36:23","date_gmt":"2018-07-30T14:36:23","guid":{"rendered":"http:\/\/www.girosgourmet.com.br\/?p=9112"},"modified":"2018-07-30T12:43:47","modified_gmt":"2018-07-30T15:43:47","slug":"principal-festival-organico-em-sp-acontece-em-agosto","status":"publish","type":"post","link":"https:\/\/www.girosgourmet.com.br\/index.php\/principal-festival-organico-em-sp-acontece-em-agosto\/","title":{"rendered":"Principal Festival org\u00e2nico em S\u00e3o Paulo, acontece em agosto."},"content":{"rendered":"<p style=\"text-align: center;\"><img loading=\"lazy\" decoding=\"async\" class=\"aligncenter size-full wp-image-9113\" src=\"http:\/\/www.girosgourmet.com.br\/wp-content\/uploads\/2018\/07\/Festival-organico.jpg\" alt=\"\" width=\"1641\" height=\"849\" srcset=\"https:\/\/www.girosgourmet.com.br\/wp-content\/uploads\/2018\/07\/Festival-organico.jpg 1641w, https:\/\/www.girosgourmet.com.br\/wp-content\/uploads\/2018\/07\/Festival-organico-300x155.jpg 300w, https:\/\/www.girosgourmet.com.br\/wp-content\/uploads\/2018\/07\/Festival-organico-768x397.jpg 768w, https:\/\/www.girosgourmet.com.br\/wp-content\/uploads\/2018\/07\/Festival-organico-1024x530.jpg 1024w\" sizes=\"auto, (max-width: 1641px) 100vw, 1641px\" \/><\/p>\n<p style=\"text-align: justify;\">E o universo org\u00e2nico a cada dia que passa vai se espalhando pelos 4 cantos mundo, ganhando muitos adeptos todos os dias, que desejam uma qualidade aliment\u00edcia melhor para a sua vida. Pensando nisso a chef <strong>Leia D<\/strong>, criou j\u00e1 alguns anos o primeiro festival gastron\u00f4mico do setor, o <strong>Festival de Gastronomia Org\u00e2nica da Terra Ao Prato<\/strong>.<\/p>\n<p style=\"text-align: justify;\">Em 2008, o evento completa sua decima edi\u00e7\u00e3o com atra\u00e7\u00f5es in\u00e9ditas de chefs renomados da gastronomia brasileira, entre eles; <strong>Renato Oliveira, do Mocot\u00f3<\/strong>, que dar\u00e1 uma aula in\u00e9dita, onde vai ensinar a galera a fazer tapiocas veganas; quem tamb\u00e9m ir\u00e1 contribuir com sua expertise \u00e9 a <strong>Telma Shiraishi, do Aizom\u00ea<\/strong>, que dar\u00e1 uma aula sobre a versatilidade das algas marinhas e dos vegetais do mar (veja no <a href=\"http:\/\/festgastronomiaorganica.com.br\/\"><strong><span style=\"color: #000000;\">site<\/span><\/strong><\/a> do evento a programa\u00e7\u00e3o completa das aulas).<\/p>\n<p style=\"text-align: justify;\">Al\u00e9m das aulas, voc\u00ea tamb\u00e9m poder\u00e1 conhecer melhor alguns produtores org\u00e2nicos locais que estar\u00e3o expondo produtos exclusivos e tendo a chance de sair de l\u00e1 entendendo melhor esta gastronomia consciente e sustent\u00e1vel que nada mais \u00e9, a filosofia do evento.<\/p>\n<p style=\"text-align: justify;\">Venha voc\u00ea tamb\u00e9m fazer parte deste universo incr\u00edvel no pr\u00f3ximo final de semana, em SP, no <strong>Parque Villa Lobos<\/strong> (Dias 4 e 5\/08), repleto de sabores e saberes. Vale dizer que pets tamb\u00e9m s\u00e3o muito bem-vindos!<\/p>\n<p><strong>Servi\u00e7o<\/strong><br \/>\nParque Villa Lobos- S\u00e3o Paulo<br \/>\n4 de agosto \u2013 5 de agosto<br \/>\n4 de Ago \u00e0s 10:00 a 5 de Ago \u00e0s 18:00<\/p>\n<iframe src=\"http:\/\/www.facebook.com\/plugins\/like.php?href=https:\/\/www.girosgourmet.com.br\/index.php\/principal-festival-organico-em-sp-acontece-em-agosto\/&amp;layout=standard&amp;show_faces=1&amp;width=450&amp;action=like&amp;colorscheme=light&amp;font=\" scrolling=\"no\" frameborder=\"0\" style=\"border:none; overflow:hidden; width:450px; height:60px\"><\/iframe>","protected":false},"excerpt":{"rendered":"<p>E o universo org\u00e2nico a cada dia que passa vai se espalhando pelos 4 cantos mundo, ganhando muitos adeptos todos os dias, que desejam uma qualidade aliment\u00edcia melhor para a sua vida. Pensando nisso a chef Leia D, criou j\u00e1 alguns anos o primeiro festival gastron\u00f4mico do setor, o Festival [&hellip;]<\/p>\n","protected":false},"author":3,"featured_media":0,"comment_status":"open","ping_status":"closed","sticky":false,"template":"","format":"standard","meta":{"footnotes":""},"categories":[40,39],"tags":[661,2109,1711,1878,2110],"class_list":["post-9112","post","type-post","status-publish","format-standard","hentry","category-culturamodabelezabem-estar","category-gastronomia","tag-comida-vegetariana","tag-festival-de-gastronomia-organica-da-terra-ao-prato","tag-organicos","tag-parque-villa-lobos","tag-veganos"],"_links":{"self":[{"href":"https:\/\/www.girosgourmet.com.br\/index.php\/wp-json\/wp\/v2\/posts\/9112","targetHints":{"allow":["GET"]}}],"collection":[{"href":"https:\/\/www.girosgourmet.com.br\/index.php\/wp-json\/wp\/v2\/posts"}],"about":[{"href":"https:\/\/www.girosgourmet.com.br\/index.php\/wp-json\/wp\/v2\/types\/post"}],"author":[{"embeddable":true,"href":"https:\/\/www.girosgourmet.com.br\/index.php\/wp-json\/wp\/v2\/users\/3"}],"replies":[{"embeddable":true,"href":"https:\/\/www.girosgourmet.com.br\/index.php\/wp-json\/wp\/v2\/comments?post=9112"}],"version-history":[{"count":5,"href":"https:\/\/www.girosgourmet.com.br\/index.php\/wp-json\/wp\/v2\/posts\/9112\/revisions"}],"predecessor-version":[{"id":9118,"href":"https:\/\/www.girosgourmet.com.br\/index.php\/wp-json\/wp\/v2\/posts\/9112\/revisions\/9118"}],"wp:attachment":[{"href":"https:\/\/www.girosgourmet.com.br\/index.php\/wp-json\/wp\/v2\/media?parent=9112"}],"wp:term":[{"taxonomy":"category","embeddable":true,"href":"https:\/\/www.girosgourmet.com.br\/index.php\/wp-json\/wp\/v2\/categories?post=9112"},{"taxonomy":"post_tag","embeddable":true,"href":"https:\/\/www.girosgourmet.com.br\/index.php\/wp-json\/wp\/v2\/tags?post=9112"}],"curies":[{"name":"wp","href":"https:\/\/api.w.org\/{rel}","templated":true}]}}