{"id":8914,"date":"2018-05-15T13:38:00","date_gmt":"2018-05-15T16:38:00","guid":{"rendered":"http:\/\/www.girosgourmet.com.br\/?p=8914"},"modified":"2018-05-15T13:38:00","modified_gmt":"2018-05-15T16:38:00","slug":"vila-salute-comemora-dia-internacional-do-celiaco","status":"publish","type":"post","link":"https:\/\/www.girosgourmet.com.br\/index.php\/vila-salute-comemora-dia-internacional-do-celiaco\/","title":{"rendered":"Vila Salute comemora Dia Internacional do Cel\u00edaco"},"content":{"rendered":"<p style=\"text-align: center;\"><img loading=\"lazy\" decoding=\"async\" class=\"aligncenter size-full wp-image-8915\" src=\"http:\/\/www.girosgourmet.com.br\/wp-content\/uploads\/2018\/05\/vila_salute-01.jpg\" alt=\"\" width=\"1536\" height=\"1024\" srcset=\"https:\/\/www.girosgourmet.com.br\/wp-content\/uploads\/2018\/05\/vila_salute-01.jpg 1536w, https:\/\/www.girosgourmet.com.br\/wp-content\/uploads\/2018\/05\/vila_salute-01-300x200.jpg 300w, https:\/\/www.girosgourmet.com.br\/wp-content\/uploads\/2018\/05\/vila_salute-01-768x512.jpg 768w, https:\/\/www.girosgourmet.com.br\/wp-content\/uploads\/2018\/05\/vila_salute-01-1024x683.jpg 1024w\" sizes=\"auto, (max-width: 1536px) 100vw, 1536px\" \/><\/p>\n<p style=\"text-align: justify;\"><span style=\"color: #000000;\">Voc\u00eas sabiam que amanh\u00e3 (16) \u00e9 dia de celebrar o <strong>Dia Internacional do Cel\u00edaco<\/strong>? E para comemorar o <strong>Vila Salute<\/strong>, um lugar dedicado a galera <strong>sem gl\u00faten<\/strong>, est\u00e1 oferecendo um menu especial para quem deseja participar dos festejos e queira conhecer um pouco mais deste universo t\u00e3o especial.<\/span><\/p>\n<p style=\"text-align: justify;\"><span style=\"color: #000000;\">A ideia \u00e9 criar uma op\u00e7\u00e3o diferenciada aos cel\u00edacos nesta data. Para o almo\u00e7o ou jantar, ser\u00e1 oferecido aos visitantes <strong>empadinha de entrada<\/strong> (frango ou palmito), <strong>ravi\u00f3li de mussarela de b\u00fafala com manjeric\u00e3o ou ab\u00f3bora com ervas,<\/strong> e de sobremesa <strong>cheesecake de ganache de chocolate com caf\u00e9<\/strong> e tudo isso por R$ 39,00. Voc\u00ea tamb\u00e9m poder\u00e1 escolher qualquer um dos itens de fabrica\u00e7\u00e3o pr\u00f3pria da rotisseria para serem preparados na hora.\u00a0 Por l\u00e1 tem muitas op\u00e7\u00f5es de massas, molhos, tortas, p\u00e3es, biscoitos, bolos e doces, e todos s\u00e3o deliciosos!<\/span><\/p>\n<p style=\"text-align: center;\"><img loading=\"lazy\" decoding=\"async\" class=\"aligncenter size-full wp-image-8916\" src=\"http:\/\/www.girosgourmet.com.br\/wp-content\/uploads\/2018\/05\/vila_salute-05.jpg\" alt=\"\" width=\"1280\" height=\"853\" srcset=\"https:\/\/www.girosgourmet.com.br\/wp-content\/uploads\/2018\/05\/vila_salute-05.jpg 1280w, https:\/\/www.girosgourmet.com.br\/wp-content\/uploads\/2018\/05\/vila_salute-05-300x200.jpg 300w, https:\/\/www.girosgourmet.com.br\/wp-content\/uploads\/2018\/05\/vila_salute-05-768x512.jpg 768w, https:\/\/www.girosgourmet.com.br\/wp-content\/uploads\/2018\/05\/vila_salute-05-1024x682.jpg 1024w\" sizes=\"auto, (max-width: 1280px) 100vw, 1280px\" \/><\/p>\n<p style=\"text-align: justify;\"><span style=\"color: #000000;\">Desde 2015, quando come\u00e7ou suas atividades timidamente, voltadas exclusivamente ao p\u00fablico cel\u00edaco, o Vila vem aprimorando suas receitas e desenvolvendo em paralelo atendimento a p\u00fablicos afins, como vegetarianos e veganos.<\/span><\/p>\n<p style=\"text-align: justify;\"><span style=\"color: #000000;\">Nesta quarta \u00e9 um \u00f3timo dia para conhecer este lugar maravilhoso! Eu j\u00e1 fui e posso dizer, vale a pena!<\/span><\/p>\n<p style=\"text-align: justify;\"><span style=\"color: #000000;\"><strong><u>SERVI\u00c7O<\/u><\/strong><\/span><\/p>\n<p style=\"text-align: justify;\"><span style=\"color: #000000;\">Comemora\u00e7\u00e3o Dia Internacional do Dia do Cel\u00edaco<br \/>\n<\/span><strong style=\"color: #000000; font-size: 1rem;\">Menu Combinado &#8211; sem gl\u00faten:<\/strong><span style=\"color: #000000; font-size: 1rem;\"> empadinha de entrada (frango ou palmito), prato principal (ravi\u00f3li de mu\u00e7arela de b\u00fafala com manjeric\u00e3o ou ab\u00f3bora com ervas), e sobremesa (cheesecake de ganache de chocolate com caf\u00e9)<br \/>\n<\/span><strong style=\"color: #000000; font-size: 1rem;\">Pre\u00e7o:<\/strong><span style=\"color: #000000; font-size: 1rem;\"> R$ 39,00<br \/>\n<\/span><strong style=\"color: #000000; font-size: 1rem;\">Onde:<\/strong><span style=\"color: #000000; font-size: 1rem;\"> Vila Salute Emp\u00f3rio e Rotisserie \u2013 Rua Sim\u00e3o \u00c1lvares, 729 \u2013 Pinheiros<br \/>\n<\/span><strong style=\"color: #000000; font-size: 1rem;\">Reservas e encomendas:<\/strong><span style=\"color: #000000; font-size: 1rem;\"> 11 3530.6459<br \/>\n<\/span><strong style=\"color: #000000; font-size: 1rem;\">Hor\u00e1rio de Funcionamento<\/strong><span style=\"color: #000000; font-size: 1rem;\"> (16\/05): das 10h \u00e0s 21h<\/span><\/p>\n<p>Cr\u00e9dito Imagens:\u00a0Sergio Matta<\/p>\n<iframe src=\"http:\/\/www.facebook.com\/plugins\/like.php?href=https:\/\/www.girosgourmet.com.br\/index.php\/vila-salute-comemora-dia-internacional-do-celiaco\/&amp;layout=standard&amp;show_faces=1&amp;width=450&amp;action=like&amp;colorscheme=light&amp;font=\" scrolling=\"no\" frameborder=\"0\" style=\"border:none; overflow:hidden; width:450px; height:60px\"><\/iframe>","protected":false},"excerpt":{"rendered":"<p>Voc\u00eas sabiam que amanh\u00e3 (16) \u00e9 dia de celebrar o Dia Internacional do Cel\u00edaco? E para comemorar o Vila Salute, um lugar dedicado a galera sem gl\u00faten, est\u00e1 oferecendo um menu especial para quem deseja participar dos festejos e queira conhecer um pouco mais deste universo t\u00e3o especial. A ideia [&hellip;]<\/p>\n","protected":false},"author":3,"featured_media":0,"comment_status":"open","ping_status":"closed","sticky":false,"template":"","format":"standard","meta":{"footnotes":""},"categories":[39],"tags":[2055,1571,1945,2056],"class_list":["post-8914","post","type-post","status-publish","format-standard","hentry","category-gastronomia","tag-dia-internacional-do-celiaco","tag-gluten","tag-pinheiros","tag-vila-salute"],"_links":{"self":[{"href":"https:\/\/www.girosgourmet.com.br\/index.php\/wp-json\/wp\/v2\/posts\/8914","targetHints":{"allow":["GET"]}}],"collection":[{"href":"https:\/\/www.girosgourmet.com.br\/index.php\/wp-json\/wp\/v2\/posts"}],"about":[{"href":"https:\/\/www.girosgourmet.com.br\/index.php\/wp-json\/wp\/v2\/types\/post"}],"author":[{"embeddable":true,"href":"https:\/\/www.girosgourmet.com.br\/index.php\/wp-json\/wp\/v2\/users\/3"}],"replies":[{"embeddable":true,"href":"https:\/\/www.girosgourmet.com.br\/index.php\/wp-json\/wp\/v2\/comments?post=8914"}],"version-history":[{"count":1,"href":"https:\/\/www.girosgourmet.com.br\/index.php\/wp-json\/wp\/v2\/posts\/8914\/revisions"}],"predecessor-version":[{"id":8917,"href":"https:\/\/www.girosgourmet.com.br\/index.php\/wp-json\/wp\/v2\/posts\/8914\/revisions\/8917"}],"wp:attachment":[{"href":"https:\/\/www.girosgourmet.com.br\/index.php\/wp-json\/wp\/v2\/media?parent=8914"}],"wp:term":[{"taxonomy":"category","embeddable":true,"href":"https:\/\/www.girosgourmet.com.br\/index.php\/wp-json\/wp\/v2\/categories?post=8914"},{"taxonomy":"post_tag","embeddable":true,"href":"https:\/\/www.girosgourmet.com.br\/index.php\/wp-json\/wp\/v2\/tags?post=8914"}],"curies":[{"name":"wp","href":"https:\/\/api.w.org\/{rel}","templated":true}]}}