{"id":8859,"date":"2018-05-02T17:00:35","date_gmt":"2018-05-02T20:00:35","guid":{"rendered":"http:\/\/www.girosgourmet.com.br\/?p=8859"},"modified":"2018-05-04T09:53:15","modified_gmt":"2018-05-04T12:53:15","slug":"nosu-convida-o-chef-murakami-ao-evento-tomodachi","status":"publish","type":"post","link":"https:\/\/www.girosgourmet.com.br\/index.php\/nosu-convida-o-chef-murakami-ao-evento-tomodachi\/","title":{"rendered":"N\u014dsu convida o chef Murakami ao evento TOMODACHI."},"content":{"rendered":"<p style=\"text-align: center;\"><img loading=\"lazy\" decoding=\"async\" class=\"aligncenter size-full wp-image-8861\" src=\"http:\/\/www.girosgourmet.com.br\/wp-content\/uploads\/2018\/05\/nosu.jpg\" alt=\"\" width=\"720\" height=\"720\" srcset=\"https:\/\/www.girosgourmet.com.br\/wp-content\/uploads\/2018\/05\/nosu.jpg 720w, https:\/\/www.girosgourmet.com.br\/wp-content\/uploads\/2018\/05\/nosu-150x150.jpg 150w, https:\/\/www.girosgourmet.com.br\/wp-content\/uploads\/2018\/05\/nosu-300x300.jpg 300w, https:\/\/www.girosgourmet.com.br\/wp-content\/uploads\/2018\/05\/nosu-100x100.jpg 100w\" sizes=\"auto, (max-width: 720px) 100vw, 720px\" \/><\/p>\n<p style=\"text-align: justify;\">Sou muito f\u00e3 do <strong>chef Murakami<\/strong>, para mim ele \u00e9 o mestre dos mestres quando se trata da delicada e misteriosa cozinha nip\u00f4nica. Carism\u00e1tico, sensorial e muito criativo s\u00e3o apenas alguns dos predicativos not\u00e1veis e factuais deste chef, que durante anos esteve \u00e0 frente do ic\u00f4nico restaurante <strong>Kinoshita.<\/strong> Atualmente est\u00e1 vivenciado um eterno processo de cria\u00e7\u00e3o, e n\u00f3s pobres mortais teremos a sorte de conhecer toda a sua sabedoria na pr\u00f3xima edi\u00e7\u00e3o do <strong>Tomodachi<\/strong> (Amigos).<\/p>\n<p style=\"text-align: center;\"><img loading=\"lazy\" decoding=\"async\" class=\"aligncenter size-full wp-image-8495\" src=\"http:\/\/www.girosgourmet.com.br\/wp-content\/uploads\/2017\/11\/Nosu-ambiente.jpg\" alt=\"\" width=\"2880\" height=\"1920\" srcset=\"https:\/\/www.girosgourmet.com.br\/wp-content\/uploads\/2017\/11\/Nosu-ambiente.jpg 2880w, https:\/\/www.girosgourmet.com.br\/wp-content\/uploads\/2017\/11\/Nosu-ambiente-300x200.jpg 300w, https:\/\/www.girosgourmet.com.br\/wp-content\/uploads\/2017\/11\/Nosu-ambiente-768x512.jpg 768w, https:\/\/www.girosgourmet.com.br\/wp-content\/uploads\/2017\/11\/Nosu-ambiente-1024x683.jpg 1024w\" sizes=\"auto, (max-width: 2880px) 100vw, 2880px\" \/><\/p>\n<p style=\"text-align: justify;\">Quem promove a segunda edi\u00e7\u00e3o do festival nos dias 7 e 8 de maio, \u00e9 o <strong>restaurante N\u00f5su<\/strong>, em Santana, Zona Norte de S\u00e3o Paulo. O jantar, que ter\u00e1 menu exclusivo criado por Murakami, tem como filosofia uma maior integra\u00e7\u00e3o dos saberes e sabores da gastronomia japonesa.<\/p>\n<p>Ficou mega interessado, ent\u00e3o fa\u00e7a sua reserva pelo telefone (11) 2283-5822 ou pelo e-mail <strong><span style=\"color: #0000ff;\"><a href=\"mailto:nosu@nosu.com.br\">nosu@nosu.com.br<br \/>\n<\/a><\/span><\/strong><\/p>\n<p style=\"text-align: center;\"><img loading=\"lazy\" decoding=\"async\" class=\"aligncenter size-full wp-image-8889\" src=\"http:\/\/www.girosgourmet.com.br\/wp-content\/uploads\/2018\/05\/murakami-prato.jpg\" alt=\"\" width=\"1500\" height=\"1000\" srcset=\"https:\/\/www.girosgourmet.com.br\/wp-content\/uploads\/2018\/05\/murakami-prato.jpg 1500w, https:\/\/www.girosgourmet.com.br\/wp-content\/uploads\/2018\/05\/murakami-prato-300x200.jpg 300w, https:\/\/www.girosgourmet.com.br\/wp-content\/uploads\/2018\/05\/murakami-prato-768x512.jpg 768w, https:\/\/www.girosgourmet.com.br\/wp-content\/uploads\/2018\/05\/murakami-prato-1024x683.jpg 1024w\" sizes=\"auto, (max-width: 1500px) 100vw, 1500px\" \/><\/p>\n<p style=\"text-align: justify;\">O <strong>Menu<\/strong> sair\u00e1 por pessoa R$ 230,00, com harmoniza\u00e7\u00e3o 280,00.\u00a0<span style=\"font-size: 1rem;\">&#8211; Atum de sol (vers\u00e3o da carne de sol) com mousseline de car\u00e1, alho por\u00f3, Nori e farofa de shisso.<\/span><\/p>\n<p style=\"text-align: justify;\">Ta\u00ed um evento que valer\u00e1 cada centavo, uma noite com Murakami \u00e9 uma noite m\u00e1gica. Vejo voc\u00eas por l\u00e1!<\/p>\n<p><strong>Servi\u00e7o<\/strong><\/p>\n<p><strong>N\u00f5su<\/strong><br \/>\nEndere\u00e7o: R. Maria Curupaiti, 414 &#8211; Santana, S\u00e3o Paulo &#8211; SP, 02452-000<br \/>\nHor\u00e1rio:<br \/>\nquarta-feira 12:00\u201315:00, 19:00\u201323:00<br \/>\nquinta-feira 12:00\u201315:00, 19:00\u201323:00<br \/>\nsexta-feira 12:00\u201315:00, 19:00\u201323:30<br \/>\ns\u00e1bado 12:00\u201315:00, 19:00\u201323:30<br \/>\ndomingo 12:00\u201315:30, 19:00\u201322:30<br \/>\nsegunda-feira Encerrado<br \/>\nter\u00e7a-feira 12:00\u201315:00, 19:00\u201323:00<br \/>\nSugerir altera\u00e7\u00e3o<br \/>\nTelefone: (11) 2283-5822<br \/>\nMenu: nosu.com.br<\/p>\n<iframe src=\"http:\/\/www.facebook.com\/plugins\/like.php?href=https:\/\/www.girosgourmet.com.br\/index.php\/nosu-convida-o-chef-murakami-ao-evento-tomodachi\/&amp;layout=standard&amp;show_faces=1&amp;width=450&amp;action=like&amp;colorscheme=light&amp;font=\" scrolling=\"no\" frameborder=\"0\" style=\"border:none; overflow:hidden; width:450px; height:60px\"><\/iframe>","protected":false},"excerpt":{"rendered":"<p>Sou muito f\u00e3 do chef Murakami, para mim ele \u00e9 o mestre dos mestres quando se trata da delicada e misteriosa cozinha nip\u00f4nica. Carism\u00e1tico, sensorial e muito criativo s\u00e3o apenas alguns dos predicativos not\u00e1veis e factuais deste chef, que durante anos esteve \u00e0 frente do ic\u00f4nico restaurante Kinoshita. Atualmente est\u00e1 [&hellip;]<\/p>\n","protected":false},"author":3,"featured_media":0,"comment_status":"open","ping_status":"closed","sticky":false,"template":"","format":"standard","meta":{"footnotes":""},"categories":[40,39],"tags":[1674,1429,2043,1933,1934],"class_list":["post-8859","post","type-post","status-publish","format-standard","hentry","category-culturamodabelezabem-estar","category-gastronomia","tag-festival-gastronomico","tag-gastronomia-japonesa","tag-murakami","tag-restaurante-nosu","tag-tomodachi"],"_links":{"self":[{"href":"https:\/\/www.girosgourmet.com.br\/index.php\/wp-json\/wp\/v2\/posts\/8859","targetHints":{"allow":["GET"]}}],"collection":[{"href":"https:\/\/www.girosgourmet.com.br\/index.php\/wp-json\/wp\/v2\/posts"}],"about":[{"href":"https:\/\/www.girosgourmet.com.br\/index.php\/wp-json\/wp\/v2\/types\/post"}],"author":[{"embeddable":true,"href":"https:\/\/www.girosgourmet.com.br\/index.php\/wp-json\/wp\/v2\/users\/3"}],"replies":[{"embeddable":true,"href":"https:\/\/www.girosgourmet.com.br\/index.php\/wp-json\/wp\/v2\/comments?post=8859"}],"version-history":[{"count":5,"href":"https:\/\/www.girosgourmet.com.br\/index.php\/wp-json\/wp\/v2\/posts\/8859\/revisions"}],"predecessor-version":[{"id":8891,"href":"https:\/\/www.girosgourmet.com.br\/index.php\/wp-json\/wp\/v2\/posts\/8859\/revisions\/8891"}],"wp:attachment":[{"href":"https:\/\/www.girosgourmet.com.br\/index.php\/wp-json\/wp\/v2\/media?parent=8859"}],"wp:term":[{"taxonomy":"category","embeddable":true,"href":"https:\/\/www.girosgourmet.com.br\/index.php\/wp-json\/wp\/v2\/categories?post=8859"},{"taxonomy":"post_tag","embeddable":true,"href":"https:\/\/www.girosgourmet.com.br\/index.php\/wp-json\/wp\/v2\/tags?post=8859"}],"curies":[{"name":"wp","href":"https:\/\/api.w.org\/{rel}","templated":true}]}}