{"id":869,"date":"2010-09-30T21:27:56","date_gmt":"2010-10-01T00:27:56","guid":{"rendered":"http:\/\/www.closetonline.com.br\/blogcarla\/?p=869"},"modified":"2011-10-26T17:43:34","modified_gmt":"2011-10-26T20:43:34","slug":"respirando-design","status":"publish","type":"post","link":"https:\/\/www.girosgourmet.com.br\/index.php\/respirando-design\/","title":{"rendered":"Respirando design"},"content":{"rendered":"<p style=\"text-align: justify;\">Adoro m\u00f3veis&#8230; \u00c0s vezes at\u00e9 compro revistas de decora\u00e7\u00e3o s\u00f3 para saborear imagens com objetos de casa&#8230; O porqu\u00ea disso? N\u00e3o fa\u00e7o a m\u00ednima id\u00e9ia&#8230; Hoje me deparei com este m\u00f3vel (abaixo) e me perguntei at\u00e9 onde iremos avan\u00e7ar com esta nova onda de utilit\u00e1rios ex\u00f3ticos&#8230; hahahaha! Adoro! E um design destes s\u00f3 poderia vir de Mil\u00e3o&#8230; Lugar ideal para os adeptos do design e da moda, of course&#8230; Viajar para l\u00e1 requer vista desemba\u00e7ada e mente aberta&#8230; Enquanto o retorno \u00e0 Italia n\u00e3o chega, fica aqui uma dica interessante para a pr\u00f3xima mesinha da sua casa&#8230; hahahaha!<\/p>\n<p style=\"text-align: center;\"><a href=\"http:\/\/www.closetonline.com.br\/blogcarla\/wp-content\/uploads\/2010\/09\/mesa1.jpg\"><img loading=\"lazy\" decoding=\"async\" class=\"size-medium wp-image-870 aligncenter\" title=\"_mesa\" src=\"http:\/\/www.closetonline.com.br\/blogcarla\/wp-content\/uploads\/2010\/09\/mesa1-300x225.jpg\" alt=\"\" width=\"300\" height=\"225\" srcset=\"https:\/\/www.girosgourmet.com.br\/wp-content\/uploads\/2010\/09\/mesa1-300x225.jpg 300w, https:\/\/www.girosgourmet.com.br\/wp-content\/uploads\/2010\/09\/mesa1-150x112.jpg 150w, https:\/\/www.girosgourmet.com.br\/wp-content\/uploads\/2010\/09\/mesa1.jpg 410w\" sizes=\"auto, (max-width: 300px) 100vw, 300px\" \/><\/a><\/p>\n<p style=\"text-align: justify;\">Bem, entrando neste clima de decora\u00e7\u00e3o ex\u00f3tica, pa\u00edses como \u00cdndia, China e Jap\u00e3o sempre ostentaram uma riqueza de detalhes que torna o ambiente mais \u00e9tnico, diferente e curioso&#8230; Al\u00e9m do design, geralmente eles adoram cores mega quentes (assim como eu)&#8230; Adoro este mundo deliciosamente estranho, que mistura arte e vida e deixam qualquer ambiente alegre&#8230; Conhecem as mob\u00edlias da Dust Furniture? Parece mais que vc saiu do filme Alice no Pa\u00eds das Maravilhas, de Tim Burton&#8230; Juro, queria um destes no meio da casa nova&#8230; risos&#8230; Imaginem, em uma noitada regada a prosseco, muita gente iria estranhar&#8230; Aadorooooooo!!<\/p>\n<p style=\"text-align: center;\"><a href=\"http:\/\/www.closetonline.com.br\/blogcarla\/wp-content\/uploads\/2010\/09\/Limited-Hype-Dust-Furniture-2.jpg\"><img loading=\"lazy\" decoding=\"async\" class=\"size-medium wp-image-871 aligncenter\" title=\"_Limited-Hype-Dust-Furniture (2)\" src=\"http:\/\/www.closetonline.com.br\/blogcarla\/wp-content\/uploads\/2010\/09\/Limited-Hype-Dust-Furniture-2-300x227.jpg\" alt=\"\" width=\"300\" height=\"227\" srcset=\"https:\/\/www.girosgourmet.com.br\/wp-content\/uploads\/2010\/09\/Limited-Hype-Dust-Furniture-2-300x227.jpg 300w, https:\/\/www.girosgourmet.com.br\/wp-content\/uploads\/2010\/09\/Limited-Hype-Dust-Furniture-2-150x113.jpg 150w, https:\/\/www.girosgourmet.com.br\/wp-content\/uploads\/2010\/09\/Limited-Hype-Dust-Furniture-2.jpg 660w\" sizes=\"auto, (max-width: 300px) 100vw, 300px\" \/><\/a><\/p>\n<p style=\"text-align: justify;\">Dormir para alguns \u00e9 algo tipo assim \u201cfundamental\u201d. Afinal, dizem que passamos 33% de nossas vidas dormindo, mas ser\u00e1 que dormir numa cama como esta rola?<\/p>\n<p style=\"text-align: center;\"><a href=\"http:\/\/www.closetonline.com.br\/blogcarla\/wp-content\/uploads\/2010\/09\/camas-exoticas3-2.jpg\"><img loading=\"lazy\" decoding=\"async\" class=\"size-medium wp-image-872 aligncenter\" title=\"_camas-exoticas3 (2)\" src=\"http:\/\/www.closetonline.com.br\/blogcarla\/wp-content\/uploads\/2010\/09\/camas-exoticas3-2-300x201.jpg\" alt=\"\" width=\"300\" height=\"201\" srcset=\"https:\/\/www.girosgourmet.com.br\/wp-content\/uploads\/2010\/09\/camas-exoticas3-2-300x201.jpg 300w, https:\/\/www.girosgourmet.com.br\/wp-content\/uploads\/2010\/09\/camas-exoticas3-2-150x100.jpg 150w, https:\/\/www.girosgourmet.com.br\/wp-content\/uploads\/2010\/09\/camas-exoticas3-2.jpg 468w\" sizes=\"auto, (max-width: 300px) 100vw, 300px\" \/><\/a><\/p>\n<p style=\"text-align: justify;\">Agora olha que id\u00e9ia bacana de sof\u00e1s e cadeiras em patchwork\u00a0para quem literalmente deseja uma sala descolad\u00e9rrima. Este mimo \u00e9 da artista Lisa Whatmough para a marca londrina Squint Limited. Meus olhos ficaram grudados por s\u00e9culos nestes utilit\u00e1rios&#8230;<\/p>\n<p style=\"text-align: center;\"><a href=\"http:\/\/www.closetonline.com.br\/blogcarla\/wp-content\/uploads\/2010\/09\/sofa.jpg\"><img loading=\"lazy\" decoding=\"async\" class=\"size-medium wp-image-873 aligncenter\" title=\"_sofa\" src=\"http:\/\/www.closetonline.com.br\/blogcarla\/wp-content\/uploads\/2010\/09\/sofa-300x69.jpg\" alt=\"\" width=\"300\" height=\"69\" srcset=\"https:\/\/www.girosgourmet.com.br\/wp-content\/uploads\/2010\/09\/sofa-300x69.jpg 300w, https:\/\/www.girosgourmet.com.br\/wp-content\/uploads\/2010\/09\/sofa-150x34.jpg 150w, https:\/\/www.girosgourmet.com.br\/wp-content\/uploads\/2010\/09\/sofa.jpg 1000w\" sizes=\"auto, (max-width: 300px) 100vw, 300px\" \/><\/a><\/p>\n<p style=\"text-align: justify;\">\n<p style=\"text-align: justify;\">Bem, pessoas, a vida real e verdadeira s\u00f3 tem sentido se vamos viver e morar bem, junto de quem amamos, num lugarzinho gostoso e que tenha a nossa vibe&#8230; Que nos d\u00ea prazer e liberdade de express\u00e3o&#8230; Portanto, viva tudoooooo! Beijossssss<\/p>\n<iframe src=\"http:\/\/www.facebook.com\/plugins\/like.php?href=https:\/\/www.girosgourmet.com.br\/index.php\/respirando-design\/&amp;layout=standard&amp;show_faces=1&amp;width=450&amp;action=like&amp;colorscheme=light&amp;font=\" scrolling=\"no\" frameborder=\"0\" style=\"border:none; overflow:hidden; width:450px; height:60px\"><\/iframe>","protected":false},"excerpt":{"rendered":"<p>Adoro m\u00f3veis&#8230; \u00c0s vezes at\u00e9 compro revistas de decora\u00e7\u00e3o s\u00f3 para saborear imagens com objetos de casa&#8230; O porqu\u00ea disso? N\u00e3o fa\u00e7o a m\u00ednima id\u00e9ia&#8230; Hoje me deparei com este m\u00f3vel (abaixo) e me perguntei at\u00e9 onde iremos avan\u00e7ar com esta nova onda de utilit\u00e1rios ex\u00f3ticos&#8230; hahahaha! Adoro! E um [&hellip;]<\/p>\n","protected":false},"author":3,"featured_media":0,"comment_status":"open","ping_status":"open","sticky":false,"template":"","format":"standard","meta":{"footnotes":""},"categories":[39],"tags":[579,1612,578,580,577,581],"class_list":["post-869","post","type-post","status-publish","format-standard","hentry","category-gastronomia","tag-cama","tag-design","tag-dust-furniture","tag-lisa-whatmough","tag-milao","tag-squint-limited"],"_links":{"self":[{"href":"https:\/\/www.girosgourmet.com.br\/index.php\/wp-json\/wp\/v2\/posts\/869","targetHints":{"allow":["GET"]}}],"collection":[{"href":"https:\/\/www.girosgourmet.com.br\/index.php\/wp-json\/wp\/v2\/posts"}],"about":[{"href":"https:\/\/www.girosgourmet.com.br\/index.php\/wp-json\/wp\/v2\/types\/post"}],"author":[{"embeddable":true,"href":"https:\/\/www.girosgourmet.com.br\/index.php\/wp-json\/wp\/v2\/users\/3"}],"replies":[{"embeddable":true,"href":"https:\/\/www.girosgourmet.com.br\/index.php\/wp-json\/wp\/v2\/comments?post=869"}],"version-history":[{"count":4,"href":"https:\/\/www.girosgourmet.com.br\/index.php\/wp-json\/wp\/v2\/posts\/869\/revisions"}],"predecessor-version":[{"id":875,"href":"https:\/\/www.girosgourmet.com.br\/index.php\/wp-json\/wp\/v2\/posts\/869\/revisions\/875"}],"wp:attachment":[{"href":"https:\/\/www.girosgourmet.com.br\/index.php\/wp-json\/wp\/v2\/media?parent=869"}],"wp:term":[{"taxonomy":"category","embeddable":true,"href":"https:\/\/www.girosgourmet.com.br\/index.php\/wp-json\/wp\/v2\/categories?post=869"},{"taxonomy":"post_tag","embeddable":true,"href":"https:\/\/www.girosgourmet.com.br\/index.php\/wp-json\/wp\/v2\/tags?post=869"}],"curies":[{"name":"wp","href":"https:\/\/api.w.org\/{rel}","templated":true}]}}