{"id":8646,"date":"2018-01-26T10:57:15","date_gmt":"2018-01-26T13:57:15","guid":{"rendered":"http:\/\/www.girosgourmet.com.br\/?p=8646"},"modified":"2018-01-29T18:31:55","modified_gmt":"2018-01-29T21:31:55","slug":"2o-edicao-de-verao-de-frutos-do-mar-e-peixe-invade-o-ceagesp","status":"publish","type":"post","link":"https:\/\/www.girosgourmet.com.br\/index.php\/2o-edicao-de-verao-de-frutos-do-mar-e-peixe-invade-o-ceagesp\/","title":{"rendered":"2\u00ba Edi\u00e7\u00e3o de Ver\u00e3o de Frutos do Mar e Peixe invade o Ceagesp."},"content":{"rendered":"<p style=\"text-align: center;\"><img loading=\"lazy\" decoding=\"async\" class=\"aligncenter size-full wp-image-8658\" src=\"http:\/\/www.girosgourmet.com.br\/wp-content\/uploads\/2018\/01\/Espaco-Interno-Foto-Zeka-Videira.jpg\" alt=\"\" width=\"2896\" height=\"1944\" srcset=\"https:\/\/www.girosgourmet.com.br\/wp-content\/uploads\/2018\/01\/Espaco-Interno-Foto-Zeka-Videira.jpg 2896w, https:\/\/www.girosgourmet.com.br\/wp-content\/uploads\/2018\/01\/Espaco-Interno-Foto-Zeka-Videira-300x201.jpg 300w, https:\/\/www.girosgourmet.com.br\/wp-content\/uploads\/2018\/01\/Espaco-Interno-Foto-Zeka-Videira-768x516.jpg 768w, https:\/\/www.girosgourmet.com.br\/wp-content\/uploads\/2018\/01\/Espaco-Interno-Foto-Zeka-Videira-1024x687.jpg 1024w\" sizes=\"auto, (max-width: 2896px) 100vw, 2896px\" \/><\/p>\n<p style=\"text-align: justify;\">Esta de bobeira neste feriado aqui em S\u00e3o Paulo? Um dos lugares mais incr\u00edveis da cidade, o Ceagesp (Companhia de Entrepostos e Armaz\u00e9ns Gerais de S\u00e3o Paulo), est\u00e1 oferecendo aos visitantes at\u00e9 dia 04 de mar\u00e7o, a <strong>2\u00ba<\/strong> <strong>Edi\u00e7\u00e3o de Ver\u00e3o do Festival do Pescado e Frutos do Mar<\/strong>. Nesta temporada, o evento oferecer\u00e1 mais de 40 tipos de pratos \u00e0 base de peixes e frutos do mar por um pre\u00e7o fixo por pessoa. As grandes atra\u00e7\u00f5es do festival s\u00e3o os camar\u00f5es, sempre fartos em diversas receitas; t\u00eam camar\u00e3o na moranga, risoto de camar\u00e3o, camar\u00e3o crocante com t\u00e1rtaro e lim\u00e3o, escondidinho de Camar\u00e3o, enfim, a galera do camar\u00e3o vai se esbaldar de comer. Isso sem contar os camar\u00f5es assados, servidos \u00e0 vontade nas mesas, e os camar\u00f5es que recheiam a <strong>Paella \u00e0 Marinera<\/strong>, \u00a0a surpresa gigante, dispon\u00edvel para todo mundo tirar uma lasquinha.<\/p>\n<div id=\"attachment_8648\" style=\"width: 1210px\" class=\"wp-caption aligncenter\"><img loading=\"lazy\" decoding=\"async\" aria-describedby=\"caption-attachment-8648\" class=\"size-full wp-image-8648\" src=\"http:\/\/www.girosgourmet.com.br\/wp-content\/uploads\/2018\/01\/Camarao-na-Moranga-Foto-de-Eduardo-Bacani-Ed.jpg\" alt=\"\" width=\"1200\" height=\"800\" srcset=\"https:\/\/www.girosgourmet.com.br\/wp-content\/uploads\/2018\/01\/Camarao-na-Moranga-Foto-de-Eduardo-Bacani-Ed.jpg 1200w, https:\/\/www.girosgourmet.com.br\/wp-content\/uploads\/2018\/01\/Camarao-na-Moranga-Foto-de-Eduardo-Bacani-Ed-300x200.jpg 300w, https:\/\/www.girosgourmet.com.br\/wp-content\/uploads\/2018\/01\/Camarao-na-Moranga-Foto-de-Eduardo-Bacani-Ed-768x512.jpg 768w, https:\/\/www.girosgourmet.com.br\/wp-content\/uploads\/2018\/01\/Camarao-na-Moranga-Foto-de-Eduardo-Bacani-Ed-1024x683.jpg 1024w\" sizes=\"auto, (max-width: 1200px) 100vw, 1200px\" \/><p id=\"caption-attachment-8648\" class=\"wp-caption-text\">Eduardo Bacani<\/p><\/div>\n<p style=\"text-align: justify;\">O festival tamb\u00e9m oferece muita variedade de peixes. A cada semana, tr\u00eas novas receitas com peixes diferentes entram no card\u00e1pio, substituindo os da semana anterior. O evento ainda oferece pratos especiais inclusos no card\u00e1pio. Toda quarta-feira, tem caranguejada. \u00c0s quintas, os comensais poder\u00e3o comer quantas ostras quiserem. Essas s\u00e3o algumas das exclusividades do evento, que atrai milhares de pessoas todos os anos ao terceiro maior entreposto de alimentos do mundo, na Vila Leopoldina, em S\u00e3o Paulo.<\/p>\n<p style=\"text-align: justify;\">Para comer \u00e0 vontade todas as op\u00e7\u00f5es, o valor por pessoa \u00e9 de R$ 74,90. Bebidas e sobremesas n\u00e3o est\u00e3o inclu\u00eddas nesse valor. Crian\u00e7a de at\u00e9 cinco anos, n\u00e3o paga. De seis a dez, paga metade do pre\u00e7o. No Festival da Ceagesp, tamb\u00e9m n\u00e3o h\u00e1 cobran\u00e7a de taxa de servi\u00e7o.<\/p>\n<p>Imperd\u00edvel gente, al\u00e9m do que o CEAGESP \u00e9 um lugar incr\u00edvel, um universo paralelo na Capital Paulista!<\/p>\n<p><strong>Servi\u00e7o<\/strong><\/p>\n<p style=\"text-align: justify;\">A Edi\u00e7\u00e3o de Ver\u00e3o do Festival do Pescado e Frutos do Mar Ceagesp funciona sempre de quarta a domingo. De quarta a sexta, o hor\u00e1rio ser\u00e1 das 18h \u00e0 0h. Aos s\u00e1bados, das 12h \u00e0s 17h, e das 18h \u00e0 0h. Aos domingos, das 12h \u00e0s 17h.<\/p>\n<p style=\"text-align: justify;\">A entrada \u00e9 pelo Port\u00e3o 4 da Ceagesp, na altura do 1.946 da av. Dr. Gast\u00e3o Vidigal, na Vila Leopoldina, zona oeste da capital. O estacionamento de autom\u00f3veis, no mesmo local, tem pre\u00e7o especial para os frequentadores do evento. Para quem for de moto, o estacionamento fica no Port\u00e3o 2, na mesma avenida.<\/p>\n<iframe src=\"http:\/\/www.facebook.com\/plugins\/like.php?href=https:\/\/www.girosgourmet.com.br\/index.php\/2o-edicao-de-verao-de-frutos-do-mar-e-peixe-invade-o-ceagesp\/&amp;layout=standard&amp;show_faces=1&amp;width=450&amp;action=like&amp;colorscheme=light&amp;font=\" scrolling=\"no\" frameborder=\"0\" style=\"border:none; overflow:hidden; width:450px; height:60px\"><\/iframe>","protected":false},"excerpt":{"rendered":"<p>Esta de bobeira neste feriado aqui em S\u00e3o Paulo? Um dos lugares mais incr\u00edveis da cidade, o Ceagesp (Companhia de Entrepostos e Armaz\u00e9ns Gerais de S\u00e3o Paulo), est\u00e1 oferecendo aos visitantes at\u00e9 dia 04 de mar\u00e7o, a 2\u00ba Edi\u00e7\u00e3o de Ver\u00e3o do Festival do Pescado e Frutos do Mar. Nesta [&hellip;]<\/p>\n","protected":false},"author":3,"featured_media":0,"comment_status":"open","ping_status":"closed","sticky":false,"template":"","format":"standard","meta":{"footnotes":""},"categories":[39],"tags":[1981,1217,1980,1982,1745,129],"class_list":["post-8646","post","type-post","status-publish","format-standard","hentry","category-gastronomia","tag-camarao","tag-ceagesp","tag-festival-do-pescado-e-frutos-do-mar","tag-paella","tag-peixe","tag-verao"],"_links":{"self":[{"href":"https:\/\/www.girosgourmet.com.br\/index.php\/wp-json\/wp\/v2\/posts\/8646","targetHints":{"allow":["GET"]}}],"collection":[{"href":"https:\/\/www.girosgourmet.com.br\/index.php\/wp-json\/wp\/v2\/posts"}],"about":[{"href":"https:\/\/www.girosgourmet.com.br\/index.php\/wp-json\/wp\/v2\/types\/post"}],"author":[{"embeddable":true,"href":"https:\/\/www.girosgourmet.com.br\/index.php\/wp-json\/wp\/v2\/users\/3"}],"replies":[{"embeddable":true,"href":"https:\/\/www.girosgourmet.com.br\/index.php\/wp-json\/wp\/v2\/comments?post=8646"}],"version-history":[{"count":4,"href":"https:\/\/www.girosgourmet.com.br\/index.php\/wp-json\/wp\/v2\/posts\/8646\/revisions"}],"predecessor-version":[{"id":8660,"href":"https:\/\/www.girosgourmet.com.br\/index.php\/wp-json\/wp\/v2\/posts\/8646\/revisions\/8660"}],"wp:attachment":[{"href":"https:\/\/www.girosgourmet.com.br\/index.php\/wp-json\/wp\/v2\/media?parent=8646"}],"wp:term":[{"taxonomy":"category","embeddable":true,"href":"https:\/\/www.girosgourmet.com.br\/index.php\/wp-json\/wp\/v2\/categories?post=8646"},{"taxonomy":"post_tag","embeddable":true,"href":"https:\/\/www.girosgourmet.com.br\/index.php\/wp-json\/wp\/v2\/tags?post=8646"}],"curies":[{"name":"wp","href":"https:\/\/api.w.org\/{rel}","templated":true}]}}