{"id":8231,"date":"2017-09-28T15:08:34","date_gmt":"2017-09-28T18:08:34","guid":{"rendered":"http:\/\/www.girosgourmet.com.br\/?p=8231"},"modified":"2017-09-28T15:13:49","modified_gmt":"2017-09-28T18:13:49","slug":"delicie-se-com-a-gastronomia-cultural-do-festival-santa-na-mesa","status":"publish","type":"post","link":"https:\/\/www.girosgourmet.com.br\/index.php\/delicie-se-com-a-gastronomia-cultural-do-festival-santa-na-mesa\/","title":{"rendered":"Delicie-se com a gastronomia cultural do festival Santa na Mesa!"},"content":{"rendered":"<p style=\"text-align: justify;\"><span style=\"color: #000000;\">Eu n\u00e3o preciso de muitos motivos para visitar o delicioso bairro de <strong>Santa Teresa<\/strong>, no Rio de Janeiro, mas com toda certeza o festival gastron\u00f4mico <strong>Santa na Mesa<\/strong> \u00e9 um daqueles acontecimentos que torna esta visita quase que obrigat\u00f3ria, porque al\u00e9m do encantamento natural que o bairro oferece, o evento possui uma programa\u00e7\u00e3o cultural e gastron\u00f4mica imperd\u00edvel.<\/span><\/p>\n<p style=\"text-align: center;\"><a href=\"http:\/\/www.girosgourmet.com.br\/index.php\/8216__trashed\/santa-teresa_cred-priscila_gaertner-3\/\" rel=\"attachment wp-att-8218\"><img loading=\"lazy\" decoding=\"async\" class=\"aligncenter size-full wp-image-8218\" src=\"http:\/\/www.girosgourmet.com.br\/wp-content\/uploads\/2017\/09\/Santa-Teresa_cred-Priscila_Gaertner-3.jpg\" alt=\"\" width=\"4724\" height=\"3543\" srcset=\"https:\/\/www.girosgourmet.com.br\/wp-content\/uploads\/2017\/09\/Santa-Teresa_cred-Priscila_Gaertner-3.jpg 4724w, https:\/\/www.girosgourmet.com.br\/wp-content\/uploads\/2017\/09\/Santa-Teresa_cred-Priscila_Gaertner-3-300x225.jpg 300w, https:\/\/www.girosgourmet.com.br\/wp-content\/uploads\/2017\/09\/Santa-Teresa_cred-Priscila_Gaertner-3-768x576.jpg 768w, https:\/\/www.girosgourmet.com.br\/wp-content\/uploads\/2017\/09\/Santa-Teresa_cred-Priscila_Gaertner-3-1024x768.jpg 1024w\" sizes=\"auto, (max-width: 4724px) 100vw, 4724px\" \/><\/a><\/p>\n<p style=\"text-align: justify;\"><span style=\"color: #000000;\">O evento que j\u00e1 est\u00e1 rolando desde o dia 22 de setembro, tem acontecido na maior parte do tempo no<strong> Parque das Ru\u00ednas<\/strong>, por l\u00e1 voc\u00eas poder\u00e3o encontrar aos finais de semana a <strong>Feira de Produtores<\/strong>, que apresentar\u00e1 muitos produtos bacanas para levar para casa; produtos org\u00e2nicos, cervejas especiais, peixes, queijos e latic\u00ednios, caf\u00e9s e muito mais.<\/span><\/p>\n<p><a href=\"http:\/\/www.girosgourmet.com.br\/index.php\/8216__trashed\/restaurante-sobrenatural_bobo_cred-priscila_gaertner-2_imprensa\/\" rel=\"attachment wp-att-8217\"><img loading=\"lazy\" decoding=\"async\" class=\"aligncenter size-full wp-image-8217\" src=\"http:\/\/www.girosgourmet.com.br\/wp-content\/uploads\/2017\/09\/Restaurante-Sobrenatural_bob\u00f3_cred-Priscila_Gaertner-2_imprensa.jpg\" alt=\"\" width=\"2362\" height=\"1577\" srcset=\"https:\/\/www.girosgourmet.com.br\/wp-content\/uploads\/2017\/09\/Restaurante-Sobrenatural_bob\u00f3_cred-Priscila_Gaertner-2_imprensa.jpg 2362w, https:\/\/www.girosgourmet.com.br\/wp-content\/uploads\/2017\/09\/Restaurante-Sobrenatural_bob\u00f3_cred-Priscila_Gaertner-2_imprensa-300x200.jpg 300w, https:\/\/www.girosgourmet.com.br\/wp-content\/uploads\/2017\/09\/Restaurante-Sobrenatural_bob\u00f3_cred-Priscila_Gaertner-2_imprensa-768x513.jpg 768w, https:\/\/www.girosgourmet.com.br\/wp-content\/uploads\/2017\/09\/Restaurante-Sobrenatural_bob\u00f3_cred-Priscila_Gaertner-2_imprensa-1024x684.jpg 1024w\" sizes=\"auto, (max-width: 2362px) 100vw, 2362px\" \/><\/a><\/p>\n<p style=\"text-align: justify;\"><span style=\"color: #000000;\">Vai ter tamb\u00e9m o <strong>Amesanta de Bandeja<\/strong> que estar\u00e1 por l\u00e1 com os restaurantes do bairro oferecendo suas principais receitas na vers\u00e3o comida de rua. Outra atrac\u00e3o sedutora para a galera que adora uma aulinha de culin\u00e1ria \u00e9 o <strong>Circo dos Sabores<\/strong>, que tamb\u00e9m acontecer\u00e1 no pr\u00f3ximo final de semana no Parque das Ru\u00ednas. No centro do parque, a galera monta uma cozinha para receber os profissionais do bairro e do cen\u00e1rio gastron\u00f4mico carioca que dar\u00e3o aulinhas f\u00e1ceis e oferecer\u00e3o degusta\u00e7\u00f5es \u00e0 base dos produtos dispon\u00edveis nas barracas de produtores.<\/span><\/p>\n<p style=\"text-align: center;\"><a href=\"http:\/\/www.girosgourmet.com.br\/index.php\/8216__trashed\/ceu-na-terra\/\" rel=\"attachment wp-att-8220\"><img loading=\"lazy\" decoding=\"async\" class=\"aligncenter size-full wp-image-8220\" src=\"http:\/\/www.girosgourmet.com.br\/wp-content\/uploads\/2017\/09\/ceu-na-terra.jpg\" alt=\"\" width=\"645\" height=\"388\" srcset=\"https:\/\/www.girosgourmet.com.br\/wp-content\/uploads\/2017\/09\/ceu-na-terra.jpg 645w, https:\/\/www.girosgourmet.com.br\/wp-content\/uploads\/2017\/09\/ceu-na-terra-300x180.jpg 300w\" sizes=\"auto, (max-width: 645px) 100vw, 645px\" \/><\/a><\/p>\n<p style=\"text-align: justify;\"><span style=\"color: #000000;\">Na programa\u00e7\u00e3o cultural um dos pontos altos ser\u00e1 a comemora\u00e7\u00e3o dos 20 anos do grupo <strong>C\u00e9u na Terra<\/strong> no Parque das Ru\u00ednas, com espet\u00e1culo infantil no dia do encerramento do festival (01\/10) \u00e0s 14h e o tradicional Pastoril \u00e0s 17h. A mostra de cinema Reconex\u00e3o tamb\u00e9m faz parte do circuito, abordando como tema central a alimenta\u00e7\u00e3o. As produ\u00e7\u00f5es selecionadas revelam hist\u00f3rias sobre modelos de produ\u00e7\u00e3o aliment\u00edcia mais saud\u00e1veis para o corpo e para o planeta. No Cine Santa, dias 28, 29 e 30 de setembro, com entrada gratuita.<\/span><\/p>\n<p style=\"text-align: justify;\"><span style=\"color: #000000;\">Amei!<\/span><\/p>\n<p style=\"text-align: justify;\"><strong><span style=\"color: #000000;\">Feira dos Produtores<\/span><\/strong><br \/>\n<span style=\"color: #000000;\"> Dias: 30\/09 e 01\/10<\/span><br \/>\n<span style=\"color: #000000;\"> Hor\u00e1rio: 10h \u00e0s 18h<\/span><br \/>\n<span style=\"color: #000000;\"> Local: Parque das Ru\u00ednas<\/span><\/p>\n<p style=\"text-align: justify;\"><strong><span style=\"color: #000000;\">Circo dos Sabores<\/span><\/strong><br \/>\n<span style=\"color: #000000;\"> Dias: 30\/09 e 01\/10<\/span><br \/>\n<span style=\"color: #000000;\"> Hor\u00e1rio: 10h \u00e0s 16h<\/span><br \/>\n<span style=\"color: #000000;\"> Local: Parque das Ru\u00ednas<\/span><\/p>\n<p style=\"text-align: justify;\"><strong><span style=\"color: #000000;\">Circuito Cultural:<\/span><\/strong><br \/>\n<span style=\"color: #000000;\"> 30\/09 \u00e0s 17h: Choro no Parque e convidados no Terra\u00e7o Panor\u00e2mico do Parque das Ru\u00ednas.<\/span><br \/>\n<span style=\"color: #000000;\"> 30\/09: C\u00e9u na Terra comemora 20 anos com uma festa no Largo das Neves, ao cair da tarde.<\/span><\/p>\n<iframe src=\"http:\/\/www.facebook.com\/plugins\/like.php?href=https:\/\/www.girosgourmet.com.br\/index.php\/delicie-se-com-a-gastronomia-cultural-do-festival-santa-na-mesa\/&amp;layout=standard&amp;show_faces=1&amp;width=450&amp;action=like&amp;colorscheme=light&amp;font=\" scrolling=\"no\" frameborder=\"0\" style=\"border:none; overflow:hidden; width:450px; height:60px\"><\/iframe>","protected":false},"excerpt":{"rendered":"<p>Eu n\u00e3o preciso de muitos motivos para visitar o delicioso bairro de Santa Teresa, no Rio de Janeiro, mas com toda certeza o festival gastron\u00f4mico Santa na Mesa \u00e9 um daqueles acontecimentos que torna esta visita quase que obrigat\u00f3ria, porque al\u00e9m do encantamento natural que o bairro oferece, o evento [&hellip;]<\/p>\n","protected":false},"author":3,"featured_media":0,"comment_status":"open","ping_status":"closed","sticky":false,"template":"","format":"standard","meta":{"footnotes":""},"categories":[39,41],"tags":[1875,1674,1871,111,1873,1874],"class_list":["post-8231","post","type-post","status-publish","format-standard","hentry","category-gastronomia","category-viagens","tag-feira-de-produtores","tag-festival-gastronomico","tag-parque-das-ruinas","tag-rio-de-janeiro","tag-santa-na-mesa","tag-santa-teresa"],"_links":{"self":[{"href":"https:\/\/www.girosgourmet.com.br\/index.php\/wp-json\/wp\/v2\/posts\/8231","targetHints":{"allow":["GET"]}}],"collection":[{"href":"https:\/\/www.girosgourmet.com.br\/index.php\/wp-json\/wp\/v2\/posts"}],"about":[{"href":"https:\/\/www.girosgourmet.com.br\/index.php\/wp-json\/wp\/v2\/types\/post"}],"author":[{"embeddable":true,"href":"https:\/\/www.girosgourmet.com.br\/index.php\/wp-json\/wp\/v2\/users\/3"}],"replies":[{"embeddable":true,"href":"https:\/\/www.girosgourmet.com.br\/index.php\/wp-json\/wp\/v2\/comments?post=8231"}],"version-history":[{"count":3,"href":"https:\/\/www.girosgourmet.com.br\/index.php\/wp-json\/wp\/v2\/posts\/8231\/revisions"}],"predecessor-version":[{"id":8234,"href":"https:\/\/www.girosgourmet.com.br\/index.php\/wp-json\/wp\/v2\/posts\/8231\/revisions\/8234"}],"wp:attachment":[{"href":"https:\/\/www.girosgourmet.com.br\/index.php\/wp-json\/wp\/v2\/media?parent=8231"}],"wp:term":[{"taxonomy":"category","embeddable":true,"href":"https:\/\/www.girosgourmet.com.br\/index.php\/wp-json\/wp\/v2\/categories?post=8231"},{"taxonomy":"post_tag","embeddable":true,"href":"https:\/\/www.girosgourmet.com.br\/index.php\/wp-json\/wp\/v2\/tags?post=8231"}],"curies":[{"name":"wp","href":"https:\/\/api.w.org\/{rel}","templated":true}]}}