{"id":8156,"date":"2017-09-15T11:32:42","date_gmt":"2017-09-15T14:32:42","guid":{"rendered":"http:\/\/www.girosgourmet.com.br\/?p=8156"},"modified":"2017-09-15T11:32:51","modified_gmt":"2017-09-15T14:32:51","slug":"em-setembro-o-festival-mais-apimentado-da-bahia","status":"publish","type":"post","link":"https:\/\/www.girosgourmet.com.br\/index.php\/em-setembro-o-festival-mais-apimentado-da-bahia\/","title":{"rendered":"Em setembro o Festival mais apimentado da Bahia!"},"content":{"rendered":"<p style=\"text-align: center;\"><a href=\"http:\/\/www.girosgourmet.com.br\/index.php\/em-setembro-o-festival-mais-apimentado-da-bahia\/temperos_a_mesa\/\" rel=\"attachment wp-att-8157\"><img loading=\"lazy\" decoding=\"async\" class=\"aligncenter size-full wp-image-8157\" src=\"http:\/\/www.girosgourmet.com.br\/wp-content\/uploads\/2017\/09\/temperos_a_mesa.jpg\" alt=\"\" width=\"1600\" height=\"1066\" srcset=\"https:\/\/www.girosgourmet.com.br\/wp-content\/uploads\/2017\/09\/temperos_a_mesa.jpg 1600w, https:\/\/www.girosgourmet.com.br\/wp-content\/uploads\/2017\/09\/temperos_a_mesa-300x200.jpg 300w, https:\/\/www.girosgourmet.com.br\/wp-content\/uploads\/2017\/09\/temperos_a_mesa-768x512.jpg 768w, https:\/\/www.girosgourmet.com.br\/wp-content\/uploads\/2017\/09\/temperos_a_mesa-1024x682.jpg 1024w\" sizes=\"auto, (max-width: 1600px) 100vw, 1600px\" \/><\/a><\/p>\n<p style=\"text-align: justify;\">Em alguns dias estarei indo para a <strong>Bahia<\/strong>, e se voc\u00ea est\u00e1 indo tamb\u00e9m, esta \u00e9 a oportunidade \u00fanica para conhecer o festival gastron\u00f4mico que encantar\u00e1 a todos neste m\u00eas de setembro. H\u00e1 11 anos o <strong>festival Tempero da Bahia<\/strong>, que rolava na Praia do Forte, vai acontecer este ano em Salvador, e receber\u00e1 chefs de todo o Brasil, com cria\u00e7\u00f5es genu\u00ednas que exalam frescor, criatividade e baianidade.<\/p>\n<p style=\"text-align: justify;\">Com o tema <strong>\u201cBa\u00eda de Todos os Santos\u201d<\/strong>, voc\u00ea poder\u00e1 at\u00e9 o dia 24 de setembro, degustar menus com parcerias incr\u00edveis e in\u00e9ditas, aulas pr\u00e1ticas com chefs maravilhosos, workshops, shows, e muita coisa legal que ocorrer\u00e1 simultaneamente na cidade.<\/p>\n<p style=\"text-align: center;\"><a href=\"http:\/\/www.girosgourmet.com.br\/index.php\/em-setembro-o-festival-mais-apimentado-da-bahia\/attachment\/1679\/\" rel=\"attachment wp-att-8159\"><img loading=\"lazy\" decoding=\"async\" class=\"aligncenter size-full wp-image-8159\" src=\"http:\/\/www.girosgourmet.com.br\/wp-content\/uploads\/2017\/09\/1679.jpg\" alt=\"\" width=\"620\" height=\"415\" srcset=\"https:\/\/www.girosgourmet.com.br\/wp-content\/uploads\/2017\/09\/1679.jpg 620w, https:\/\/www.girosgourmet.com.br\/wp-content\/uploads\/2017\/09\/1679-300x201.jpg 300w\" sizes=\"auto, (max-width: 620px) 100vw, 620px\" \/><\/a><\/p>\n<p style=\"text-align: justify;\">Hoje por exemplo tem aula com o chef <strong>Cesar Santos, Beto Pimentel, Jaqueline Bispo e Richard Fhelberg.<\/strong> No s\u00e1bado o festival abre o <strong>Espa\u00e7o da Cerveja<\/strong>, no Passeio P\u00fablico a partir das 11 horas da manh\u00e3. J\u00e1 <strong>Fabr\u00edcio Lemos<\/strong>, do Origem, vai criar um menu em parceria com o <strong>chef Dalton Rangel<\/strong>, com um menu degusta\u00e7\u00e3o em 8 etapas. Circulando pela Orla da cidade, e chegando aos bairros da Pituba e Caminho das \u00c1rvores, os italianos\u00a0<b>Bella Napoli<\/b>, conduzido pela chef\u00a0<b>Anna Angelino<\/b>, servir\u00e1 um\u00a0<i>Ravioli de Fumeiro<\/i>, recheado com fumeiro, cebola caramelada, musseline de banana da terra e coalho, e o\u00a0<b>La Pasta Gialla<\/b>, do famoso chef\u00a0<b>Sergio Arno<\/b>, prop\u00f5e um\u00a0<i>Gnocchi de banana da terra com ragu de carne seca<\/i>. O\u00a0<b>Caju<\/b>, que tem no comando da cozinha o chef\u00a0<b>Luis Carlos<\/b>, ter\u00e1 um\u00a0<i>Badejo recheado com Camar\u00e3o<\/i>, acompanhado de risoto de ab\u00f3bora e molho de castanha de caju.<\/p>\n<p style=\"text-align: justify;\">Durante o Festival, tamb\u00e9m ocorrer\u00e1 o Congresso da <strong>Boa Lembran\u00e7a,<\/strong> que reunir\u00e1 cerca de 50 chefs e donos de restaurantes de todo o Brasil.<\/p>\n<p style=\"text-align: justify;\">Todos os dias tem uma programa\u00e7\u00e3o muito legal, e todas imperd\u00edveis, sem exce\u00e7\u00e3o. <a href=\"http:\/\/www.temperobahia.com.br\/programacao\/index.html\"><span style=\"color: #0000ff;\"><strong>Clica aqui<\/strong><\/span><\/a> e veja o roteiro completo!<\/p>\n<p style=\"text-align: justify;\">Salvador vai ferver e a Giros estar\u00e1 por l\u00e1! Ax\u00e9eeeeeeeeeeee<\/p>\n<iframe src=\"http:\/\/www.facebook.com\/plugins\/like.php?href=https:\/\/www.girosgourmet.com.br\/index.php\/em-setembro-o-festival-mais-apimentado-da-bahia\/&amp;layout=standard&amp;show_faces=1&amp;width=450&amp;action=like&amp;colorscheme=light&amp;font=\" scrolling=\"no\" frameborder=\"0\" style=\"border:none; overflow:hidden; width:450px; height:60px\"><\/iframe>","protected":false},"excerpt":{"rendered":"<p>Em alguns dias estarei indo para a Bahia, e se voc\u00ea est\u00e1 indo tamb\u00e9m, esta \u00e9 a oportunidade \u00fanica para conhecer o festival gastron\u00f4mico que encantar\u00e1 a todos neste m\u00eas de setembro. H\u00e1 11 anos o festival Tempero da Bahia, que rolava na Praia do Forte, vai acontecer este ano [&hellip;]<\/p>\n","protected":false},"author":3,"featured_media":0,"comment_status":"open","ping_status":"closed","sticky":false,"template":"","format":"standard","meta":{"footnotes":""},"categories":[39,41],"tags":[220,1856,1855,1010,1853,1854,36],"class_list":["post-8156","post","type-post","status-publish","format-standard","hentry","category-gastronomia","category-viagens","tag-bahia","tag-baia-de-todos-os-santos","tag-beto-pimentel","tag-chef-dalton-rangel","tag-festival-tempero-da-bahia","tag-praia-do-forte","tag-salvador"],"_links":{"self":[{"href":"https:\/\/www.girosgourmet.com.br\/index.php\/wp-json\/wp\/v2\/posts\/8156","targetHints":{"allow":["GET"]}}],"collection":[{"href":"https:\/\/www.girosgourmet.com.br\/index.php\/wp-json\/wp\/v2\/posts"}],"about":[{"href":"https:\/\/www.girosgourmet.com.br\/index.php\/wp-json\/wp\/v2\/types\/post"}],"author":[{"embeddable":true,"href":"https:\/\/www.girosgourmet.com.br\/index.php\/wp-json\/wp\/v2\/users\/3"}],"replies":[{"embeddable":true,"href":"https:\/\/www.girosgourmet.com.br\/index.php\/wp-json\/wp\/v2\/comments?post=8156"}],"version-history":[{"count":3,"href":"https:\/\/www.girosgourmet.com.br\/index.php\/wp-json\/wp\/v2\/posts\/8156\/revisions"}],"predecessor-version":[{"id":8162,"href":"https:\/\/www.girosgourmet.com.br\/index.php\/wp-json\/wp\/v2\/posts\/8156\/revisions\/8162"}],"wp:attachment":[{"href":"https:\/\/www.girosgourmet.com.br\/index.php\/wp-json\/wp\/v2\/media?parent=8156"}],"wp:term":[{"taxonomy":"category","embeddable":true,"href":"https:\/\/www.girosgourmet.com.br\/index.php\/wp-json\/wp\/v2\/categories?post=8156"},{"taxonomy":"post_tag","embeddable":true,"href":"https:\/\/www.girosgourmet.com.br\/index.php\/wp-json\/wp\/v2\/tags?post=8156"}],"curies":[{"name":"wp","href":"https:\/\/api.w.org\/{rel}","templated":true}]}}