{"id":8078,"date":"2017-08-29T17:51:56","date_gmt":"2017-08-29T20:51:56","guid":{"rendered":"http:\/\/www.girosgourmet.com.br\/?p=8078"},"modified":"2017-08-29T17:52:07","modified_gmt":"2017-08-29T20:52:07","slug":"ii-feijoada-do-bem-rola-no-proximo-domingo-3-em-sao-paulo","status":"publish","type":"post","link":"https:\/\/www.girosgourmet.com.br\/index.php\/ii-feijoada-do-bem-rola-no-proximo-domingo-3-em-sao-paulo\/","title":{"rendered":"II Feijoada do Bem rola no pr\u00f3ximo domingo (3), em S\u00e3o Paulo."},"content":{"rendered":"<p style=\"text-align: center;\"><a href=\"http:\/\/www.girosgourmet.com.br\/index.php\/ii-feijoada-do-bem-rola-no-proximo-domingo-3-em-sao-paulo\/feijoada\/\" rel=\"attachment wp-att-8079\"><img loading=\"lazy\" decoding=\"async\" class=\"aligncenter size-full wp-image-8079\" src=\"http:\/\/www.girosgourmet.com.br\/wp-content\/uploads\/2017\/08\/Feijoada.jpg\" alt=\"\" width=\"285\" height=\"285\" srcset=\"https:\/\/www.girosgourmet.com.br\/wp-content\/uploads\/2017\/08\/Feijoada.jpg 285w, https:\/\/www.girosgourmet.com.br\/wp-content\/uploads\/2017\/08\/Feijoada-150x150.jpg 150w, https:\/\/www.girosgourmet.com.br\/wp-content\/uploads\/2017\/08\/Feijoada-100x100.jpg 100w\" sizes=\"auto, (max-width: 285px) 100vw, 285px\" \/><\/a><\/p>\n<p style=\"text-align: justify;\">Se \u00e9 para ajudar a quem precisa, Domingo tamb\u00e9m pode ser dia de feijoada, porque n\u00e3o?! A segunda edi\u00e7\u00e3o da <strong>Feijoada do Bem<\/strong> da <strong>Funda\u00e7\u00e3o Dorina<\/strong> vai rolar no pr\u00f3ximo domingo, dia 03 de setembro. A data tamb\u00e9m simboliza o <strong>Dia Municipal do Braille<\/strong> em S\u00e3o Paulo. Toda renda deste almo\u00e7o divertido ser\u00e1 revertido para os servi\u00e7os de reabilita\u00e7\u00e3o e produ\u00e7\u00e3o de livros acess\u00edveis da <strong>Funda\u00e7\u00e3o Dorina Nowill<\/strong> para Cegos.<\/p>\n<p style=\"text-align: justify;\">Al\u00e9m de Sorteios e Bingos com prendas imperd\u00edveis, o evento contar\u00e1 com a participa\u00e7\u00e3o de um grupo de chorinho e uma escola de samba, para alegrar o dia e harmonizar com uma das receitas mais tradicionais da nossa rica culin\u00e1ria.<\/p>\n<p style=\"text-align: center;\"><a href=\"http:\/\/www.girosgourmet.com.br\/index.php\/ii-feijoada-do-bem-rola-no-proximo-domingo-3-em-sao-paulo\/feijoadadalana\/\" rel=\"attachment wp-att-8081\"><img loading=\"lazy\" decoding=\"async\" class=\"aligncenter size-full wp-image-8081\" src=\"http:\/\/www.girosgourmet.com.br\/wp-content\/uploads\/2017\/08\/feijoadadalana.jpeg\" alt=\"\" width=\"928\" height=\"613\" srcset=\"https:\/\/www.girosgourmet.com.br\/wp-content\/uploads\/2017\/08\/feijoadadalana.jpeg 928w, https:\/\/www.girosgourmet.com.br\/wp-content\/uploads\/2017\/08\/feijoadadalana-300x198.jpeg 300w, https:\/\/www.girosgourmet.com.br\/wp-content\/uploads\/2017\/08\/feijoadadalana-768x507.jpeg 768w\" sizes=\"auto, (max-width: 928px) 100vw, 928px\" \/><\/a><\/p>\n<p style=\"text-align: center;\">\n<p style=\"text-align: justify;\">A II Feijoada do Bem acontecer\u00e1 em S\u00e3o Paulo, e os ingressos custam R$140, para adultos, com direito a uma deliciosa feijoada completa, bebidas n\u00e3o alco\u00f3licas, sobremesa e caf\u00e9. As crian\u00e7as de at\u00e9 7 anos t\u00eam entrada gratuita e para as que tem entre 7 e 11 anos, o ingresso custa R$70.<\/p>\n<p style=\"text-align: justify;\">Para garantir o ingresso pela internet, acesse <strong><span style=\"color: #0000ff;\"><a href=\"http:\/\/www.fundacaodorina.org.br\/feijoada\">www.fundacaodorina.org.br\/feijoada<\/a> <\/span><\/strong>ou compre diretamente na institui\u00e7\u00e3o \u2013 Rua Doutor Diogo de Faria, 558 \u2013 Vila Clementino. Informa\u00e7\u00f5es: (11) 5087-0943 e 5087-0978 ou e-mail <strong><span style=\"color: #0000ff;\"><a href=\"mailto:feijoada@fundacaodorina.org.br\">feijoada@fundacaodorina.org.br<\/a>.<\/span><\/strong><\/p>\n<p style=\"text-align: justify;\">\n<p style=\"text-align: justify;\">Divirtam-se!<\/p>\n<iframe src=\"http:\/\/www.facebook.com\/plugins\/like.php?href=https:\/\/www.girosgourmet.com.br\/index.php\/ii-feijoada-do-bem-rola-no-proximo-domingo-3-em-sao-paulo\/&amp;layout=standard&amp;show_faces=1&amp;width=450&amp;action=like&amp;colorscheme=light&amp;font=\" scrolling=\"no\" frameborder=\"0\" style=\"border:none; overflow:hidden; width:450px; height:60px\"><\/iframe>","protected":false},"excerpt":{"rendered":"<p>Se \u00e9 para ajudar a quem precisa, Domingo tamb\u00e9m pode ser dia de feijoada, porque n\u00e3o?! A segunda edi\u00e7\u00e3o da Feijoada do Bem da Funda\u00e7\u00e3o Dorina vai rolar no pr\u00f3ximo domingo, dia 03 de setembro. A data tamb\u00e9m simboliza o Dia Municipal do Braille em S\u00e3o Paulo. Toda renda deste [&hellip;]<\/p>\n","protected":false},"author":3,"featured_media":0,"comment_status":"open","ping_status":"closed","sticky":false,"template":"","format":"standard","meta":{"footnotes":""},"categories":[40,39],"tags":[1830,1829,710,1828,1350],"class_list":["post-8078","post","type-post","status-publish","format-standard","hentry","category-culturamodabelezabem-estar","category-gastronomia","tag-braille","tag-cegos","tag-feijoada","tag-feijoada-do-bem","tag-fundacao-dorina-para-cegos"],"_links":{"self":[{"href":"https:\/\/www.girosgourmet.com.br\/index.php\/wp-json\/wp\/v2\/posts\/8078","targetHints":{"allow":["GET"]}}],"collection":[{"href":"https:\/\/www.girosgourmet.com.br\/index.php\/wp-json\/wp\/v2\/posts"}],"about":[{"href":"https:\/\/www.girosgourmet.com.br\/index.php\/wp-json\/wp\/v2\/types\/post"}],"author":[{"embeddable":true,"href":"https:\/\/www.girosgourmet.com.br\/index.php\/wp-json\/wp\/v2\/users\/3"}],"replies":[{"embeddable":true,"href":"https:\/\/www.girosgourmet.com.br\/index.php\/wp-json\/wp\/v2\/comments?post=8078"}],"version-history":[{"count":2,"href":"https:\/\/www.girosgourmet.com.br\/index.php\/wp-json\/wp\/v2\/posts\/8078\/revisions"}],"predecessor-version":[{"id":8083,"href":"https:\/\/www.girosgourmet.com.br\/index.php\/wp-json\/wp\/v2\/posts\/8078\/revisions\/8083"}],"wp:attachment":[{"href":"https:\/\/www.girosgourmet.com.br\/index.php\/wp-json\/wp\/v2\/media?parent=8078"}],"wp:term":[{"taxonomy":"category","embeddable":true,"href":"https:\/\/www.girosgourmet.com.br\/index.php\/wp-json\/wp\/v2\/categories?post=8078"},{"taxonomy":"post_tag","embeddable":true,"href":"https:\/\/www.girosgourmet.com.br\/index.php\/wp-json\/wp\/v2\/tags?post=8078"}],"curies":[{"name":"wp","href":"https:\/\/api.w.org\/{rel}","templated":true}]}}