{"id":8072,"date":"2017-08-28T17:36:43","date_gmt":"2017-08-28T20:36:43","guid":{"rendered":"http:\/\/www.girosgourmet.com.br\/?p=8072"},"modified":"2017-08-28T17:36:55","modified_gmt":"2017-08-28T20:36:55","slug":"festival-na-capital-paulista-traz-as-delicias-do-para","status":"publish","type":"post","link":"https:\/\/www.girosgourmet.com.br\/index.php\/festival-na-capital-paulista-traz-as-delicias-do-para\/","title":{"rendered":"Festival na Capital Paulista traz as del\u00edcias do Par\u00e1!"},"content":{"rendered":"<p style=\"text-align: center;\"><a href=\"http:\/\/www.girosgourmet.com.br\/index.php\/festival-na-capital-paulista-traz-as-delicias-do-para\/gastro2\/\" rel=\"attachment wp-att-8073\"><img loading=\"lazy\" decoding=\"async\" class=\"aligncenter size-full wp-image-8073\" src=\"http:\/\/www.girosgourmet.com.br\/wp-content\/uploads\/2017\/08\/Gastro2.jpg\" alt=\"\" width=\"1875\" height=\"1251\" srcset=\"https:\/\/www.girosgourmet.com.br\/wp-content\/uploads\/2017\/08\/Gastro2.jpg 1875w, https:\/\/www.girosgourmet.com.br\/wp-content\/uploads\/2017\/08\/Gastro2-300x200.jpg 300w, https:\/\/www.girosgourmet.com.br\/wp-content\/uploads\/2017\/08\/Gastro2-768x512.jpg 768w, https:\/\/www.girosgourmet.com.br\/wp-content\/uploads\/2017\/08\/Gastro2-1024x683.jpg 1024w\" sizes=\"auto, (max-width: 1875px) 100vw, 1875px\" \/><\/a><\/p>\n<p style=\"text-align: justify;\">Voc\u00ea tem curiosidade sobre a rica <strong>culin\u00e1ria paraense<\/strong>? Ent\u00e3o a partir de amanh\u00e3 voc\u00ea poder\u00e1 conferi-la em um um super festival que acontece em S\u00e3o Paulo, o evento <em><strong>Cozinha do Par\u00e1<\/strong>, <strong>a obra-prima da Amaz\u00f4nia<\/strong>,<\/em> tem o intuito de divulgar a cozinha do Par\u00e1, bem como seus ingredientes t\u00edpicos para fomentar e incentivar o turismo gastron\u00f4mico no estado do Par\u00e1. Dividido em tr\u00eas etapas, o evento contar\u00e1 com a participa\u00e7\u00e3o de chefs paulistanos que montar\u00e3o, em parceria com chefs paraenses, menus especiais para o per\u00edodo, com produtos t\u00edpicos do Par\u00e1.<\/p>\n<p style=\"text-align: justify;\">Nos dias 29 e 30 de agosto, a <strong>chef Mara Salles<\/strong> recebe no <strong>Tordesilhas<\/strong> o chef <strong>Saulo Jennings<\/strong> (Santar\u00e9m-PA), que juntos preparar\u00e3o o menu com Mojica de Avi\u00fa, Lasca de Mapar\u00e1 Grelhado e Vinagrete da Floresta, Bolinho de Piracu\u00ed, Geleia de Cupua\u00e7u e Pimenta, de entrada; Feij\u00e3o de corda em vagem assado na brasa e leite de castanhas, arroz de tacac\u00e1, Piracaia e tub\u00e9rculos, como prato principal e Frutas locais e Doce de Tapaj\u00f3s de sobremesa, por R$ 170.<\/p>\n<p style=\"text-align: justify;\">J\u00e1 nos dias 30 e 31 de agosto, \u00e9 a vez do <strong>chef Elton Junior<\/strong> receber no <strong>Dalva e Dito<\/strong> a chef de Bel\u00e9m, <strong>Daniela Martins<\/strong> para executarem o menu que ter\u00e1 como entrada Pirarucu salgado com salada de feij\u00e3o manteiguinha de Santar\u00e9m; o prato principal ser\u00e1 Filhote temperado com tucupi preto em crosta de farinha d\u2019agua com pur\u00ea r\u00fastico de macaxeira e redu\u00e7\u00e3o de tucupi amarelo e porco com tapereb\u00e1 e de sobremesa Castanhada com calda de jambu, por R$ 189. Ou R$ 289 com harmoniza\u00e7\u00e3o.<\/p>\n<div id=\"attachment_8074\" style=\"width: 510px\" class=\"wp-caption aligncenter\"><a href=\"http:\/\/www.girosgourmet.com.br\/index.php\/festival-na-capital-paulista-traz-as-delicias-do-para\/ofir\/\" rel=\"attachment wp-att-8074\"><img loading=\"lazy\" decoding=\"async\" aria-describedby=\"caption-attachment-8074\" class=\"size-full wp-image-8074\" src=\"http:\/\/www.girosgourmet.com.br\/wp-content\/uploads\/2017\/08\/ofir.jpg\" alt=\"\" width=\"500\" height=\"333\" srcset=\"https:\/\/www.girosgourmet.com.br\/wp-content\/uploads\/2017\/08\/ofir.jpg 500w, https:\/\/www.girosgourmet.com.br\/wp-content\/uploads\/2017\/08\/ofir-300x200.jpg 300w\" sizes=\"auto, (max-width: 500px) 100vw, 500px\" \/><\/a><p id=\"caption-attachment-8074\" class=\"wp-caption-text\">Chef Ofir Oliveira<\/p><\/div>\n<p style=\"text-align: justify;\">Entre 31 de agosto a 2 de setembro, o<strong> chef Meia Noite<\/strong>, ir\u00e1 cozinhar com o <strong>chef Ofir Oliveira<\/strong>, no restaurante <strong>Capim Santo<\/strong>. O menu ter\u00e1 Tacac\u00e1, Croquete de pupunha com pesto de jambu e Patola de caranguejo de entrada; Pato no tucupi de prato principal e sonho de tapioca com recheio de cupua\u00e7u e Sorbet de queijo do Maraj\u00f3 de sobremesa. O menu sai por R$ 180. Tamb\u00e9m, entre os dias 28 e 2 de setembro, dois restaurantes do <strong>Mercado de Pinheiros<\/strong> v\u00e3o servir alguns pratos especiais com produtos t\u00edpicos do Par\u00e1, caso da pizzaria <strong>Napoli Centrale Pizza e a Comedoria Gonzales<\/strong>.<\/p>\n<p style=\"text-align: justify;\">A segunda etapa do evento, dia 31 de agosto a partir das 18h45, ser\u00e1 a abertura que acontecer\u00e1 no restaurante Capim Santo e contar\u00e1 com palestras voltadas para neg\u00f3cios, e na sequ\u00eancia jantar tem\u00e1tico, voltado para a imprensa. De acordo com a diretora de Produtos Tur\u00edsticos da Setur-PA, Concei\u00e7\u00e3o Silva, \u201co Encontro de Neg\u00f3cios ter\u00e1 uma din\u00e2mica diferente. Acontecer\u00e1 durante um jantar que apresentar\u00e1 a culin\u00e1ria paraense. O jantar ter\u00e1 ainda a participa\u00e7\u00e3o de L\u00facia Torres, boieira (cozinheira) do Mercado do Ver-O-Peso\u201d, explica.<\/p>\n<div id=\"attachment_8075\" style=\"width: 1045px\" class=\"wp-caption aligncenter\"><a href=\"http:\/\/www.girosgourmet.com.br\/index.php\/festival-na-capital-paulista-traz-as-delicias-do-para\/mercado-de-pinheiros-geral\/\" rel=\"attachment wp-att-8075\"><img loading=\"lazy\" decoding=\"async\" aria-describedby=\"caption-attachment-8075\" class=\"size-full wp-image-8075\" src=\"http:\/\/www.girosgourmet.com.br\/wp-content\/uploads\/2017\/08\/mercado-de-pinheiros-geral.jpg\" alt=\"\" width=\"1035\" height=\"582\" srcset=\"https:\/\/www.girosgourmet.com.br\/wp-content\/uploads\/2017\/08\/mercado-de-pinheiros-geral.jpg 1035w, https:\/\/www.girosgourmet.com.br\/wp-content\/uploads\/2017\/08\/mercado-de-pinheiros-geral-300x169.jpg 300w, https:\/\/www.girosgourmet.com.br\/wp-content\/uploads\/2017\/08\/mercado-de-pinheiros-geral-768x432.jpg 768w, https:\/\/www.girosgourmet.com.br\/wp-content\/uploads\/2017\/08\/mercado-de-pinheiros-geral-1024x576.jpg 1024w\" sizes=\"auto, (max-width: 1035px) 100vw, 1035px\" \/><\/a><p id=\"caption-attachment-8075\" class=\"wp-caption-text\">Mercado de Pinheiros<\/p><\/div>\n<p style=\"text-align: justify;\">A \u00faltima etapa do evento acontecer\u00e1 nos dias 1 e 2 de setembro, no Mercado de Pinheiros, com rodadas de bate papo com chefs e produtores locais falando sobre a import\u00e2ncia da gastronomia paraense, suas origens e curiosidades, al\u00e9m de empresas apresentando, vendendo e degusta\u00e7\u00e3o de produtos t\u00edpicos<\/p>\n<p style=\"text-align: justify;\"><strong><u>Servi\u00e7o<\/u><\/strong>:<br \/>\n<strong>Tordesilhas<\/strong> &#8211; Jantar. DATA: 29 e 30 de agosto. Endere\u00e7o: Alameda Tiet\u00ea, 489 &#8211; Cerqueira C\u00e9sar. Telefone: (11) 3107-7444. Chef convidado: Saulo Jennings (Santar\u00e9m \u2013 PA). Residente: Mara Salles.<\/p>\n<p style=\"text-align: justify;\"><strong>Mercado de Pinheiros<\/strong>, v\u00e3o central. <strong>DATA<\/strong>: 01 e 02 de setembro. <strong>END.<\/strong>: Rua Pedro Cristi, 89 &#8211; Pinheiros &#8211; S\u00e3o Paulo <strong>HOR\u00c1RIO<\/strong>: Das 10h \u00e0s 18h<\/p>\n<p style=\"text-align: justify;\"><strong>Dalva e Dito<\/strong> \u2013 Jantar. DATA: 30 e 31 de agosto. Endere\u00e7o: Rua Padre Jo\u00e3o Manoel, 1115 \u2013 Cerqueira C\u00e9sar. Telefone: (11) 3068-4444. Chef convidada: Daniela Martins. Residente: Elton J\u00fanior.<\/p>\n<p style=\"text-align: justify;\"><strong>Capim Santo<\/strong> \u2013 jantar. Data: 31 de agosto a 2 de setembro. Endere\u00e7o: Av. Ministro Rocha Azevedo, 471. Telefone: (11) 3089-9500. Chef convidado: Ofir Oliveira. Residente: Chef Meia Noite.<\/p>\n<iframe src=\"http:\/\/www.facebook.com\/plugins\/like.php?href=https:\/\/www.girosgourmet.com.br\/index.php\/festival-na-capital-paulista-traz-as-delicias-do-para\/&amp;layout=standard&amp;show_faces=1&amp;width=450&amp;action=like&amp;colorscheme=light&amp;font=\" scrolling=\"no\" frameborder=\"0\" style=\"border:none; overflow:hidden; width:450px; height:60px\"><\/iframe>","protected":false},"excerpt":{"rendered":"<p>Voc\u00ea tem curiosidade sobre a rica culin\u00e1ria paraense? Ent\u00e3o a partir de amanh\u00e3 voc\u00ea poder\u00e1 conferi-la em um um super festival que acontece em S\u00e3o Paulo, o evento Cozinha do Par\u00e1, a obra-prima da Amaz\u00f4nia, tem o intuito de divulgar a cozinha do Par\u00e1, bem como seus ingredientes t\u00edpicos para [&hellip;]<\/p>\n","protected":false},"author":3,"featured_media":0,"comment_status":"open","ping_status":"closed","sticky":false,"template":"","format":"standard","meta":{"footnotes":""},"categories":[39],"tags":[1405,837,1826,1825,1424,1827,1407],"class_list":["post-8072","post","type-post","status-publish","format-standard","hentry","category-gastronomia","tag-belem-do-para","tag-capim-santo","tag-cozinha-do-para","tag-culinaria-paraense","tag-dalva-e-dito","tag-mercado-de-pinheiros","tag-para"],"_links":{"self":[{"href":"https:\/\/www.girosgourmet.com.br\/index.php\/wp-json\/wp\/v2\/posts\/8072","targetHints":{"allow":["GET"]}}],"collection":[{"href":"https:\/\/www.girosgourmet.com.br\/index.php\/wp-json\/wp\/v2\/posts"}],"about":[{"href":"https:\/\/www.girosgourmet.com.br\/index.php\/wp-json\/wp\/v2\/types\/post"}],"author":[{"embeddable":true,"href":"https:\/\/www.girosgourmet.com.br\/index.php\/wp-json\/wp\/v2\/users\/3"}],"replies":[{"embeddable":true,"href":"https:\/\/www.girosgourmet.com.br\/index.php\/wp-json\/wp\/v2\/comments?post=8072"}],"version-history":[{"count":2,"href":"https:\/\/www.girosgourmet.com.br\/index.php\/wp-json\/wp\/v2\/posts\/8072\/revisions"}],"predecessor-version":[{"id":8077,"href":"https:\/\/www.girosgourmet.com.br\/index.php\/wp-json\/wp\/v2\/posts\/8072\/revisions\/8077"}],"wp:attachment":[{"href":"https:\/\/www.girosgourmet.com.br\/index.php\/wp-json\/wp\/v2\/media?parent=8072"}],"wp:term":[{"taxonomy":"category","embeddable":true,"href":"https:\/\/www.girosgourmet.com.br\/index.php\/wp-json\/wp\/v2\/categories?post=8072"},{"taxonomy":"post_tag","embeddable":true,"href":"https:\/\/www.girosgourmet.com.br\/index.php\/wp-json\/wp\/v2\/tags?post=8072"}],"curies":[{"name":"wp","href":"https:\/\/api.w.org\/{rel}","templated":true}]}}