{"id":8025,"date":"2017-08-18T00:01:59","date_gmt":"2017-08-18T03:01:59","guid":{"rendered":"http:\/\/www.girosgourmet.com.br\/?p=8025"},"modified":"2017-08-18T14:01:14","modified_gmt":"2017-08-18T17:01:14","slug":"famoso-festival-de-camarao-em-ilha-bela-comeca-neste-final-de-semana","status":"publish","type":"post","link":"https:\/\/www.girosgourmet.com.br\/index.php\/famoso-festival-de-camarao-em-ilha-bela-comeca-neste-final-de-semana\/","title":{"rendered":"Festival  tradicionalissimo de Camar\u00e3o em Ilha Bela, come\u00e7a neste final de semana!"},"content":{"rendered":"<p style=\"text-align: center;\"><a href=\"http:\/\/www.girosgourmet.com.br\/index.php\/famoso-festival-de-camarao-em-ilha-bela-comeca-neste-final-de-semana\/barba-frutos-do-mar\/\" rel=\"attachment wp-att-8026\"><img loading=\"lazy\" decoding=\"async\" class=\"aligncenter size-full wp-image-8026\" src=\"http:\/\/www.girosgourmet.com.br\/wp-content\/uploads\/2017\/08\/Barba-Frutos-do-Mar.jpg\" alt=\"\" width=\"1280\" height=\"853\" srcset=\"https:\/\/www.girosgourmet.com.br\/wp-content\/uploads\/2017\/08\/Barba-Frutos-do-Mar.jpg 1280w, https:\/\/www.girosgourmet.com.br\/wp-content\/uploads\/2017\/08\/Barba-Frutos-do-Mar-300x200.jpg 300w, https:\/\/www.girosgourmet.com.br\/wp-content\/uploads\/2017\/08\/Barba-Frutos-do-Mar-768x512.jpg 768w, https:\/\/www.girosgourmet.com.br\/wp-content\/uploads\/2017\/08\/Barba-Frutos-do-Mar-1024x682.jpg 1024w\" sizes=\"auto, (max-width: 1280px) 100vw, 1280px\" \/><\/a><\/p>\n<p style=\"text-align: justify;\">Est\u00e1 indo para <strong>Ilha Bela<\/strong> este final de semana? Ent\u00e3o a Giros te dar\u00e1 mais um motivo para voc\u00ea ir feliz&#8230;vai rolar a partir de hoje (18) um dos festivais mais tradicionais da Ilha, a <strong>22\u00aa edi\u00e7\u00e3o do Festival Do Camar\u00e3o.<\/strong><\/p>\n<p style=\"text-align: justify;\">Al\u00e9m de muita comida envolvida, este ano o evento contar\u00e1 com as mais diversas receitas exclusivas de 49 casas locais. Al\u00e9m da comilan\u00e7a voc\u00ea poder\u00e1 se esbaldar em shows musicais, aulas com chefs renomados e tudo isso estar\u00e1 acontecendo no centrinho charmoso da cidade.<\/p>\n<p style=\"text-align: center;\"><a href=\"http:\/\/www.girosgourmet.com.br\/index.php\/famoso-festival-de-camarao-em-ilha-bela-comeca-neste-final-de-semana\/leonardo-masterchef\/\" rel=\"attachment wp-att-8028\"><img loading=\"lazy\" decoding=\"async\" class=\"aligncenter size-full wp-image-8028\" src=\"http:\/\/www.girosgourmet.com.br\/wp-content\/uploads\/2017\/08\/leonardo-masterchef.jpg\" alt=\"\" width=\"640\" height=\"400\" srcset=\"https:\/\/www.girosgourmet.com.br\/wp-content\/uploads\/2017\/08\/leonardo-masterchef.jpg 640w, https:\/\/www.girosgourmet.com.br\/wp-content\/uploads\/2017\/08\/leonardo-masterchef-300x188.jpg 300w\" sizes=\"auto, (max-width: 640px) 100vw, 640px\" \/><\/a><\/p>\n<p style=\"text-align: justify;\">A abertura est\u00e1 programada para \u00e0s 19h, com a primeira aula comandada por um chef local, encerrando a night com o show da banda Black Rio. J\u00e1 no s\u00e1bado, ap\u00f3s a abertura, o renomado chef franc\u00eas <strong>Olivier Anquier<\/strong> faz a sua aula-show \u00e0s 20h. No domingo, a programa\u00e7\u00e3o inicia \u00e0s 14h com o Chef na Comunidade, que traz o vencedor do <strong>Masterchef Leo Young<\/strong>, na Praia de <strong>Santa Tereza<\/strong>. L\u00e9o cozinhar\u00e1 com produtos t\u00edpicos da regi\u00e3o. Neste dia tamb\u00e9m acontece a <strong>Mostra de Cozinha Cai\u00e7ara<\/strong>, com convidados especiais apresentando as tradi\u00e7\u00f5es das fam\u00edlias habitantes da ilha, seguida do show do m\u00fasico L\u00f4 Borges, encerrando o primeiro final de semana de atividades da Arena.<\/p>\n<p style=\"text-align: justify;\">No segundo final de semana, de 25 a 27 de agosto, a Arena reabre para o p\u00fablico com a tradicional paella do chef Tonh\u00e3o, que \u00e9 feita ao vivo e a cores, o cantor <strong>Kiko Zambianchi<\/strong> tamb\u00e9m sobe ao palco esta noite . A famosa Regata do Camar\u00e3o acontece no s\u00e1bado, dia 26, \u00e0s 12h, com a cl\u00e1ssica canoa de cerveja na chegada, com in\u00edcio e fim da prova no p\u00eder da Vila. Ainda no s\u00e1bado, a partir das 20h acontece aula show com o <strong>chef Dalton Range<\/strong>l e para finalizar, no domingo a tarde, o concurso <strong>Chef Amador<\/strong> elege o melhor cozinheiro amador de Ilhabela, com premia\u00e7\u00e3o \u00e0s 19h na Arena. Neste dia ainda tem Cozinha Show ser\u00e1 comandada pelo chef local, e \u00a0show do cantor <strong>Fl\u00e1vio Venturini<\/strong> para terminar a farra.<\/p>\n<p style=\"text-align: justify;\">Ficou afins? Veja a programa\u00e7\u00e3o,<a href=\"http:\/\/ilhadagastronomia.com.br\/\"><span style=\"color: #0000ff;\"> <strong>clicando aqui!<\/strong><\/span><\/a><\/p>\n<p style=\"text-align: justify;\">\u00a0<strong><em>Servi\u00e7o:<br \/>\n<\/em><\/strong><strong style=\"font-size: 1rem;\"><em>22\u00ba Festival do Camar\u00e3o de Ilhabela<br \/>\n<\/em><\/strong><strong style=\"font-size: 1rem;\"><em>11 a 27 de agosto<br \/>\n<\/em><\/strong><strong style=\"font-size: 1rem;\"><em>Informa\u00e7\u00f5es:\u00a0<\/em><\/strong><span style=\"color: #0000ff;\"><a style=\"font-size: 1rem;\" href=\"http:\/\/ilhadagastronomia.com.br\/\"><strong><em>ilhadagastronomia.com.br<\/em><\/strong><\/a><strong style=\"font-size: 1rem;\"><em><u>\u00a0<\/u><\/em><\/strong><\/span><\/p>\n<p>&nbsp;<\/p>\n<iframe src=\"http:\/\/www.facebook.com\/plugins\/like.php?href=https:\/\/www.girosgourmet.com.br\/index.php\/famoso-festival-de-camarao-em-ilha-bela-comeca-neste-final-de-semana\/&amp;layout=standard&amp;show_faces=1&amp;width=450&amp;action=like&amp;colorscheme=light&amp;font=\" scrolling=\"no\" frameborder=\"0\" style=\"border:none; overflow:hidden; width:450px; height:60px\"><\/iframe>","protected":false},"excerpt":{"rendered":"<p>Est\u00e1 indo para Ilha Bela este final de semana? Ent\u00e3o a Giros te dar\u00e1 mais um motivo para voc\u00ea ir feliz&#8230;vai rolar a partir de hoje (18) um dos festivais mais tradicionais da Ilha, a 22\u00aa edi\u00e7\u00e3o do Festival Do Camar\u00e3o. Al\u00e9m de muita comida envolvida, este ano o evento [&hellip;]<\/p>\n","protected":false},"author":3,"featured_media":0,"comment_status":"open","ping_status":"closed","sticky":false,"template":"","format":"standard","meta":{"footnotes":""},"categories":[39,41],"tags":[1816,1010,1814,1812,1811,1815,1549,1813],"class_list":["post-8025","post","type-post","status-publish","format-standard","hentry","category-gastronomia","category-viagens","tag-chef-amador","tag-chef-dalton-rangel","tag-cozinha-caicara","tag-festival-do-camarao","tag-ilha-bela","tag-leo-young","tag-masterchef-brasil","tag-olivier-anquier"],"_links":{"self":[{"href":"https:\/\/www.girosgourmet.com.br\/index.php\/wp-json\/wp\/v2\/posts\/8025","targetHints":{"allow":["GET"]}}],"collection":[{"href":"https:\/\/www.girosgourmet.com.br\/index.php\/wp-json\/wp\/v2\/posts"}],"about":[{"href":"https:\/\/www.girosgourmet.com.br\/index.php\/wp-json\/wp\/v2\/types\/post"}],"author":[{"embeddable":true,"href":"https:\/\/www.girosgourmet.com.br\/index.php\/wp-json\/wp\/v2\/users\/3"}],"replies":[{"embeddable":true,"href":"https:\/\/www.girosgourmet.com.br\/index.php\/wp-json\/wp\/v2\/comments?post=8025"}],"version-history":[{"count":6,"href":"https:\/\/www.girosgourmet.com.br\/index.php\/wp-json\/wp\/v2\/posts\/8025\/revisions"}],"predecessor-version":[{"id":8033,"href":"https:\/\/www.girosgourmet.com.br\/index.php\/wp-json\/wp\/v2\/posts\/8025\/revisions\/8033"}],"wp:attachment":[{"href":"https:\/\/www.girosgourmet.com.br\/index.php\/wp-json\/wp\/v2\/media?parent=8025"}],"wp:term":[{"taxonomy":"category","embeddable":true,"href":"https:\/\/www.girosgourmet.com.br\/index.php\/wp-json\/wp\/v2\/categories?post=8025"},{"taxonomy":"post_tag","embeddable":true,"href":"https:\/\/www.girosgourmet.com.br\/index.php\/wp-json\/wp\/v2\/tags?post=8025"}],"curies":[{"name":"wp","href":"https:\/\/api.w.org\/{rel}","templated":true}]}}