{"id":7837,"date":"2017-07-18T00:18:20","date_gmt":"2017-07-18T03:18:20","guid":{"rendered":"http:\/\/www.girosgourmet.com.br\/?p=7837"},"modified":"2017-07-18T11:03:44","modified_gmt":"2017-07-18T14:03:44","slug":"brasilia-restaurant-week-chegara-em-julho-a-sua-17o-edicao","status":"publish","type":"post","link":"https:\/\/www.girosgourmet.com.br\/index.php\/brasilia-restaurant-week-chegara-em-julho-a-sua-17o-edicao\/","title":{"rendered":"Bras\u00edlia Restaurant Week chegar\u00e1 em julho a sua 17o edi\u00e7\u00e3o!"},"content":{"rendered":"<p style=\"text-align: center;\"><a href=\"http:\/\/www.girosgourmet.com.br\/index.php\/brasilia-restaurant-week-chegara-em-julho-a-sua-17o-edicao\/brasilia\/\" rel=\"attachment wp-att-7838\"><img loading=\"lazy\" decoding=\"async\" class=\"aligncenter size-full wp-image-7838\" src=\"http:\/\/www.girosgourmet.com.br\/wp-content\/uploads\/2017\/07\/brasilia.jpg\" alt=\"\" width=\"600\" height=\"327\" srcset=\"https:\/\/www.girosgourmet.com.br\/wp-content\/uploads\/2017\/07\/brasilia.jpg 600w, https:\/\/www.girosgourmet.com.br\/wp-content\/uploads\/2017\/07\/brasilia-300x164.jpg 300w\" sizes=\"auto, (max-width: 600px) 100vw, 600px\" \/><\/a><\/p>\n<p style=\"text-align: justify;\"><span style=\"color: #000000;\">Se estiver na Capital da Rep\u00fablica no final deste m\u00eas, a boa dica \u00e9 apurar a <strong>17\u00aa Bras\u00edlia Restaurant Week<\/strong> que ocorrer\u00e1 a partir de<strong> 28 de julho <\/strong>e segue at\u00e9<strong> 20 de agosto<\/strong> com o tema <strong>\u201ctemperos do quintal\u201d<\/strong>. Nesta edi\u00e7\u00e3o, os chefs de mais de 70 restaurantes dever\u00e3o valorizar os ingredientes produzidos na regi\u00e3o, por vezes, advindos da produ\u00e7\u00e3o familiar.<\/span><\/p>\n<p style=\"text-align: justify;\"><span style=\"color: #000000;\">Vale lembrar que este festival ocorre tamb\u00e9m em v\u00e1rias cidades brasileiras, completa 10 anos em 2017 e sempre teve como premissa a boa gastronomia a um pre\u00e7o justo e acess\u00edvel, para que os gourmands pudessem descobrir novos sabores nas capitais em que o evento \u00e9 sediado. Para tanto, os <strong>Menus Restaurant Week<\/strong> \u2013 entrada + prato principal + sobremesa \u2013 s\u00e3o servidos a um pre\u00e7o fixo: o almo\u00e7o custa R$43,90 + R$1 e o jantar R$54,90 + R$1.<\/span><\/p>\n<p style=\"text-align: justify;\"><span style=\"color: #000000;\">O evento sempre teve uma pegada filantr\u00f3pica e nesta edi\u00e7\u00e3o n\u00e3o ser\u00e1 diferente, a conta vir\u00e1 com 1 real a mais, com pagamento opcional. O valor ser\u00e1 destinado para a <strong>Organiza\u00e7\u00e3o N\u00e3o Governamental (ONG) Amigos da Vida<\/strong>, atuante na promo\u00e7\u00e3o e defesa dos direitos humanos de pessoas acometidas pelo HIV\/AIDS e na presta\u00e7\u00e3o de cuidados \u00e0s crian\u00e7as \u00f3rf\u00e3s da AIDS.<\/span><\/p>\n<p style=\"text-align: justify;\"><span style=\"color: #000000;\">Os detalhes da Bras\u00edlia Restaurant Week e das demais edi\u00e7\u00f5es brasileiras do evento, bem como o card\u00e1pio, reservas online e o servi\u00e7o de todos os restaurantes participantes poder\u00e3o ser encontrados no site <span style=\"color: #0000ff;\"><strong><a href=\"http:\/\/www.imcgrupo.com\/link.php?code=bDpodHRwJTNBJTJGJTJGd3d3LnJlc3RhdXJhbnR3ZWVrLmNvbS5iciUyRjo0NDI4MzYyNjk6Y2FybGFwYWxtaWVyaUB1b2wuY29tLmJyOmE2MmQxMzJmOGY2MjFlZGNmMGYxY2M5MDUwNzYwZWFjYzM=\">www.restaurantweek.com.br<\/a><\/strong><\/span> ou por meio do aplicativo gratuito da Restaurant Week Brasil, dispon\u00edvel para download nas lojas virtuais do iOS e Android.<\/span><\/p>\n<p style=\"text-align: justify;\"><span style=\"color: #000000;\"><strong><u>Servi\u00e7o<\/u><\/strong><\/span><\/p>\n<p style=\"text-align: justify;\"><span style=\"color: #000000;\"><strong>17\u00aa edi\u00e7\u00e3o da Bras\u00edlia Restaurant Week<br \/>\n<\/strong><strong style=\"font-size: 1rem;\">Quando: <\/strong><span style=\"font-size: 1rem;\">De 28 de julho a 20 de agosto<br \/>\n<\/span><strong style=\"font-size: 1rem;\">Valores:\u00a0<\/strong>Almo\u00e7o: R$ 43,90\/ menu Plus R$ 55<\/span><br \/>\n<span style=\"font-size: 1rem; color: #000000;\">Jantar: R$ 54,90\/ menu Plus R$ 68<\/span><\/p>\n<p>&nbsp;<\/p>\n<iframe src=\"http:\/\/www.facebook.com\/plugins\/like.php?href=https:\/\/www.girosgourmet.com.br\/index.php\/brasilia-restaurant-week-chegara-em-julho-a-sua-17o-edicao\/&amp;layout=standard&amp;show_faces=1&amp;width=450&amp;action=like&amp;colorscheme=light&amp;font=\" scrolling=\"no\" frameborder=\"0\" style=\"border:none; overflow:hidden; width:450px; height:60px\"><\/iframe>","protected":false},"excerpt":{"rendered":"<p>Se estiver na Capital da Rep\u00fablica no final deste m\u00eas, a boa dica \u00e9 apurar a 17\u00aa Bras\u00edlia Restaurant Week que ocorrer\u00e1 a partir de 28 de julho e segue at\u00e9 20 de agosto com o tema \u201ctemperos do quintal\u201d. Nesta edi\u00e7\u00e3o, os chefs de mais de 70 restaurantes dever\u00e3o [&hellip;]<\/p>\n","protected":false},"author":3,"featured_media":0,"comment_status":"open","ping_status":"closed","sticky":false,"template":"","format":"standard","meta":{"footnotes":""},"categories":[39,41],"tags":[1764,1766,1765,1375],"class_list":["post-7837","post","type-post","status-publish","format-standard","hentry","category-gastronomia","category-viagens","tag-brasilia","tag-brasilia-restaurant-week","tag-capital-da-republica","tag-restaurant-week"],"_links":{"self":[{"href":"https:\/\/www.girosgourmet.com.br\/index.php\/wp-json\/wp\/v2\/posts\/7837","targetHints":{"allow":["GET"]}}],"collection":[{"href":"https:\/\/www.girosgourmet.com.br\/index.php\/wp-json\/wp\/v2\/posts"}],"about":[{"href":"https:\/\/www.girosgourmet.com.br\/index.php\/wp-json\/wp\/v2\/types\/post"}],"author":[{"embeddable":true,"href":"https:\/\/www.girosgourmet.com.br\/index.php\/wp-json\/wp\/v2\/users\/3"}],"replies":[{"embeddable":true,"href":"https:\/\/www.girosgourmet.com.br\/index.php\/wp-json\/wp\/v2\/comments?post=7837"}],"version-history":[{"count":4,"href":"https:\/\/www.girosgourmet.com.br\/index.php\/wp-json\/wp\/v2\/posts\/7837\/revisions"}],"predecessor-version":[{"id":7842,"href":"https:\/\/www.girosgourmet.com.br\/index.php\/wp-json\/wp\/v2\/posts\/7837\/revisions\/7842"}],"wp:attachment":[{"href":"https:\/\/www.girosgourmet.com.br\/index.php\/wp-json\/wp\/v2\/media?parent=7837"}],"wp:term":[{"taxonomy":"category","embeddable":true,"href":"https:\/\/www.girosgourmet.com.br\/index.php\/wp-json\/wp\/v2\/categories?post=7837"},{"taxonomy":"post_tag","embeddable":true,"href":"https:\/\/www.girosgourmet.com.br\/index.php\/wp-json\/wp\/v2\/tags?post=7837"}],"curies":[{"name":"wp","href":"https:\/\/api.w.org\/{rel}","templated":true}]}}