{"id":7526,"date":"2017-02-03T14:30:57","date_gmt":"2017-02-03T17:30:57","guid":{"rendered":"http:\/\/www.myfashionlife.com.br\/?p=7526"},"modified":"2017-02-03T14:30:57","modified_gmt":"2017-02-03T17:30:57","slug":"aguas-de-janaina-reunira-comidas-populares-e-musica-em-frente-ao-copan","status":"publish","type":"post","link":"https:\/\/www.girosgourmet.com.br\/index.php\/aguas-de-janaina-reunira-comidas-populares-e-musica-em-frente-ao-copan\/","title":{"rendered":"\u00c1guas de Janaina reunir\u00e1 comidas populares e m\u00fasica em frente ao Copan"},"content":{"rendered":"<p style=\"text-align: justify;\"><span style=\"color: #000000;\">E tem baladinha gourmet muito boa para este inicio de fevereiro. Quem n\u00e3o conhece o maravilhoso <strong>Bar da Dona On\u00e7a,<\/strong> no centro de SP, da <strong>chef Janaina Rueda<\/strong>?!? Se voc\u00ea ainda n\u00e3o conhece, n\u00e3o pode perder a chance de celebrar os 09 anos do lugar, no pr\u00f3ximo dia 13 com a tradicional festa <strong>\u00c1guas de Janaina<\/strong>.<\/span><\/p>\n<p style=\"text-align: center;\"><a href=\"http:\/\/www.myfashionlife.com.br\/index.php\/aguas-de-janaina-reunira-comidas-populares-e-musica-em-frente-ao-copan\/niver-dona-onca\/\" rel=\"attachment wp-att-7527\"><img loading=\"lazy\" decoding=\"async\" class=\"aligncenter  wp-image-7527\" src=\"http:\/\/www.myfashionlife.com.br\/wp-content\/uploads\/2017\/02\/Niver-Dona-Onca.jpg\" alt=\"Niver Dona Onca\" width=\"517\" height=\"345\" srcset=\"https:\/\/www.girosgourmet.com.br\/wp-content\/uploads\/2017\/02\/Niver-Dona-Onca.jpg 400w, https:\/\/www.girosgourmet.com.br\/wp-content\/uploads\/2017\/02\/Niver-Dona-Onca-300x200.jpg 300w\" sizes=\"auto, (max-width: 517px) 100vw, 517px\" \/><\/a><\/p>\n<p style=\"text-align: justify;\"><span style=\"color: #000000;\">A super festa est\u00e1 programada para come\u00e7ar \u00e0s 17h, com uma s\u00e9rie de convidados e participa\u00e7\u00f5es especiais, como a presen\u00e7a dos chefs Carlos Ribeiro, do restaurante Na Cozinha e a yabass\u00e9 Dona Carmem Virginia dos Santos, do restaurante Altar, o <strong>Pai Everaldo<\/strong> e seu grupo de <strong>Afox\u00e9 de Recife<\/strong>, com oito integrantes. Al\u00e9m disto, samba de roda e escolas de samba de S\u00e3o Paulo.<\/span><\/p>\n<p style=\"text-align: center;\"><a href=\"http:\/\/www.myfashionlife.com.br\/index.php\/aguas-de-janaina-reunira-comidas-populares-e-musica-em-frente-ao-copan\/image001\/\" rel=\"attachment wp-att-7529\"><img loading=\"lazy\" decoding=\"async\" class=\"aligncenter  wp-image-7529\" src=\"http:\/\/www.myfashionlife.com.br\/wp-content\/uploads\/2017\/02\/image001.jpg\" alt=\"image001\" width=\"612\" height=\"467\" srcset=\"https:\/\/www.girosgourmet.com.br\/wp-content\/uploads\/2017\/02\/image001.jpg 960w, https:\/\/www.girosgourmet.com.br\/wp-content\/uploads\/2017\/02\/image001-300x229.jpg 300w, https:\/\/www.girosgourmet.com.br\/wp-content\/uploads\/2017\/02\/image001-768x586.jpg 768w, https:\/\/www.girosgourmet.com.br\/wp-content\/uploads\/2017\/02\/image001-588x449.jpg 588w\" sizes=\"auto, (max-width: 612px) 100vw, 612px\" \/><\/a><\/p>\n<p style=\"text-align: justify;\"><span style=\"color: #000000;\">No estilo comida de rua, ser\u00e3o servidos caldo de sururu, casquinha de siri e pastel de bob\u00f3 de camar\u00e3o (R$ 15, cada). Como prato, Arroz de Frutos do Mar (R$ 25) e as sobremesas Cocada Mole e Canjica (R$ 10, cada).<\/span><\/p>\n<p style=\"text-align: justify;\"><span style=\"color: #000000;\">Para beber, Pi\u00f1a Colada e o coquetel especial Yemanj\u00e1, que leva espumante, cura\u00e7au blue e flores comest\u00edveis, o Jurema que leva vinho e ervas (R$ 15, cada), e cerveja (R$ 10).<\/span><\/p>\n<p><span style=\"color: #000000;\">Vai ser imposs\u00edvel ficar de fora desta festa. My Fashion Life ir\u00e1 conferir!<\/span><\/p>\n<p><span style=\"color: #000000;\"><strong><u>BAR DA DONA ON\u00c7A<\/u><\/strong><\/span><\/p>\n<p><span style=\"color: #000000;\"><strong>Avenida Ipiranga, 200 lojas 27\/29 Tel.: (11) 3257-2016<\/strong><\/span><\/p>\n<p style=\"text-align: justify;\"><span style=\"color: #000000;\">Hor\u00e1rio de funcionamento: Segunda a Quarta das 12h \u00e0s 23h, Quinta a S\u00e1bado das 13h \u00e0 0h e aos Domingos das 12h \u00e0s 17h. Cart\u00f5es de Cr\u00e9dito e D\u00e9bito: Redecard, Visa e Amex. Capacidade: 80 pessoas. Acesso para deficientes. Ar condicionado.<\/span><\/p>\n<p>&nbsp;<\/p>\n<p>&nbsp;<\/p>\n<iframe src=\"http:\/\/www.facebook.com\/plugins\/like.php?href=https:\/\/www.girosgourmet.com.br\/index.php\/aguas-de-janaina-reunira-comidas-populares-e-musica-em-frente-ao-copan\/&amp;layout=standard&amp;show_faces=1&amp;width=450&amp;action=like&amp;colorscheme=light&amp;font=\" scrolling=\"no\" frameborder=\"0\" style=\"border:none; overflow:hidden; width:450px; height:60px\"><\/iframe>","protected":false},"excerpt":{"rendered":"<p>E tem baladinha gourmet muito boa para este inicio de fevereiro. Quem n\u00e3o conhece o maravilhoso Bar da Dona On\u00e7a, no centro de SP, da chef Janaina Rueda?!? Se voc\u00ea ainda n\u00e3o conhece, n\u00e3o pode perder a chance de celebrar os 09 anos do lugar, no pr\u00f3ximo dia 13 com [&hellip;]<\/p>\n","protected":false},"author":3,"featured_media":0,"comment_status":"open","ping_status":"closed","sticky":false,"template":"","format":"standard","meta":{"footnotes":""},"categories":[39],"tags":[1592,1695,1694],"class_list":["post-7526","post","type-post","status-publish","format-standard","hentry","category-gastronomia","tag-bar-da-dona-onca","tag-iemanja","tag-janaina-rueda"],"_links":{"self":[{"href":"https:\/\/www.girosgourmet.com.br\/index.php\/wp-json\/wp\/v2\/posts\/7526","targetHints":{"allow":["GET"]}}],"collection":[{"href":"https:\/\/www.girosgourmet.com.br\/index.php\/wp-json\/wp\/v2\/posts"}],"about":[{"href":"https:\/\/www.girosgourmet.com.br\/index.php\/wp-json\/wp\/v2\/types\/post"}],"author":[{"embeddable":true,"href":"https:\/\/www.girosgourmet.com.br\/index.php\/wp-json\/wp\/v2\/users\/3"}],"replies":[{"embeddable":true,"href":"https:\/\/www.girosgourmet.com.br\/index.php\/wp-json\/wp\/v2\/comments?post=7526"}],"version-history":[{"count":3,"href":"https:\/\/www.girosgourmet.com.br\/index.php\/wp-json\/wp\/v2\/posts\/7526\/revisions"}],"predecessor-version":[{"id":7531,"href":"https:\/\/www.girosgourmet.com.br\/index.php\/wp-json\/wp\/v2\/posts\/7526\/revisions\/7531"}],"wp:attachment":[{"href":"https:\/\/www.girosgourmet.com.br\/index.php\/wp-json\/wp\/v2\/media?parent=7526"}],"wp:term":[{"taxonomy":"category","embeddable":true,"href":"https:\/\/www.girosgourmet.com.br\/index.php\/wp-json\/wp\/v2\/categories?post=7526"},{"taxonomy":"post_tag","embeddable":true,"href":"https:\/\/www.girosgourmet.com.br\/index.php\/wp-json\/wp\/v2\/tags?post=7526"}],"curies":[{"name":"wp","href":"https:\/\/api.w.org\/{rel}","templated":true}]}}