{"id":7443,"date":"2016-06-21T18:27:03","date_gmt":"2016-06-21T21:27:03","guid":{"rendered":"http:\/\/www.myfashionlife.com.br\/?p=7443"},"modified":"2016-06-21T18:28:33","modified_gmt":"2016-06-21T21:28:33","slug":"14o-edicao-da-flip-comecara-em-breve-em-paraty","status":"publish","type":"post","link":"https:\/\/www.girosgourmet.com.br\/index.php\/14o-edicao-da-flip-comecara-em-breve-em-paraty\/","title":{"rendered":"14o edi\u00e7\u00e3o da Flip come\u00e7ar\u00e1 em breve, em Paraty!"},"content":{"rendered":"<p style=\"text-align: center;\"><a href=\"http:\/\/www.myfashionlife.com.br\/index.php\/14o-edicao-da-flip-comecara-em-breve-em-paraty\/flip-2016\/\" rel=\"attachment wp-att-7446\"><img loading=\"lazy\" decoding=\"async\" class=\"aligncenter size-full wp-image-7446\" src=\"http:\/\/www.myfashionlife.com.br\/wp-content\/uploads\/2016\/06\/Flip-2016.jpg\" alt=\"Flip-2016\" width=\"720\" height=\"266\" srcset=\"https:\/\/www.girosgourmet.com.br\/wp-content\/uploads\/2016\/06\/Flip-2016.jpg 720w, https:\/\/www.girosgourmet.com.br\/wp-content\/uploads\/2016\/06\/Flip-2016-300x111.jpg 300w, https:\/\/www.girosgourmet.com.br\/wp-content\/uploads\/2016\/06\/Flip-2016-588x217.jpg 588w\" sizes=\"auto, (max-width: 720px) 100vw, 720px\" \/><\/a><\/p>\n<p style=\"text-align: justify;\"><span style=\"font-size: 14px; font-family: 'trebuchet ms', geneva, Helvetica, sans-serif; color: #000000;\">A <strong>Flip<\/strong> (Feira Liter\u00e1ria Internacional de Paraty) acontece este ano entre os dias 29 de junho e 03 de julho e chega a sua 14\u00ba edi\u00e7\u00e3o. O grande homenageado da vez \u00e9 Ana Cristina Cesar, expoente da poesia que fundou uma vertente marcante do estilo brasileiro contempor\u00e2neo. <\/span><\/p>\n<p style=\"text-align: justify;\"><span style=\"font-size: 14px; font-family: 'trebuchet ms', geneva, Helvetica, sans-serif; color: #000000;\">Ao longo de suas edi\u00e7\u00f5es, a Flip ficou conhecida como um dos principais festivais liter\u00e1rios do mundo, caracterizada n\u00e3o s\u00f3 pela qualidade dos autores convidados, mas tamb\u00e9m pelo entusiasmo do p\u00fablico e pela hospitalidade da bela cidade de Paraty.<\/span><\/p>\n<p style=\"text-align: justify;\"><span style=\"color: #000000;\">Com a presen\u00e7a de autores mundialmente respeitados, como Julian Barnes, Don DeLillo, Eric Hobsbawm e Hanif Kureishi, a primeira Festa Liter\u00e1ria Internacional de Paraty, realizada em 2003, inseriu o Brasil no circuito dos festivais internacionais de literatura.<\/span><\/p>\n<p style=\"text-align: center;\"><a href=\"http:\/\/www.myfashionlife.com.br\/index.php\/14o-edicao-da-flip-comecara-em-breve-em-paraty\/flip-festa-literaria-internacional-de-paraty-e1429984671581\/\" rel=\"attachment wp-att-7445\"><img loading=\"lazy\" decoding=\"async\" class=\"aligncenter size-full wp-image-7445\" src=\"http:\/\/www.myfashionlife.com.br\/wp-content\/uploads\/2016\/06\/Flip-Festa-Liter\u00e1ria-Internacional-de-Paraty-e1429984671581.jpg\" alt=\"Flip-Festa-Liter\u00e1ria-Internacional-de-Paraty-e1429984671581\" width=\"1024\" height=\"494\" srcset=\"https:\/\/www.girosgourmet.com.br\/wp-content\/uploads\/2016\/06\/Flip-Festa-Liter\u00e1ria-Internacional-de-Paraty-e1429984671581.jpg 1024w, https:\/\/www.girosgourmet.com.br\/wp-content\/uploads\/2016\/06\/Flip-Festa-Liter\u00e1ria-Internacional-de-Paraty-e1429984671581-300x145.jpg 300w, https:\/\/www.girosgourmet.com.br\/wp-content\/uploads\/2016\/06\/Flip-Festa-Liter\u00e1ria-Internacional-de-Paraty-e1429984671581-768x371.jpg 768w, https:\/\/www.girosgourmet.com.br\/wp-content\/uploads\/2016\/06\/Flip-Festa-Liter\u00e1ria-Internacional-de-Paraty-e1429984671581-588x284.jpg 588w\" sizes=\"auto, (max-width: 1024px) 100vw, 1024px\" \/><\/a><\/p>\n<p style=\"text-align: justify;\"><span style=\"color: #000000;\">Ao longo de suas edi\u00e7\u00f5es seguintes, a Flip ficou conhecida como um dos principais festivais liter\u00e1rios do mundo, caracterizada n\u00e3o s\u00f3 pela qualidade dos autores convidados, mas tamb\u00e9m pelo entusiasmo do p\u00fablico e pela hospitalidade da cidade. Nos cinco dias de festa, a Flip realiza cerca de 200 eventos, que incluem debates, shows, exposi\u00e7\u00f5es, oficinas, exibi\u00e7\u00f5es de filmes e apresenta\u00e7\u00f5es de escolas, entre outros, distribu\u00eddos em Flip .<\/span><\/p>\n<p><span style=\"color: #000000;\">\u00a0<\/span><br \/>\n<span style=\"color: #000000;\">\u00a0<\/span><br \/>\n<span style=\"color: #000000;\"><strong>Programa\u00e7\u00e3o completa FLIP 2016<\/strong><\/span><\/p>\n<div class=\"main_texto\">\n<p><span style=\"color: #000000;\"><b>quarta-feira, 29\/06\/2016<\/b><\/span><\/p>\n<p><span style=\"color: #000000;\">19h00 | sess\u00e3o de abertura \u2013 Em tecnicolor <\/span><br \/>\n<span style=\"color: #000000;\">Armando Freitas Filho Walter Carvalho<\/span><\/p>\n<p><span style=\"color: #000000;\">19h45 | sess\u00e3o de cinema<\/span><br \/>\n<span style=\"color: #000000;\">Manter a linha da cordilheira sem o desmaio da plan\u00edcie<\/span><\/p>\n<p><span style=\"color: #000000;\">21h45 | Sarau<\/span><\/p>\n<p><span style=\"color: #000000;\"><b>quinta-feira, 30\/06\/2016<\/b><\/span><\/p>\n<p><span style=\"color: #000000;\">10h00 | mesa 1 \u2013 A teus p\u00e9s<\/span><br \/>\n<span style=\"color: #000000;\">Annita Costa Malufe<\/span><br \/>\n<span style=\"color: #000000;\">Laura Liuzzi<\/span><br \/>\n<span style=\"color: #000000;\">Mar\u00edlia Garcia<\/span><\/p>\n<p><span style=\"color: #000000;\">12h00 | mesa 2 \u2013 Cidades refletidas<\/span><br \/>\n<span style=\"color: #000000;\">Francesco Careri<\/span><br \/>\n<span style=\"color: #000000;\">L\u00facia Leit\u00e3o<\/span><\/p>\n<p><span style=\"color: #000000;\">15h00 | mesa 3 \u2013 Os olhos da rua<\/span><br \/>\n<span style=\"color: #000000;\">Caco Barcellos<\/span><br \/>\n<span style=\"color: #000000;\">Misha Glenny<\/span><\/p>\n<p><span style=\"color: #000000;\">17h15 | mesa 4 \u2013 Hist\u00f3rias naturais<\/span><br \/>\n<span style=\"color: #000000;\">\u00c1lvaro Enrigue<\/span><br \/>\n<span style=\"color: #000000;\">Marc\u00edlio Fran\u00e7a Castro<\/span><\/p>\n<p><span style=\"color: #000000;\">19h30 | mesa 5 \u2013 Mat\u00e9ria cinzenta<\/span><br \/>\n<span style=\"color: #000000;\">Henry Marsh<\/span><br \/>\n<span style=\"color: #000000;\">Suzana Herculano-Houzel<\/span><\/p>\n<p><span style=\"color: #000000;\">21h30 | mesa 6 \u2013 Na pior em Nova York e Edimburgo<\/span><br \/>\n<span style=\"color: #000000;\">Bill Clegg<\/span><br \/>\n<span style=\"color: #000000;\">Irvine Welsh<\/span><\/p>\n<p><span style=\"color: #000000;\"><b>sexta, 01\/07\/2016<\/b><\/span><\/p>\n<p><span style=\"color: #000000;\">10h00 | mesa 7 \u2013 Brevi\u00e1rio do Brasil<\/span><br \/>\n<span style=\"color: #000000;\">Benjamin Moser<\/span><br \/>\n<span style=\"color: #000000;\">Kenneth Maxwell<\/span><\/p>\n<p><span style=\"color: #000000;\">12h00 | mesa 8 \u2013 A hist\u00f3ria da minha morte<\/span><br \/>\n<span style=\"color: #000000;\">J. P. Cuenca<\/span><br \/>\n<span style=\"color: #000000;\">Valeria Luiselli<\/span><\/p>\n<p><span style=\"color: #000000;\">15h00 | mesa 9 \u2013 O show do eu<\/span><br \/>\n<span style=\"color: #000000;\">Christian Dunker<\/span><br \/>\n<span style=\"color: #000000;\">Paula Sibilia<\/span><\/p>\n<p><span style=\"color: #000000;\">17h15 | mesa 10 \u2013 Encontro com Karl Ove Knausg\u00e5rd<\/span><br \/>\n<span style=\"color: #000000;\">Karl Ove Knausg\u00e5rd<\/span><\/p>\n<p><span style=\"color: #000000;\">19h30 | mesa 11 \u2013 mesa a confirmar<\/span><\/p>\n<p><span style=\"color: #000000;\">21h30 | mesa 12 \u2013 Sexografias<\/span><br \/>\n<span style=\"color: #000000;\">Gabriela Wiener<\/span><br \/>\n<span style=\"color: #000000;\">Juliana Frank<\/span><\/p>\n<p><span style=\"color: #000000;\"><b>s\u00e1bado, 02\/07\/2016<\/b><\/span><\/p>\n<p><span style=\"color: #000000;\">10h00 | mesa 13 \u2013 Encontro com Leonardo Fro\u00e9s<\/span><br \/>\n<span style=\"color: #000000;\">Leonardo Fr\u00f3es<\/span><\/p>\n<p><span style=\"color: #000000;\">12h00 | mesa 14 \u2013 De Clarice a Ana C.<\/span><br \/>\n<span style=\"color: #000000;\">Benjamin Moser<\/span><br \/>\n<span style=\"color: #000000;\">Heloisa Buarque de Hollanda<\/span><\/p>\n<p><span style=\"color: #000000;\">15h00 | mesa 15 \u2013 Encontro da arte com a ci\u00eancia<\/span><br \/>\n<span style=\"color: #000000;\">Arthur Japin<\/span><br \/>\n<span style=\"color: #000000;\">Guto Lacaz<\/span><\/p>\n<p><span style=\"color: #000000;\">17h15 | mesa 16 \u2013 Encontro com Svetlana Aleksi\u00e9vitch<\/span><br \/>\n<span style=\"color: #000000;\">Svetlana Aleksi\u00e9vitch<\/span><\/p>\n<p><span style=\"color: #000000;\">19h30 | mesa 17 \u2013 O falc\u00e3o e a f\u00eanix<\/span><br \/>\n<span style=\"color: #000000;\">Helen Macdonald<\/span><br \/>\n<span style=\"color: #000000;\">Maria Esther Maciel<\/span><\/p>\n<p><span style=\"color: #000000;\">21h30 | mesa 18 \u2013 O palco \u00e9 a p\u00e1gina<\/span><br \/>\n<span style=\"color: #000000;\">Kate Tempest<\/span><br \/>\n<span style=\"color: #000000;\">Ramon Nunes Mello<\/span><\/p>\n<p><span style=\"color: #000000;\"><b>domingo, 03\/07\/2016<\/b><\/span><\/p>\n<p><span style=\"color: #000000;\">10h00 | mesa 19 \u2013 S\u00edria mon amour<\/span><br \/>\n<span style=\"color: #000000;\">Abud Said<\/span><br \/>\n<span style=\"color: #000000;\">Patr\u00edcia Campos Mello<\/span><\/p>\n<p><span style=\"color: #000000;\">12h00 | mesa 20 \u2013 Mix\u00f3rdia de tem\u00e1ticas<\/span><br \/>\n<span style=\"color: #000000;\">Ricardo Ara\u00fajo Pereira<\/span><br \/>\n<span style=\"color: #000000;\">Tati Bernardi<\/span><\/p>\n<p><span style=\"color: #000000;\">14h00 | mesa 21 \u2013 Sess\u00e3o de encerramento: Luvas de pelica<\/span><br \/>\n<span style=\"color: #000000;\">S\u00e9rgio Alcides<\/span><br \/>\n<span style=\"color: #000000;\">Vilma Ar\u00eaas<\/span><\/p>\n<p><span style=\"color: #000000;\">16h00 | mesa 22 \u2013 Livro de cabeceira<\/span><\/p>\n<\/div>\n<iframe src=\"http:\/\/www.facebook.com\/plugins\/like.php?href=https:\/\/www.girosgourmet.com.br\/index.php\/14o-edicao-da-flip-comecara-em-breve-em-paraty\/&amp;layout=standard&amp;show_faces=1&amp;width=450&amp;action=like&amp;colorscheme=light&amp;font=\" scrolling=\"no\" frameborder=\"0\" style=\"border:none; overflow:hidden; width:450px; height:60px\"><\/iframe>","protected":false},"excerpt":{"rendered":"<p>A Flip (Feira Liter\u00e1ria Internacional de Paraty) acontece este ano entre os dias 29 de junho e 03 de julho e chega a sua 14\u00ba edi\u00e7\u00e3o. O grande homenageado da vez \u00e9 Ana Cristina Cesar, expoente da poesia que fundou uma vertente marcante do estilo brasileiro contempor\u00e2neo. Ao longo de [&hellip;]<\/p>\n","protected":false},"author":3,"featured_media":0,"comment_status":"open","ping_status":"closed","sticky":false,"template":"","format":"standard","meta":{"footnotes":""},"categories":[40,41],"tags":[1664,287,288],"class_list":["post-7443","post","type-post","status-publish","format-standard","hentry","category-culturamodabelezabem-estar","category-viagens","tag-feira-literaria","tag-flip","tag-paraty"],"_links":{"self":[{"href":"https:\/\/www.girosgourmet.com.br\/index.php\/wp-json\/wp\/v2\/posts\/7443","targetHints":{"allow":["GET"]}}],"collection":[{"href":"https:\/\/www.girosgourmet.com.br\/index.php\/wp-json\/wp\/v2\/posts"}],"about":[{"href":"https:\/\/www.girosgourmet.com.br\/index.php\/wp-json\/wp\/v2\/types\/post"}],"author":[{"embeddable":true,"href":"https:\/\/www.girosgourmet.com.br\/index.php\/wp-json\/wp\/v2\/users\/3"}],"replies":[{"embeddable":true,"href":"https:\/\/www.girosgourmet.com.br\/index.php\/wp-json\/wp\/v2\/comments?post=7443"}],"version-history":[{"count":3,"href":"https:\/\/www.girosgourmet.com.br\/index.php\/wp-json\/wp\/v2\/posts\/7443\/revisions"}],"predecessor-version":[{"id":7448,"href":"https:\/\/www.girosgourmet.com.br\/index.php\/wp-json\/wp\/v2\/posts\/7443\/revisions\/7448"}],"wp:attachment":[{"href":"https:\/\/www.girosgourmet.com.br\/index.php\/wp-json\/wp\/v2\/media?parent=7443"}],"wp:term":[{"taxonomy":"category","embeddable":true,"href":"https:\/\/www.girosgourmet.com.br\/index.php\/wp-json\/wp\/v2\/categories?post=7443"},{"taxonomy":"post_tag","embeddable":true,"href":"https:\/\/www.girosgourmet.com.br\/index.php\/wp-json\/wp\/v2\/tags?post=7443"}],"curies":[{"name":"wp","href":"https:\/\/api.w.org\/{rel}","templated":true}]}}