{"id":7333,"date":"2015-11-27T16:16:17","date_gmt":"2015-11-27T19:16:17","guid":{"rendered":"http:\/\/www.myfashionlife.com.br\/?p=7333"},"modified":"2015-11-27T16:16:17","modified_gmt":"2015-11-27T19:16:17","slug":"lancado-livro-que-retrata-culinaria-afro-brasileiras","status":"publish","type":"post","link":"https:\/\/www.girosgourmet.com.br\/index.php\/lancado-livro-que-retrata-culinaria-afro-brasileiras\/","title":{"rendered":"Lan\u00e7ado livro que retrata culin\u00e1ria afro-brasileiras"},"content":{"rendered":"<p style=\"text-align: center;\"><a href=\"http:\/\/www.myfashionlife.com.br\/wp-content\/uploads\/2015\/11\/cozinhando-historias.jpg\"><img loading=\"lazy\" decoding=\"async\" class=\"aligncenter  wp-image-7334\" src=\"http:\/\/www.myfashionlife.com.br\/wp-content\/uploads\/2015\/11\/cozinhando-historias.jpg\" alt=\"cozinhando historias\" width=\"560\" height=\"572\" srcset=\"https:\/\/www.girosgourmet.com.br\/wp-content\/uploads\/2015\/11\/cozinhando-historias.jpg 1272w, https:\/\/www.girosgourmet.com.br\/wp-content\/uploads\/2015\/11\/cozinhando-historias-294x300.jpg 294w, https:\/\/www.girosgourmet.com.br\/wp-content\/uploads\/2015\/11\/cozinhando-historias-1003x1024.jpg 1003w, https:\/\/www.girosgourmet.com.br\/wp-content\/uploads\/2015\/11\/cozinhando-historias-588x600.jpg 588w\" sizes=\"auto, (max-width: 560px) 100vw, 560px\" \/><\/a><\/p>\n<p style=\"text-align: justify;\"><span style=\"color: #000000;\">No \u00faltimo dia 20 de novembro, foi lan\u00e7ado um livro gastron\u00f4mico bem bacana, intitulado <strong>\u201cCozinhando hist\u00f3ria: receitas, hist\u00f3rias e mitos de pratos afro-brasileiros\u201d.\u00a0<\/strong><\/span><\/p>\n<p style=\"text-align: justify;\"><span style=\"color: #000000;\">A iniciativa \u00e9 resultado do trabalho desenvolvido na oficina de culin\u00e1ria criativa \u201cCozinhando hist\u00f3ria\u201d oferecida pelo <strong>Espa\u00e7o Cultural Pierre Verger<\/strong>. O volume, organizado por Josmara Fregonese, Marlene Jesus da Costa e Nancy de Souza, re\u00fane ideias, receitas e hist\u00f3rias que, ao longo de seis anos, foram se aperfei\u00e7oando e\u00a0 consolidaram o empreendimento das tr\u00eas autoras.<\/span><\/p>\n<p style=\"text-align: justify;\"><span style=\"color: #000000;\">Nas oficinas de culin\u00e1ria criativa, as receitas preparadas eram acompanhadas pela hist\u00f3ria de suas origens ou por mitos de orix\u00e1s que explicavam os alimentos utilizados nos pratos. Quem contava essas hist\u00f3rias era Nancy, mais conhecida como Vov\u00f3 Cic\u00ed. A Marlene cozinhava com sua particular habilidade de transformar tradicionais receitas em algo poss\u00edvel para o aprendizado dos jovens alunos. E a Josmara fotografava com seu senso est\u00e9tico de cores e contrastes, mostrando os pratos como pequenas obras de arte.<\/span><\/p>\n<p><span style=\"color: #000000;\">Trata-se de uma \u00f3tima oportunidade para conhecer melhor a cultura e culin\u00e1ria afro-brasileiras\u00a0<\/span><\/p>\n<p><span style=\"color: #000000;\"><strong>Ficha T\u00e9cnica<br \/>\n<\/strong>T\u00edtulo: Cozinhando hist\u00f3ria: receitas, hist\u00f3rias e mitos de pratos afro-brasileiros [organizado por] Josmara B. Fregoneze, Marlene Jesus da Costa, Nancy de Souza.<\/span><br \/>\n<span style=\"color: #000000;\">Salvador, Funda\u00e7\u00e3o Pierre Verger, 2015-11-10<\/span><br \/>\n<span style=\"color: #000000;\">140p<\/span><br \/>\n<span style=\"color: #000000;\">Pre\u00e7o: R$ 49,00;<\/span><br \/>\n<span style=\"color: #000000;\"> Locais de venda:\u00a0Funda\u00e7\u00e3o Pierre Verger Galeria (Rua da Miseric\u00f3rdia, 09. Salvador &#8211; BA), (71) 3321-2341. Loja<\/span> Online &#8211; <a href=\"http:\/\/www.lojapierreverger,org.br\">www.lojapierreverger,org.br<br \/>\n<\/a>Loja do Museu Afro Brasil.<br \/>\nAs publica\u00e7\u00f5es tamb\u00e9m ser\u00e3o distribu\u00eddas por livrarias pelo Brasil.<\/p>\n<p>&nbsp;<\/p>\n<p>&nbsp;<\/p>\n<iframe src=\"http:\/\/www.facebook.com\/plugins\/like.php?href=https:\/\/www.girosgourmet.com.br\/index.php\/lancado-livro-que-retrata-culinaria-afro-brasileiras\/&amp;layout=standard&amp;show_faces=1&amp;width=450&amp;action=like&amp;colorscheme=light&amp;font=\" scrolling=\"no\" frameborder=\"0\" style=\"border:none; overflow:hidden; width:450px; height:60px\"><\/iframe>","protected":false},"excerpt":{"rendered":"<p>No \u00faltimo dia 20 de novembro, foi lan\u00e7ado um livro gastron\u00f4mico bem bacana, intitulado \u201cCozinhando hist\u00f3ria: receitas, hist\u00f3rias e mitos de pratos afro-brasileiros\u201d.\u00a0 A iniciativa \u00e9 resultado do trabalho desenvolvido na oficina de culin\u00e1ria criativa \u201cCozinhando hist\u00f3ria\u201d oferecida pelo Espa\u00e7o Cultural Pierre Verger. O volume, organizado por Josmara Fregonese, Marlene [&hellip;]<\/p>\n","protected":false},"author":3,"featured_media":0,"comment_status":"open","ping_status":"closed","sticky":false,"template":"","format":"standard","meta":{"footnotes":""},"categories":[39],"tags":[1629,1628,58,386],"class_list":["post-7333","post","type-post","status-publish","format-standard","hentry","category-gastronomia","tag-culinaria-afro-brasileiras","tag-fundacao-pierre-verger","tag-livro","tag-livro-de-receitas"],"_links":{"self":[{"href":"https:\/\/www.girosgourmet.com.br\/index.php\/wp-json\/wp\/v2\/posts\/7333","targetHints":{"allow":["GET"]}}],"collection":[{"href":"https:\/\/www.girosgourmet.com.br\/index.php\/wp-json\/wp\/v2\/posts"}],"about":[{"href":"https:\/\/www.girosgourmet.com.br\/index.php\/wp-json\/wp\/v2\/types\/post"}],"author":[{"embeddable":true,"href":"https:\/\/www.girosgourmet.com.br\/index.php\/wp-json\/wp\/v2\/users\/3"}],"replies":[{"embeddable":true,"href":"https:\/\/www.girosgourmet.com.br\/index.php\/wp-json\/wp\/v2\/comments?post=7333"}],"version-history":[{"count":1,"href":"https:\/\/www.girosgourmet.com.br\/index.php\/wp-json\/wp\/v2\/posts\/7333\/revisions"}],"predecessor-version":[{"id":7335,"href":"https:\/\/www.girosgourmet.com.br\/index.php\/wp-json\/wp\/v2\/posts\/7333\/revisions\/7335"}],"wp:attachment":[{"href":"https:\/\/www.girosgourmet.com.br\/index.php\/wp-json\/wp\/v2\/media?parent=7333"}],"wp:term":[{"taxonomy":"category","embeddable":true,"href":"https:\/\/www.girosgourmet.com.br\/index.php\/wp-json\/wp\/v2\/categories?post=7333"},{"taxonomy":"post_tag","embeddable":true,"href":"https:\/\/www.girosgourmet.com.br\/index.php\/wp-json\/wp\/v2\/tags?post=7333"}],"curies":[{"name":"wp","href":"https:\/\/api.w.org\/{rel}","templated":true}]}}