{"id":7186,"date":"2015-03-02T20:37:46","date_gmt":"2015-03-02T23:37:46","guid":{"rendered":"http:\/\/www.myfashionlife.com.br\/?p=7186"},"modified":"2015-03-02T20:38:56","modified_gmt":"2015-03-02T23:38:56","slug":"capim-santo-lanca-menu-especial-para-o-dia-internacional-da-mulher","status":"publish","type":"post","link":"https:\/\/www.girosgourmet.com.br\/index.php\/capim-santo-lanca-menu-especial-para-o-dia-internacional-da-mulher\/","title":{"rendered":"Capim Santo lan\u00e7a menu especial para o Dia Internacional da Mulher!"},"content":{"rendered":"<div id=\"attachment_7187\" style=\"width: 670px\" class=\"wp-caption aligncenter\"><a href=\"http:\/\/www.myfashionlife.com.br\/wp-content\/uploads\/2015\/03\/Capim-Santo_Ambiente_Gisele-Fran\u00e7a-7.jpg\"><img loading=\"lazy\" decoding=\"async\" aria-describedby=\"caption-attachment-7187\" class=\" wp-image-7187\" src=\"http:\/\/www.myfashionlife.com.br\/wp-content\/uploads\/2015\/03\/Capim-Santo_Ambiente_Gisele-Fran\u00e7a-7.jpg\" alt=\"Imagens:Gisele Fran\u00e7a\" width=\"660\" height=\"442\" srcset=\"https:\/\/www.girosgourmet.com.br\/wp-content\/uploads\/2015\/03\/Capim-Santo_Ambiente_Gisele-Fran\u00e7a-7.jpg 929w, https:\/\/www.girosgourmet.com.br\/wp-content\/uploads\/2015\/03\/Capim-Santo_Ambiente_Gisele-Fran\u00e7a-7-300x201.jpg 300w, https:\/\/www.girosgourmet.com.br\/wp-content\/uploads\/2015\/03\/Capim-Santo_Ambiente_Gisele-Fran\u00e7a-7-588x394.jpg 588w\" sizes=\"auto, (max-width: 660px) 100vw, 660px\" \/><\/a><p id=\"caption-attachment-7187\" class=\"wp-caption-text\">Imagens:Gisele Fran\u00e7a<\/p><\/div>\n<p style=\"text-align: justify;\"><span style=\"color: #000000;\">E esta semana vai acontecer diversos eventos dedicados a n\u00f3s mulheres pelo nosso dia (8) e um destes eventos \u00e9 indispens\u00e1vel para as mulheres que n\u00e3o abrem m\u00e3o de uma boa comida! O restaurante <a href=\"http:\/\/www.myfashionlife.com.br\/index.php\/dica-gastronomica-da-semana-capim-santo\/\"><strong>Capim Santo<\/strong><\/a>, dos Jardins, em S\u00e3o Paulo, oferecer\u00e1 menu especial na semana do <strong>Dia Internacional da Mulher, <\/strong>que come\u00e7ar\u00e1 amanh\u00e3 dia 03 e acontecer\u00e1 at\u00e9 dia 07\/03 durante o jantar. Para homenagear as mulheres, a chef <strong>Morena Leite<\/strong> preparou um menu leve e arom\u00e1tico, com ingredientes brasileiros.<\/span><\/p>\n<div id=\"attachment_7188\" style=\"width: 675px\" class=\"wp-caption aligncenter\"><a href=\"http:\/\/www.myfashionlife.com.br\/wp-content\/uploads\/2015\/03\/carpaccio-de-buri-Capim-Santo_cr\u00e9dito-divulga\u00e7\u00e3o.jpg\"><img loading=\"lazy\" decoding=\"async\" aria-describedby=\"caption-attachment-7188\" class=\" wp-image-7188\" src=\"http:\/\/www.myfashionlife.com.br\/wp-content\/uploads\/2015\/03\/carpaccio-de-buri-Capim-Santo_cr\u00e9dito-divulga\u00e7\u00e3o.jpg\" alt=\"Carpaccio de Buri\" width=\"665\" height=\"443\" srcset=\"https:\/\/www.girosgourmet.com.br\/wp-content\/uploads\/2015\/03\/carpaccio-de-buri-Capim-Santo_cr\u00e9dito-divulga\u00e7\u00e3o.jpg 1000w, https:\/\/www.girosgourmet.com.br\/wp-content\/uploads\/2015\/03\/carpaccio-de-buri-Capim-Santo_cr\u00e9dito-divulga\u00e7\u00e3o-300x200.jpg 300w, https:\/\/www.girosgourmet.com.br\/wp-content\/uploads\/2015\/03\/carpaccio-de-buri-Capim-Santo_cr\u00e9dito-divulga\u00e7\u00e3o-588x392.jpg 588w\" sizes=\"auto, (max-width: 665px) 100vw, 665px\" \/><\/a><p id=\"caption-attachment-7188\" class=\"wp-caption-text\">Carpaccio de Buri<\/p><\/div>\n<p style=\"text-align: justify;\"><span style=\"color: #000000;\">Como entrada, a chef prop\u00f5e o <strong>Carpaccio de Buri com Vinagrete de Abacaxi<\/strong>, peixe de carne macia e saborosa, que ganha um toque especial com o molho de abacaxi. Como prato principal, a dica \u00e9 o <strong>Wok de Camar\u00f5es, Pur\u00ea de Palmito Pupunha e Legumes Salteados ao Perfume de Lim\u00e3o Siciliano.<\/strong> Para finalizar, uma sobremesa bem feminina, o <strong>Papillote de Frutas com Lim\u00e3o Cravo, composto por banana, manga, morango, carambola e maracuj\u00e1.<\/strong> O menu em tr\u00eas tempos custa <strong>R$ 130 por pessoa<\/strong> e ser\u00e1 servido somente no jantar.<\/span><\/p>\n<p style=\"text-align: justify;\"><span style=\"color: #000000;\">Localizado num casar\u00e3o, no agitado bairro dos <strong>Jardins<\/strong>, o Capim Santo tem ambiente que remete \u00e0 natureza e ao d\u00e9cor r\u00fastico-chique da matriz, em Trancoso (BA), com jardins com coqueiros, jabuticabeiras e bananeiras. No menu, tamb\u00e9m h\u00e1 a preocupa\u00e7\u00e3o com ingredientes frescos e saud\u00e1veis. \u00a0Formada como Chef de Cozinha e Confeitaria na renomada Le Cordon Bleu, em Paris, Morena Leite imprime no menu do Capim Santo sua marca registrada: cozinha saud\u00e1vel, ingredientes e temperos brasileiros e t\u00e9cnicas francesas (quente com frio, crocante com creme, sabor com est\u00e9tica). Da\u00ed resultam cria\u00e7\u00f5es inusitadas como o croquete de palmito pupunha com molho de lim\u00e3o cravo, os churros de tapioca com queijo Serra da Canastra, o robalo em crosta de ervas e castanhas servido com ratatouille brasileiro com chuchu, pupunha, ab\u00f3bora, cebola roxa e tomate ou a releitura da cl\u00e1ssica receita da vov\u00f3, o brigadeiro, mas verde, feito de capim santo e servido na colher. Ambiente e menu perfeitos para comemorar a data.<\/span><\/p>\n<p><span style=\"color: #000000;\"><strong>Servi\u00e7o:<\/strong><\/span><\/p>\n<p><a href=\"http:\/\/www.capimsanto.com.br\">www.capimsanto.com.br<br \/>\n<\/a><span style=\"color: #000000;\">Endere\u00e7o:\u00a0Alameda Ministro Rocha Azevedo, 471<\/span><br \/>\n<span style=\"color: #000000;\">Jardins, S\u00e3o Paulo &#8211; SP, CEP 01410-001<\/span><br \/>\n<span style=\"color: #000000;\">Tel. 11 3089-9500<\/span><br \/>\n<span style=\"color: #000000;\">Capacidade: 200 lugares<\/span><br \/>\n<span style=\"color: #000000;\">Hor\u00e1rio de funcionamento: de ter\u00e7a a sexta: das\u00a012h\u00a0\u00e0s\u00a015h\u00a0e tamb\u00e9m\u00a0das 19h30 \u00e0 0h, s\u00e1bados, das 12h30\u00a0\u00e0s\u00a016h30\u00a0e tamb\u00e9m\u00a020h \u00e0 0h, domingo das 12h30 \u00e0s 17h. Fecha \u00e0s segundas e no jantar aos domingos<\/span>.<\/p>\n<iframe src=\"http:\/\/www.facebook.com\/plugins\/like.php?href=https:\/\/www.girosgourmet.com.br\/index.php\/capim-santo-lanca-menu-especial-para-o-dia-internacional-da-mulher\/&amp;layout=standard&amp;show_faces=1&amp;width=450&amp;action=like&amp;colorscheme=light&amp;font=\" scrolling=\"no\" frameborder=\"0\" style=\"border:none; overflow:hidden; width:450px; height:60px\"><\/iframe>","protected":false},"excerpt":{"rendered":"<p>E esta semana vai acontecer diversos eventos dedicados a n\u00f3s mulheres pelo nosso dia (8) e um destes eventos \u00e9 indispens\u00e1vel para as mulheres que n\u00e3o abrem m\u00e3o de uma boa comida! O restaurante Capim Santo, dos Jardins, em S\u00e3o Paulo, oferecer\u00e1 menu especial na semana do Dia Internacional da [&hellip;]<\/p>\n","protected":false},"author":3,"featured_media":0,"comment_status":"open","ping_status":"closed","sticky":false,"template":"","format":"standard","meta":{"footnotes":""},"categories":[39],"tags":[837,822,54,442],"class_list":["post-7186","post","type-post","status-publish","format-standard","hentry","category-gastronomia","tag-capim-santo","tag-chef-morena-leite","tag-dia-internacional-da-mulher","tag-jardins"],"_links":{"self":[{"href":"https:\/\/www.girosgourmet.com.br\/index.php\/wp-json\/wp\/v2\/posts\/7186","targetHints":{"allow":["GET"]}}],"collection":[{"href":"https:\/\/www.girosgourmet.com.br\/index.php\/wp-json\/wp\/v2\/posts"}],"about":[{"href":"https:\/\/www.girosgourmet.com.br\/index.php\/wp-json\/wp\/v2\/types\/post"}],"author":[{"embeddable":true,"href":"https:\/\/www.girosgourmet.com.br\/index.php\/wp-json\/wp\/v2\/users\/3"}],"replies":[{"embeddable":true,"href":"https:\/\/www.girosgourmet.com.br\/index.php\/wp-json\/wp\/v2\/comments?post=7186"}],"version-history":[{"count":1,"href":"https:\/\/www.girosgourmet.com.br\/index.php\/wp-json\/wp\/v2\/posts\/7186\/revisions"}],"predecessor-version":[{"id":7189,"href":"https:\/\/www.girosgourmet.com.br\/index.php\/wp-json\/wp\/v2\/posts\/7186\/revisions\/7189"}],"wp:attachment":[{"href":"https:\/\/www.girosgourmet.com.br\/index.php\/wp-json\/wp\/v2\/media?parent=7186"}],"wp:term":[{"taxonomy":"category","embeddable":true,"href":"https:\/\/www.girosgourmet.com.br\/index.php\/wp-json\/wp\/v2\/categories?post=7186"},{"taxonomy":"post_tag","embeddable":true,"href":"https:\/\/www.girosgourmet.com.br\/index.php\/wp-json\/wp\/v2\/tags?post=7186"}],"curies":[{"name":"wp","href":"https:\/\/api.w.org\/{rel}","templated":true}]}}