{"id":7167,"date":"2015-02-23T19:17:47","date_gmt":"2015-02-23T22:17:47","guid":{"rendered":"http:\/\/www.myfashionlife.com.br\/?p=7167"},"modified":"2015-02-23T19:17:47","modified_gmt":"2015-02-23T22:17:47","slug":"padoca-do-mani-abre-as-portas-em-sao-paulo","status":"publish","type":"post","link":"https:\/\/www.girosgourmet.com.br\/index.php\/padoca-do-mani-abre-as-portas-em-sao-paulo\/","title":{"rendered":"Padoca do Man\u00ed abre as portas em S\u00e3o Paulo."},"content":{"rendered":"<p style=\"text-align: center;\"><a href=\"http:\/\/www.myfashionlife.com.br\/wp-content\/uploads\/2015\/02\/Padoca-do-Man\u00ed.jpg\"><img loading=\"lazy\" decoding=\"async\" class=\"aligncenter  wp-image-7168\" src=\"http:\/\/www.myfashionlife.com.br\/wp-content\/uploads\/2015\/02\/Padoca-do-Man\u00ed.jpg\" alt=\"Padoca-do-Man\u00ed\" width=\"514\" height=\"514\" srcset=\"https:\/\/www.girosgourmet.com.br\/wp-content\/uploads\/2015\/02\/Padoca-do-Man\u00ed.jpg 960w, https:\/\/www.girosgourmet.com.br\/wp-content\/uploads\/2015\/02\/Padoca-do-Man\u00ed-150x150.jpg 150w, https:\/\/www.girosgourmet.com.br\/wp-content\/uploads\/2015\/02\/Padoca-do-Man\u00ed-300x300.jpg 300w, https:\/\/www.girosgourmet.com.br\/wp-content\/uploads\/2015\/02\/Padoca-do-Man\u00ed-588x588.jpg 588w\" sizes=\"auto, (max-width: 514px) 100vw, 514px\" \/><\/a><\/p>\n<p style=\"text-align: justify;\"><span style=\"color: #000000;\">Para quem ama uma padaria como eu, n\u00e3o pode perder jamais esta novidade! Alguns dias atr\u00e1s, foi inaugurada a <strong>Padoca do Mani<\/strong>&#8230;&#8230;Abrir um lugar com clima caseiro e um bom caf\u00e9 da manh\u00e3 era o sonho dos propriet\u00e1rios do Man\u00ed. O card\u00e1pio \u00e9 assinado pelas chefs <strong>Helena Rizzo <\/strong>e <strong>Fernanda Vald\u00edvia<\/strong>, que j\u00e1 era respons\u00e1vel pelos p\u00e3es servidos no Man\u00ed e agora tocar\u00e1 o dia-a-dia da padaria.\u00a0<\/span><\/p>\n<p style=\"text-align: justify;\"><span style=\"color: #000000;\">Com fachada e paredes internas de tijolo aparente, a casa tem uma varanda na entrada, coberta por galhos de \u00e1rvores entrela\u00e7ados e decorada com cord\u00f5es de l\u00e2mpadas. L\u00e1 est\u00e3o as mesinhas r\u00fasticas de madeira e metal, que s\u00e3o cercadas por uma horta de temperos e <strong>grafites <\/strong>da chef Helena Rizzo misturados a <strong>lambe-lambes<\/strong> do fot\u00f3grafo Fr\u00e2ncio de Holanda, da galeria f2.8. O projeto arquitet\u00f4nico \u00e9 do <strong>Est\u00fadio Vitor Penha<\/strong><\/span><\/p>\n<p style=\"text-align: center;\"><span style=\"color: #000000;\"><a style=\"color: #000000;\" href=\"http:\/\/www.myfashionlife.com.br\/wp-content\/uploads\/2015\/02\/padoca-do-mani2.jpg\"><img loading=\"lazy\" decoding=\"async\" class=\"aligncenter  wp-image-7169\" src=\"http:\/\/www.myfashionlife.com.br\/wp-content\/uploads\/2015\/02\/padoca-do-mani2.jpg\" alt=\"padoca-do-mani2\" width=\"588\" height=\"439\" srcset=\"https:\/\/www.girosgourmet.com.br\/wp-content\/uploads\/2015\/02\/padoca-do-mani2.jpg 2592w, https:\/\/www.girosgourmet.com.br\/wp-content\/uploads\/2015\/02\/padoca-do-mani2-300x224.jpg 300w, https:\/\/www.girosgourmet.com.br\/wp-content\/uploads\/2015\/02\/padoca-do-mani2-1024x765.jpg 1024w, https:\/\/www.girosgourmet.com.br\/wp-content\/uploads\/2015\/02\/padoca-do-mani2-588x439.jpg 588w\" sizes=\"auto, (max-width: 588px) 100vw, 588px\" \/><\/a><\/span><\/p>\n<p style=\"text-align: justify;\"><span style=\"color: #000000;\">De ambiente singelo e acolhedor, o pequeno sal\u00e3o da padaria mistura texturas e prima pela espontaneidade. O ch\u00e3o \u00e9 de madeira larga e paredes revestidas por azulejos brancos, que trazem itens do card\u00e1pio escritos \u00e0 caneta, a cozinha envidra\u00e7ada \u00e9 aberta para o sal\u00e3o e o balc\u00e3o \u00e9 feito com portas de casa de s\u00edtio envelhecidas pelo tempo.\u00a0A Padoca n\u00e3o tem gar\u00e7om, o cliente faz seu pedido no balc\u00e3o, paga no caixa e se acomoda numa das mesas da varanda.<\/span><\/p>\n<p style=\"text-align: justify;\"><span style=\"color: #000000;\">Entre as sugest\u00f5es do menu, est\u00e3o o <strong>Musli da Nana<\/strong> (R$12), receita de Fernanda Lima, uma das s\u00f3cias, a <strong>Tapioca caprese ou queijo manteiga<\/strong> (R$ 16), o <strong>Tostex de presunto e queijo<\/strong> e os <strong>Ovos mexidos com bacon <\/strong>(R$ 14). Para um caf\u00e9 da manh\u00e3 refor\u00e7ado, a pedida \u00e9 o <strong>Caf\u00e9 Padoca<\/strong>, um combo com p\u00e3es, geleia ou mel, manteiga, requeij\u00e3o, suco de laranja, pingado ou espresso, salada de frutas com iogurte e granola (R$ 30).<\/span><\/p>\n<p style=\"text-align: center;\"><a href=\"http:\/\/www.myfashionlife.com.br\/wp-content\/uploads\/2015\/02\/padoca3.jpeg\"><img loading=\"lazy\" decoding=\"async\" class=\"aligncenter  wp-image-7170\" src=\"http:\/\/www.myfashionlife.com.br\/wp-content\/uploads\/2015\/02\/padoca3.jpeg\" alt=\"padoca3\" width=\"500\" height=\"667\" srcset=\"https:\/\/www.girosgourmet.com.br\/wp-content\/uploads\/2015\/02\/padoca3.jpeg 635w, https:\/\/www.girosgourmet.com.br\/wp-content\/uploads\/2015\/02\/padoca3-225x300.jpeg 225w, https:\/\/www.girosgourmet.com.br\/wp-content\/uploads\/2015\/02\/padoca3-588x784.jpeg 588w\" sizes=\"auto, (max-width: 500px) 100vw, 500px\" \/><\/a><\/p>\n<p style=\"text-align: justify;\"><span style=\"color: #000000;\">Os itens de confeitaria s\u00e3o expostos numa vitrine climatizada no balc\u00e3o. Entre eles, as <strong>empadinhas<\/strong> de palmito ou camar\u00e3o (R$ 9), <strong>p\u00e3o de queijo <\/strong>(R$ 6), <strong>torta salgada<\/strong> (R$ 14 a fatia), <strong>bolo<\/strong> e <strong>cuca<\/strong> do dia (R$ 7 a fatia), <strong>quindim<\/strong> (R$ 6) e <strong>salada de frutas com iogurte<\/strong> no potinho (R$ 10). Para acompanhar, h\u00e1 op\u00e7\u00f5es de bebidas como <strong>caf\u00e9 espresso<\/strong> (R$ 5), <strong>cappuccino<\/strong> (R$ 6), <strong>chocolate quente<\/strong> (R$ 8), <strong>suco de laranja<\/strong> (R$ 8), <strong>chimarr\u00e3o<\/strong> (R$ 12) e <strong>vitamina<\/strong> (R$ 13).<\/span><\/p>\n<p><span style=\"color: #000000;\">Tamb\u00e9m \u00e9 poss\u00edvel comprar requeij\u00e3o, manteiga e ovos org\u00e2nicos da <strong>Fazenda da Toca<\/strong>, de Itirapina (SP), que est\u00e3o dispostos na geladeira cor de rosa ao lado do balc\u00e3o. Outros produtos de <strong>pequenos produtores<\/strong> estar\u00e3o \u00e0 venda na Padoca, como granola, mel e geleias.<\/span><\/p>\n<p><span style=\"color: #000000;\"><strong>Padoca do Man\u00ed<\/strong><\/span><\/p>\n<p><span style=\"color: #000000;\">Endere\u00e7o: Rua Joaquim Antunes, 138\/ Telefone: 3482-7922<\/span><br \/>\n<span style=\"color: #000000;\">Hor\u00e1rio de funcionamento especial de abertura: ter\u00e7a a sexta, das 8h \u00e0s 16h, e s\u00e1bado e domingo, das 8h \u00e0s 14h (nos finais de semana s\u00f3 ser\u00e3o servidos o \u201cCaf\u00e9 Padoca\u201d e quitutes da vitrine).<\/span><br \/>\n<span style=\"color: #000000;\">Aceita todos os cart\u00f5es<\/span><\/p>\n<p>&nbsp;<\/p>\n<iframe src=\"http:\/\/www.facebook.com\/plugins\/like.php?href=https:\/\/www.girosgourmet.com.br\/index.php\/padoca-do-mani-abre-as-portas-em-sao-paulo\/&amp;layout=standard&amp;show_faces=1&amp;width=450&amp;action=like&amp;colorscheme=light&amp;font=\" scrolling=\"no\" frameborder=\"0\" style=\"border:none; overflow:hidden; width:450px; height:60px\"><\/iframe>","protected":false},"excerpt":{"rendered":"<p>Para quem ama uma padaria como eu, n\u00e3o pode perder jamais esta novidade! Alguns dias atr\u00e1s, foi inaugurada a Padoca do Mani&#8230;&#8230;Abrir um lugar com clima caseiro e um bom caf\u00e9 da manh\u00e3 era o sonho dos propriet\u00e1rios do Man\u00ed. O card\u00e1pio \u00e9 assinado pelas chefs Helena Rizzo e Fernanda [&hellip;]<\/p>\n","protected":false},"author":3,"featured_media":0,"comment_status":"open","ping_status":"closed","sticky":false,"template":"","format":"standard","meta":{"footnotes":""},"categories":[39],"tags":[1560,1559,1558],"class_list":["post-7167","post","type-post","status-publish","format-standard","hentry","category-gastronomia","tag-helena-rizzo","tag-padaria","tag-padoca-do-mani"],"_links":{"self":[{"href":"https:\/\/www.girosgourmet.com.br\/index.php\/wp-json\/wp\/v2\/posts\/7167","targetHints":{"allow":["GET"]}}],"collection":[{"href":"https:\/\/www.girosgourmet.com.br\/index.php\/wp-json\/wp\/v2\/posts"}],"about":[{"href":"https:\/\/www.girosgourmet.com.br\/index.php\/wp-json\/wp\/v2\/types\/post"}],"author":[{"embeddable":true,"href":"https:\/\/www.girosgourmet.com.br\/index.php\/wp-json\/wp\/v2\/users\/3"}],"replies":[{"embeddable":true,"href":"https:\/\/www.girosgourmet.com.br\/index.php\/wp-json\/wp\/v2\/comments?post=7167"}],"version-history":[{"count":1,"href":"https:\/\/www.girosgourmet.com.br\/index.php\/wp-json\/wp\/v2\/posts\/7167\/revisions"}],"predecessor-version":[{"id":7171,"href":"https:\/\/www.girosgourmet.com.br\/index.php\/wp-json\/wp\/v2\/posts\/7167\/revisions\/7171"}],"wp:attachment":[{"href":"https:\/\/www.girosgourmet.com.br\/index.php\/wp-json\/wp\/v2\/media?parent=7167"}],"wp:term":[{"taxonomy":"category","embeddable":true,"href":"https:\/\/www.girosgourmet.com.br\/index.php\/wp-json\/wp\/v2\/categories?post=7167"},{"taxonomy":"post_tag","embeddable":true,"href":"https:\/\/www.girosgourmet.com.br\/index.php\/wp-json\/wp\/v2\/tags?post=7167"}],"curies":[{"name":"wp","href":"https:\/\/api.w.org\/{rel}","templated":true}]}}