{"id":6955,"date":"2014-07-01T18:19:37","date_gmt":"2014-07-01T21:19:37","guid":{"rendered":"http:\/\/www.myfashionlife.com.br\/?p=6955"},"modified":"2014-07-01T18:20:31","modified_gmt":"2014-07-01T21:20:31","slug":"galinhada-dalva-e-dito-recebe-sambista-ivo-meirelles","status":"publish","type":"post","link":"https:\/\/www.girosgourmet.com.br\/index.php\/galinhada-dalva-e-dito-recebe-sambista-ivo-meirelles\/","title":{"rendered":"Galinhada Dalva e Dito recebe sambista Ivo Meirelles"},"content":{"rendered":"<p style=\"text-align: center;\"><a href=\"http:\/\/www.myfashionlife.com.br\/wp-content\/uploads\/2014\/07\/dalva.jpg\"><img loading=\"lazy\" decoding=\"async\" class=\"aligncenter size-full wp-image-6956\" src=\"http:\/\/www.myfashionlife.com.br\/wp-content\/uploads\/2014\/07\/dalva.jpg\" alt=\"dalva\" width=\"500\" height=\"250\" srcset=\"https:\/\/www.girosgourmet.com.br\/wp-content\/uploads\/2014\/07\/dalva.jpg 500w, https:\/\/www.girosgourmet.com.br\/wp-content\/uploads\/2014\/07\/dalva-300x150.jpg 300w\" sizes=\"auto, (max-width: 500px) 100vw, 500px\" \/><\/a><\/p>\n<p style=\"text-align: justify;\"><span style=\"color: #000000;\">E mais uma festona pra animar os jogos do Brasil nesta maravilhosa <strong>Copa do Mundo<\/strong>!<\/span><\/p>\n<p style=\"text-align: justify;\"><span style=\"color: #000000;\">No dia 05\/7, a Galinhada <strong>Dalva e Dito<\/strong> entra no ritmo da Mangueira, com a presen\u00e7a do cantor e compositor <strong>Ivo Meirelles<\/strong>. O multi-instrumentista carioca traz ao Dalva e Dito um repert\u00f3rio com can\u00e7\u00f5es que foram consagradas por Lob\u00e3o, Cazuza, Benjor, Frejat entre outros, animando a noite. Ivo j\u00e1 integrou o grupo Funk&#8217;n Lata, onde misturava o samba com funk, soul, pop rock e MPB.<\/span><\/p>\n<p style=\"text-align: center;\"><a href=\"http:\/\/www.myfashionlife.com.br\/wp-content\/uploads\/2014\/07\/ivo-09.jpg\"><img loading=\"lazy\" decoding=\"async\" class=\"aligncenter size-full wp-image-6957\" src=\"http:\/\/www.myfashionlife.com.br\/wp-content\/uploads\/2014\/07\/ivo-09.jpg\" alt=\"ivo-09\" width=\"640\" height=\"300\" srcset=\"https:\/\/www.girosgourmet.com.br\/wp-content\/uploads\/2014\/07\/ivo-09.jpg 640w, https:\/\/www.girosgourmet.com.br\/wp-content\/uploads\/2014\/07\/ivo-09-300x140.jpg 300w, https:\/\/www.girosgourmet.com.br\/wp-content\/uploads\/2014\/07\/ivo-09-588x275.jpg 588w\" sizes=\"auto, (max-width: 640px) 100vw, 640px\" \/><\/a><\/p>\n<p style=\"text-align: justify;\"><span style=\"color: #000000;\">A partir da meia-noite, a cozinha do restaurante se transforma em um buf\u00ea em que os convidados podem se servir \u00e0 vontade, ao custo de R$ 59 por pessoa. Bebidas, servi\u00e7o e valet s\u00e3o cobrados \u00e0 parte.<\/span><\/p>\n<p style=\"text-align: justify;\"><span style=\"color: #000000;\">\u00a0<\/span><\/p>\n<p style=\"text-align: justify;\"><span style=\"color: #000000;\"><strong>Servi\u00e7o<\/strong><strong><br \/>\nGalinhada Dalva e Dito \u2013 Ivo Meirelles<\/strong><\/span><\/p>\n<p style=\"text-align: justify;\"><span style=\"color: #000000;\">Quando: dia 05\/7<\/span><br \/>\n<span style=\"color: #000000;\">S\u00e1bado, a partir da meia-noite come\u00e7a a Galinhada, que se estende at\u00e9 as 3h.<\/span><br \/>\n<span style=\"color: #000000;\">Endere\u00e7o: Rua Padre Jo\u00e3o Manuel, 1.115, Jardins, S\u00e3o Paulo (SP)<\/span><br \/>\n<span style=\"color: #000000;\">Telefone: (11) 3068-4444<\/span><br \/>\n<span style=\"color: #000000;\">Ar-condicionado: sim<\/span><br \/>\n<span style=\"color: #000000;\">\u00c1rea externa para fumantes: sim<\/span><br \/>\n<span style=\"color: #000000;\">Wi-fi gratuito<\/span><\/p>\n<iframe src=\"http:\/\/www.facebook.com\/plugins\/like.php?href=https:\/\/www.girosgourmet.com.br\/index.php\/galinhada-dalva-e-dito-recebe-sambista-ivo-meirelles\/&amp;layout=standard&amp;show_faces=1&amp;width=450&amp;action=like&amp;colorscheme=light&amp;font=\" scrolling=\"no\" frameborder=\"0\" style=\"border:none; overflow:hidden; width:450px; height:60px\"><\/iframe>","protected":false},"excerpt":{"rendered":"<p>E mais uma festona pra animar os jogos do Brasil nesta maravilhosa Copa do Mundo! No dia 05\/7, a Galinhada Dalva e Dito entra no ritmo da Mangueira, com a presen\u00e7a do cantor e compositor Ivo Meirelles. O multi-instrumentista carioca traz ao Dalva e Dito um repert\u00f3rio com can\u00e7\u00f5es que [&hellip;]<\/p>\n","protected":false},"author":3,"featured_media":0,"comment_status":"open","ping_status":"closed","sticky":false,"template":"","format":"standard","meta":{"footnotes":""},"categories":[39],"tags":[489,1424,1487,1488],"class_list":["post-6955","post","type-post","status-publish","format-standard","hentry","category-gastronomia","tag-copa-do-mundo","tag-dalva-e-dito","tag-galinhada","tag-ivo-meirelles"],"_links":{"self":[{"href":"https:\/\/www.girosgourmet.com.br\/index.php\/wp-json\/wp\/v2\/posts\/6955","targetHints":{"allow":["GET"]}}],"collection":[{"href":"https:\/\/www.girosgourmet.com.br\/index.php\/wp-json\/wp\/v2\/posts"}],"about":[{"href":"https:\/\/www.girosgourmet.com.br\/index.php\/wp-json\/wp\/v2\/types\/post"}],"author":[{"embeddable":true,"href":"https:\/\/www.girosgourmet.com.br\/index.php\/wp-json\/wp\/v2\/users\/3"}],"replies":[{"embeddable":true,"href":"https:\/\/www.girosgourmet.com.br\/index.php\/wp-json\/wp\/v2\/comments?post=6955"}],"version-history":[{"count":1,"href":"https:\/\/www.girosgourmet.com.br\/index.php\/wp-json\/wp\/v2\/posts\/6955\/revisions"}],"predecessor-version":[{"id":6958,"href":"https:\/\/www.girosgourmet.com.br\/index.php\/wp-json\/wp\/v2\/posts\/6955\/revisions\/6958"}],"wp:attachment":[{"href":"https:\/\/www.girosgourmet.com.br\/index.php\/wp-json\/wp\/v2\/media?parent=6955"}],"wp:term":[{"taxonomy":"category","embeddable":true,"href":"https:\/\/www.girosgourmet.com.br\/index.php\/wp-json\/wp\/v2\/categories?post=6955"},{"taxonomy":"post_tag","embeddable":true,"href":"https:\/\/www.girosgourmet.com.br\/index.php\/wp-json\/wp\/v2\/tags?post=6955"}],"curies":[{"name":"wp","href":"https:\/\/api.w.org\/{rel}","templated":true}]}}