{"id":6713,"date":"2014-01-03T21:27:17","date_gmt":"2014-01-04T00:27:17","guid":{"rendered":"http:\/\/www.myfashionlife.com.br\/?p=6713"},"modified":"2014-01-03T22:00:51","modified_gmt":"2014-01-04T01:00:51","slug":"encante-se-com-o-mundo-magico-de-belem-do-para","status":"publish","type":"post","link":"https:\/\/www.girosgourmet.com.br\/index.php\/encante-se-com-o-mundo-magico-de-belem-do-para\/","title":{"rendered":"Encante-se com o mundo m\u00e1gico de Bel\u00e9m do Par\u00e1!"},"content":{"rendered":"<p style=\"text-align: justify;\"><span style=\"color: #000000;\">Janeiro m\u00eas das f\u00e9rias, de sair um pouco da rotina, de fugir um pouco do mundo para recarregar as energias&#8230;.e se voc\u00ea ainda n\u00e3o tem a menor ideia para onde ir, a gente aqui do blog vai te dar uma forcinha para embalar as suas f\u00e9rias merecidas e come\u00e7ar o ano com \u201cChave de Ouro\u201d.<\/span><\/p>\n<p style=\"text-align: center;\"><a href=\"http:\/\/998958_10202105627064967_649809114_n\"><img loading=\"lazy\" decoding=\"async\" class=\"aligncenter\" alt=\"\" src=\"http:\/\/4.bp.blogspot.com\/-D_VJ3blkAVs\/UiJT8deih3I\/AAAAAAAAl9Y\/aUfxuHHhcn8\/s1600\/bel%C3%A9m+2.jpg\" width=\"553\" height=\"301\" \/><\/a><\/p>\n<p style=\"text-align: justify;\"><span style=\"color: #000000;\">Recentemente estivemos visitando a maravilhosa cidade de\u00a0<strong>Bel\u00e9m do Par\u00e1<\/strong>, no norte do pa\u00eds. A Estado que \u00e9 considerado o portal de entrada da maior floresta tropical do planeta, \u00e9 um celeiro da biodiversidade amaz\u00f4nica que concentra paisagens e cen\u00e1rios \u00fanicos. A pluralidade cultural \u00e9 caracter\u00edstica determinante do processo de forma\u00e7\u00e3o da hist\u00f3rica cidade de Bel\u00e9m, com influ\u00eancias de in\u00fameras etnias e tradi\u00e7\u00f5es que se revelam em seu conjunto arquitet\u00f4nico, na religiosidade, nas manifesta\u00e7\u00f5es culturais, na gastronomia e no modo de vida.<\/span><\/p>\n<p style=\"text-align: justify;\"><span style=\"color: #000000;\"><b>TURISMO<\/b><\/span><\/p>\n<p style=\"text-align: center;\"><img loading=\"lazy\" decoding=\"async\" class=\"aligncenter\" alt=\"\" src=\"http:\/\/www.dropsmagazine.com.br\/wp-content\/uploads\/2013\/10\/DSC07306-1024x575.jpg\" width=\"553\" height=\"311\" \/><\/p>\n<p style=\"text-align: justify;\"><span style=\"color: #000000;\">Ir a Bel\u00e9m e n\u00e3o visitar a maior feira aberta da Am\u00e9rica Latina, o\u00a0<b>Mercado Ver-o-Peso<\/b>, \u00e9 como ir a Roma e n\u00e3o visitar o Coliseu. Ponto tur\u00edstico e cultural da cidade inaugurado em 1901, este lugar \u00e9 um dos mercados p\u00fablicos mais antigos do Brasil, que abastece os visitantes com variados tipos de g\u00eaneros aliment\u00edcios e ervas medicinais do interior paraense. O ambiente \u00e9 perfeito para experimentar as ex\u00f3ticas frutas t\u00edpicas e as del\u00edcias regionais, como o tacac\u00e1 e o a\u00e7a\u00ed com peixe.<\/span><\/p>\n<p style=\"text-align: justify;\"><span style=\"color: #000000;\">Ali pertinho os visitantes tamb\u00e9m ter\u00e3o oportunidade de fazer um belo passeio a p\u00e9 pelo\u00a0<b>Centro Hist\u00f3rico<\/b>\u00a0da cidade, conhecido popularmente como \u201c<b>Cidade Velha<\/b>\u201d, onde se pode apreciar a paisagem da orla com centenas de barco coloridos. Merece destaque o conjunto arquitet\u00f4nico formado pelo\u00a0<b>Forte do Pres\u00e9pio<\/b>, pela\u00a0<b>Catedral Metropolitana da S\u00e9<\/b>, pela\u00a0<b>Casa das Onze Janelas<\/b>\u00a0e pela\u00a0<b>Igreja de Santo Alexandre<\/b>, que atualmente \u00e9 sede do\u00a0<b>Museu de Arte Sacra<\/b>\u00a0da cidade.<\/span><\/p>\n<div style=\"width: 563px\" class=\"wp-caption aligncenter\"><img loading=\"lazy\" decoding=\"async\" class=\"  \" alt=\"\" src=\"http:\/\/www.dropsmagazine.com.br\/wp-content\/uploads\/2013\/10\/DSC07486-1024x575.jpg\" width=\"553\" height=\"311\" \/><p class=\"wp-caption-text\">Forte do Pres\u00e9pio<\/p><\/div>\n<p style=\"text-align: justify;\"><span style=\"color: #000000;\">Aproveitando o embalo das grandes atra\u00e7\u00f5es arquitet\u00f4nicas da cidade, se puder n\u00e3o deixe de ir ao\u00a0<b>Teatro da Paz<\/b>. O teatro \u00e9 o mais importante do Estado do Par\u00e1 e \u00e9 um dos mais belos do Brasil. Foi constru\u00eddo em estilo neocl\u00e1ssico pelo engenheiro Tib\u00farcio Pereira Magalh\u00e3es entre os anos de 1868 e 1874.<\/span><\/p>\n<p style=\"text-align: justify;\"><span style=\"color: #000000;\">Outro lugar imperd\u00edvel na cidade \u00e9 a\u00a0<b>Bas\u00edlica de Nossa Senhora de Nazar\u00e9<\/b>. A igreja foi erguida em 1852 no mesmo lugar em que foi achada a imagem da santa pelo caboclo Pl\u00e1cido, \u00e0s margens do Igarap\u00e9 Murucutu, que atualmente n\u00e3o existe mais. O atual templo \u00e9 a \u00fanica Bas\u00edlica da Amaz\u00f4nia brasileira. Sua hist\u00f3ria, seu simbolismo e sua import\u00e2ncia religiosa exercem uma profunda influ\u00eancia no imagin\u00e1rio religioso paraense.<\/span><\/p>\n<div style=\"width: 563px\" class=\"wp-caption aligncenter\"><img loading=\"lazy\" decoding=\"async\" class=\"  \" alt=\"\" src=\"http:\/\/www.dropsmagazine.com.br\/wp-content\/uploads\/2013\/10\/IMG_0047-1024x768.jpg\" width=\"553\" height=\"415\" \/><p class=\"wp-caption-text\">B\u00e1silica<\/p><\/div>\n<p style=\"text-align: justify;\"><span style=\"color: #000000;\">\u00c9 ali que termina a festa religiosa mais importante da regi\u00e3o norte do Brasil, a Prociss\u00e3o do C\u00edrio de Nazar\u00e9, que \u00e9 realizada no segundo domingo de outubro h\u00e1 mais de 200 anos. Nesta prociss\u00e3o traslada-se a Virgem de Nazar\u00e9 desde a Catedral Metropolitana da S\u00e9 at\u00e9 a Bas\u00edlica de Nossa Senhora de Nazar\u00e9.<\/span><\/p>\n<p style=\"text-align: justify;\"><span style=\"color: #000000;\">Outra visita obrigat\u00f3ria \u00e9 o\u00a0<b>Parque Natural\u00edstico Mangal das Gar\u00e7as<\/b>, que foi criado em 2005 e representa um peda\u00e7o de toda a riqueza amaz\u00f4nica em plena cidade. Um verdadeiro o\u00e1sis para os que valorizam a natureza. O lugar possui lagos, aves, vegeta\u00e7\u00e3o t\u00edpica, restaurante e uma das vistas mais bonitas da cidade.<\/span><\/p>\n<div style=\"width: 563px\" class=\"wp-caption aligncenter\"><img loading=\"lazy\" decoding=\"async\" class=\"  \" alt=\"\" src=\"http:\/\/www.dropsmagazine.com.br\/wp-content\/uploads\/2013\/10\/DSC07631-1024x575.jpg\" width=\"553\" height=\"311\" \/><p class=\"wp-caption-text\">Mangal da Gar\u00e7a<\/p><\/div>\n<p style=\"text-align: justify;\"><span style=\"color: #000000;\">Estando l\u00e1 n\u00e3o deixe de visitar o <strong>Borbolet\u00e1rio<\/strong>, que possui uma vegeta\u00e7\u00e3o prop\u00edcia \u00e0s esp\u00e9cies, cascatas e espelhos d\u2019\u00e1gua. O Farol de Bel\u00e9m \u00e9 outra atra\u00e7\u00e3o imperd\u00edvel. Uma torre de 47 metros de altura com dois n\u00edveis de observa\u00e7\u00e3o de onde se descortina a bela Cidade das Mangueiras.<\/span><\/p>\n<p style=\"text-align: justify;\"><span style=\"color: #000000;\">J\u00e1 no final da tarde, a sugest\u00e3o fica por conta de um dos passeios mais gostosos da cidade, o passeio fluvial pela\u00a0<b>Ba\u00eda do Guajar\u00e1<\/b>\u00a0e\u00a0<b>Rio Guam\u00e1<\/b>\u00a0(R$45,00), para ter uma vista panor\u00e2mica da cidade, das ilhas e das diferentes embarca\u00e7\u00f5es. A cidade possui muitas janelas para o rio, como a\u00a0<b>Esta\u00e7\u00e3o das Docas<\/b>, Complexo Feliz Lusit\u00e2nia e Portal Amaz\u00f4nia, todas avistadas durante o passeio, enquanto voc\u00ea aprecia m\u00fasicas e dan\u00e7as t\u00edpicas, como o Carimb\u00f3.<\/span><\/p>\n<p><a href=\"https:\/\/www.facebook.com\/photo.php?fbid=10151782463956245&amp;set=pb.583276244.-2207520000.1388795836.&amp;type=3&amp;theater\"><img loading=\"lazy\" decoding=\"async\" class=\"aligncenter\" alt=\"\" src=\"https:\/\/scontent-b.xx.fbcdn.net\/hphotos-ash4\/1234087_10151782463956245_910154258_n.jpg\" width=\"576\" height=\"383\" \/><\/a><\/p>\n<p style=\"text-align: justify;\"><span style=\"color: #000000;\">Saindo deste passeio, d\u00ea uma passadinha na <strong>Esta\u00e7\u00e3o das Docas<\/strong>, que possui uma bela vista para a Ba\u00eda de Guajar\u00e1 e oferece um variado leque de gastronomia, cultura e lazer. O espa\u00e7o recebe semanalmente eventos culturais, exposi\u00e7\u00f5es, pe\u00e7as teatrais, musicais e espet\u00e1culos de dan\u00e7a. Lugar ideal para um almo\u00e7o ou jantar, ou mesmo bebericar alguns drinks durante o p\u00f4r do sol.<\/span><\/p>\n<p style=\"text-align: center;\"><img loading=\"lazy\" decoding=\"async\" class=\"aligncenter\" alt=\"\" src=\"http:\/\/www.dropsmagazine.com.br\/wp-content\/uploads\/2013\/10\/DSC07768-1024x575.jpg\" width=\"553\" height=\"311\" \/><\/p>\n<p style=\"text-align: justify;\"><span style=\"color: #000000;\"><b>GASTRONOMIA<\/b><\/span><\/p>\n<p style=\"text-align: center;\"><img loading=\"lazy\" decoding=\"async\" class=\"aligncenter\" alt=\"\" src=\"http:\/\/www.dropsmagazine.com.br\/wp-content\/uploads\/2013\/11\/Bosque-arroz-de-pato.jpg\" width=\"553\" height=\"311\" \/><\/p>\n<p style=\"text-align: justify;\"><span style=\"color: #000000;\">A gastronomia de Bel\u00e9m \u00e9 original, criativa, aut\u00eantica e marcada por grande diversidade. A gastronomia de Bel\u00e9m tem cara pr\u00f3pria, mas tamb\u00e9m h\u00e1 restaurantes que privilegiam card\u00e1pios de comidas internacionais, como a oriental e a italiana.<b><\/b><\/span><\/p>\n<p style=\"text-align: justify;\"><span style=\"color: #000000;\">Visitamos tr\u00eas lugares que merecem destaque.<\/span><\/p>\n<p style=\"text-align: justify;\"><span style=\"color: #000000;\"><b>REMANSO DO BOSQUE<\/b><\/span><\/p>\n<p style=\"text-align: justify;\"><span style=\"color: #000000;\">A visita \u00e9 imperd\u00edvel ao restaurante dos irm\u00e3os\u00a0<b>Thiago\u00a0<\/b>e<b>\u00a0Felipe Castanho<\/b>\u00a0que ousam com maestria unir a culin\u00e1ria paraense com t\u00e9cnicas contempor\u00e2neas, revelando um harmonioso trabalho autoral. O restaurante conquistou o t\u00edtulo de mesa n\u00famero um da cidade. Para ter a oportunidade de conhecer profundamente sua cozinha menos \u00f3bvia pe\u00e7a o menu degusta\u00e7\u00e3o do restaurante (R$140,00 por pessoa) e delicie-se com pratos como Arroz de Pato com Tucupi e Jamb\u00fa, Filhote (um peixe t\u00edpico) com Creme de Ab\u00f3bora ou o delicioso Ari\u00e1 com Milho.<\/span><\/p>\n<p style=\"text-align: justify;\"><span style=\"color: #000000;\"><b>L\u00c1 EM CASA<\/b><\/span><\/p>\n<p style=\"text-align: justify;\"><span style=\"color: #000000;\">O restaurante do saudoso chef\u00a0<b>Paulo Martins<\/b>, atualmente pilotado por sua filha, a chef\u00a0<b>Daniela<\/b>\u00a0Martins, tem tido muito sucesso, especialmente por uma de suas especialidades, a comida caseira regional, sendo um dos preferidos pelos turistas e executivos, recebendo constantemente reconhecimentos de todo o Brasil e do exterior. N\u00e3o deixe de experimentar o Camar\u00e3o ao Bacuri, ou a Lagosta na Chapa com Manteiga Negra e Alcaparras.<\/span><\/p>\n<p style=\"text-align: justify;\"><span style=\"color: #000000;\"><b>SORVETERIA CAIRU<\/b><\/span><\/p>\n<p style=\"text-align: justify;\"><span style=\"color: #000000;\">Neste ano esta sorveteria completou 50 anos oferecendo ex\u00f3ticos gelados de massa cremosa, feito \u00e0 base de frutas frescas, creme de leite e leite em p\u00f3, que garantem a autenticidade da marca. As del\u00edcias geladas s\u00e3o servidas em doze endere\u00e7os exclusivos da capital paraense, nos quais voc\u00ea poder\u00e1 escolher um dos 65 sabores (R$5,00 uma bola, R$9,70 duas), dos quais se destacam as frutas regionais como Bacuri, Cupua\u00e7u, Tapereb\u00e1, Graviola e Mangaba.<\/span><\/p>\n<p style=\"text-align: justify;\"><span style=\"color: #000000;\">Enfim Bel\u00e9m oferece isso tudo e muito mais, um lugar m\u00e1gico e que merece a visita de todo brasileiro que se orgulha de sua terra e de sua gente. Eu amei e quero voltar. Recomendo!<\/span><\/p>\n<p style=\"text-align: justify;\"><span style=\"color: #000000;\">E Boa Viagem!<b><\/b><\/span><\/p>\n<p style=\"text-align: justify;\"><span style=\"color: #000000;\"><b>SERVI\u00c7O<br \/>\n<\/b>Mercado Ver-O-Peso<b><br \/>\n<\/b>Av. Castilhos Fran\u00e7a, s\/n<b><\/b><\/span><\/p>\n<p style=\"text-align: justify;\"><span style=\"color: #000000;\">Teatro da Paz<\/span><br \/>\n<span style=\"color: #000000;\">Avenida da Paz, no centro da Pra\u00e7a da Rep\u00fablica \u2013 Bairro do Com\u00e9rcio \u2013 Bel\u00e9m<\/span><\/p>\n<p style=\"text-align: justify;\"><span style=\"color: #000000;\">Bas\u00edlica de Nazar\u00e9<\/span><br \/>\n<span style=\"color: #000000;\">Av. Nazar\u00e9, 1300,\u00a0 Pra\u00e7a Justo Chermont \u2013 Bel\u00e9m<\/span><br \/>\n<span style=\"color: #000000;\">(91) 4009-8400<\/span><\/p>\n<p style=\"text-align: justify;\"><span style=\"color: #000000;\">Mangal das Gar\u00e7as<\/span><br \/>\n<span style=\"color: #000000;\">Pass. Carneiro da Rocha, s\/n (ao lado do Arsenal da Marinha)<\/span><br \/>\n<span style=\"color: #000000;\">(91) 3242-5052<\/span><\/p>\n<p style=\"text-align: justify;\"><span style=\"color: #000000;\">Esta\u00e7\u00e3o das Docas<\/span><br \/>\n<span style=\"color: #000000;\">Av. Boulevard Castilhos Fran\u00e7a, s\/n \u2013 Campina \u2013 Bel\u00e9m<\/span><br \/>\n<span style=\"color: #000000;\">(91) 3212-5660<\/span><\/p>\n<p style=\"text-align: justify;\"><span style=\"color: #000000;\">Remanso do Bosque<\/span><br \/>\n<span style=\"color: #000000;\">Travessa Perebebu\u00ed, 2350 \u2013 Marco \u2013 Bel\u00e9m<\/span><br \/>\n<span style=\"color: #000000;\">(91) 3347-2829<\/span><\/p>\n<p style=\"text-align: justify;\"><span style=\"color: #000000;\">L\u00e1 em Casa<\/span><br \/>\n<span style=\"color: #000000;\">Av. Boulevard Castilho Fran\u00e7a, Esta\u00e7\u00e3o das Docas, Galp\u00e3o 2, Loja 4 \u2013 Campina \u2013 Bel\u00e9m<\/span><br \/>\n<span style=\"color: #000000;\">(91) 3212- 5588<\/span><\/p>\n<p style=\"text-align: justify;\"><span style=\"color: #000000;\">Sorveteria Cairu<\/span><br \/>\n<span style=\"color: #000000;\">Av. Governador Jos\u00e9 Malcher, 1895 \u2013 Nazar\u00e9 \u2013 Bel\u00e9m<\/span><br \/>\n<span style=\"color: #000000;\">(91) 3246- 9129<\/span><\/p>\n<p style=\"text-align: justify;\"><span style=\"color: #000000;\"><strong>Cr\u00e9dito Imagens<\/strong>: Marcos Geromini<\/span><\/p>\n<iframe src=\"http:\/\/www.facebook.com\/plugins\/like.php?href=https:\/\/www.girosgourmet.com.br\/index.php\/encante-se-com-o-mundo-magico-de-belem-do-para\/&amp;layout=standard&amp;show_faces=1&amp;width=450&amp;action=like&amp;colorscheme=light&amp;font=\" scrolling=\"no\" frameborder=\"0\" style=\"border:none; overflow:hidden; width:450px; height:60px\"><\/iframe>","protected":false},"excerpt":{"rendered":"<p>Janeiro m\u00eas das f\u00e9rias, de sair um pouco da rotina, de fugir um pouco do mundo para recarregar as energias&#8230;.e se voc\u00ea ainda n\u00e3o tem a menor ideia para onde ir, a gente aqui do blog vai te dar uma forcinha para embalar as suas f\u00e9rias merecidas e come\u00e7ar o [&hellip;]<\/p>\n","protected":false},"author":3,"featured_media":0,"comment_status":"open","ping_status":"closed","sticky":false,"template":"","format":"standard","meta":{"footnotes":""},"categories":[41],"tags":[1405,1406,1407],"class_list":["post-6713","post","type-post","status-publish","format-standard","hentry","category-viagens","tag-belem-do-para","tag-mercado-ver-o-peso","tag-para"],"_links":{"self":[{"href":"https:\/\/www.girosgourmet.com.br\/index.php\/wp-json\/wp\/v2\/posts\/6713","targetHints":{"allow":["GET"]}}],"collection":[{"href":"https:\/\/www.girosgourmet.com.br\/index.php\/wp-json\/wp\/v2\/posts"}],"about":[{"href":"https:\/\/www.girosgourmet.com.br\/index.php\/wp-json\/wp\/v2\/types\/post"}],"author":[{"embeddable":true,"href":"https:\/\/www.girosgourmet.com.br\/index.php\/wp-json\/wp\/v2\/users\/3"}],"replies":[{"embeddable":true,"href":"https:\/\/www.girosgourmet.com.br\/index.php\/wp-json\/wp\/v2\/comments?post=6713"}],"version-history":[{"count":4,"href":"https:\/\/www.girosgourmet.com.br\/index.php\/wp-json\/wp\/v2\/posts\/6713\/revisions"}],"predecessor-version":[{"id":6719,"href":"https:\/\/www.girosgourmet.com.br\/index.php\/wp-json\/wp\/v2\/posts\/6713\/revisions\/6719"}],"wp:attachment":[{"href":"https:\/\/www.girosgourmet.com.br\/index.php\/wp-json\/wp\/v2\/media?parent=6713"}],"wp:term":[{"taxonomy":"category","embeddable":true,"href":"https:\/\/www.girosgourmet.com.br\/index.php\/wp-json\/wp\/v2\/categories?post=6713"},{"taxonomy":"post_tag","embeddable":true,"href":"https:\/\/www.girosgourmet.com.br\/index.php\/wp-json\/wp\/v2\/tags?post=6713"}],"curies":[{"name":"wp","href":"https:\/\/api.w.org\/{rel}","templated":true}]}}