{"id":6364,"date":"2013-10-30T21:29:48","date_gmt":"2013-10-31T00:29:48","guid":{"rendered":"http:\/\/www.myfashionlife.com.br\/?p=6364"},"modified":"2013-11-21T03:10:32","modified_gmt":"2013-11-21T06:10:32","slug":"prana-spa-hospedagem-afetiva","status":"publish","type":"post","link":"https:\/\/www.girosgourmet.com.br\/index.php\/prana-spa-hospedagem-afetiva\/","title":{"rendered":"Pr\u00e3na Spa \u2013 Hospedagem Afetiva"},"content":{"rendered":"<p style=\"text-align: justify;\">Meu achado desta vez foi o <b>Pr\u00e3na Spa<\/b> em <b>Campos do Jord\u00e3o<\/b>, idealizado por <b>Marise Berg<\/b>, nutricionista, culinarista e terapeuta Ayurveda. O Spa tem uma proposta de hospedagem afetiva, visando uma desintoxica\u00e7\u00e3o f\u00edsica, mental e energ\u00e9tica, em contato com a natureza, para restaurar os sentidos por meio de um descanso profundo. S\u00e3o oferecidas massagens e terapias corporais como a Yogaterapia, medita\u00e7\u00e3o, pr\u00e3nay\u00e3mas, que s\u00e3o exerc\u00edcios respirat\u00f3rios, al\u00e9m de caminhadas. O ambiente \u00e9 intimista, quem te recepciona \u00e9 a pr\u00f3pria <b>Marise<\/b>, s\u00e3o poucos h\u00f3spedes e recebe somente aos finais de semana e feriados. O <b>Pr\u00e3na Spa<\/b> fica dentro do Campo das Olivas, que \u00e9 um s\u00edtio com certifica\u00e7\u00e3o org\u00e2nica onde \u00e9 produzido o que voc\u00ea vai degustar durante sua estadia. Tudo que existe na propriedade tem um sentido de ser, \u00e9 um local onde voc\u00ea vai entrar em contato com pr\u00e1ticas da medicina Ayurveda, contempor\u00e2neas e adaptadas \u00e0 sua realidade. Se a sua vis\u00e3o de para\u00edso \u00e9 uma casinha no campo esse definitivamente \u00e9 o lugar.<\/p>\n<p style=\"text-align: center;\"><a href=\"http:\/\/www.myfashionlife.com.br\/wp-content\/uploads\/2013\/10\/1_b.jpg\"><img loading=\"lazy\" decoding=\"async\" class=\"size-full wp-image-6372 aligncenter\" alt=\"1_b\" src=\"http:\/\/www.myfashionlife.com.br\/wp-content\/uploads\/2013\/10\/1_b.jpg\" width=\"544\" height=\"527\" srcset=\"https:\/\/www.girosgourmet.com.br\/wp-content\/uploads\/2013\/10\/1_b.jpg 1209w, https:\/\/www.girosgourmet.com.br\/wp-content\/uploads\/2013\/10\/1_b-300x290.jpg 300w, https:\/\/www.girosgourmet.com.br\/wp-content\/uploads\/2013\/10\/1_b-1024x990.jpg 1024w\" sizes=\"auto, (max-width: 544px) 100vw, 544px\" \/><\/a><\/p>\n<p style=\"text-align: justify;\">N\u00e3o tem como falar do Spa sem comentar sobre <b>Marise Berg<\/b>, se voc\u00ea est\u00e1 esperando algu\u00e9m hippie, m\u00edstica que responde tudo sussurrando e com frases prontas, esquece! <b>Marise<\/b> \u00e9 moderna, antenada, conectada, uma mulher poss\u00edvel, que traduz a medicina Ayurveda para o nosso momento, voc\u00ea vai ficar encantado.<br \/>\nA Ayurveda n\u00e3o tem nada a ver com misticismo, religi\u00e3o ou f\u00e9, \u00e9 uma medicina praticada h\u00e1 cinco mil anos na \u00cdndia, na verdade ela \u00e9 a m\u00e3e de todas as outras medicinas inclusive a chinesa, s\u00f3 que ao inv\u00e9s de tratar a doen\u00e7a a Ayurveda visa equilibrar a sa\u00fade das pessoas para que isso n\u00e3o aconte\u00e7a, obviamente como todo somos o que comemos, o foco principal \u00e9 a alimenta\u00e7\u00e3o, por isso mesmo o ambiente natural e a horta org\u00e2nica se fazem presentes no <b>Pr\u00e3na Spa<\/b>.<\/p>\n<p style=\"text-align: justify;\"><a href=\"http:\/\/www.myfashionlife.com.br\/wp-content\/uploads\/2013\/10\/2_b.jpg\"><img loading=\"lazy\" decoding=\"async\" class=\"size-full wp-image-6373 aligncenter\" alt=\"2_b\" src=\"http:\/\/www.myfashionlife.com.br\/wp-content\/uploads\/2013\/10\/2_b.jpg\" width=\"597\" height=\"647\" srcset=\"https:\/\/www.girosgourmet.com.br\/wp-content\/uploads\/2013\/10\/2_b.jpg 1193w, https:\/\/www.girosgourmet.com.br\/wp-content\/uploads\/2013\/10\/2_b-276x300.jpg 276w, https:\/\/www.girosgourmet.com.br\/wp-content\/uploads\/2013\/10\/2_b-944x1024.jpg 944w\" sizes=\"auto, (max-width: 597px) 100vw, 597px\" \/><\/a><\/p>\n<p style=\"text-align: justify;\">A culin\u00e1ria do <b>Pr\u00e3na<\/b> \u00e9 um cap\u00edtulo \u00e0 parte, como a proposta \u00e9 um final de semana relaxante e desintoxicante, tudo \u00e9 preparado especialmente para isso, pensando na prefer\u00eancia dos h\u00f3spedes, e obviamente baseada na culin\u00e1ria Ayurveda que \u00e9 predominantemente vegetariana e temperada de uma maneira especial. Os temperos tem um papel importante na Ayurveda por causa dos seus componentes fitoqu\u00edmicos. Se n\u00f3s primeiro comemos com os olhos, ent\u00e3o s\u00f3 de ver voc\u00ea vai sentir que tudo \u00e9 uma del\u00edcia!<\/p>\n<p style=\"text-align: justify;\"><a href=\"http:\/\/www.myfashionlife.com.br\/wp-content\/uploads\/2013\/10\/3_b.jpg\"><img loading=\"lazy\" decoding=\"async\" class=\"size-full wp-image-6374 aligncenter\" alt=\"3_b\" src=\"http:\/\/www.myfashionlife.com.br\/wp-content\/uploads\/2013\/10\/3_b.jpg\" width=\"553\" height=\"343\" srcset=\"https:\/\/www.girosgourmet.com.br\/wp-content\/uploads\/2013\/10\/3_b.jpg 1228w, https:\/\/www.girosgourmet.com.br\/wp-content\/uploads\/2013\/10\/3_b-300x186.jpg 300w, https:\/\/www.girosgourmet.com.br\/wp-content\/uploads\/2013\/10\/3_b-1024x635.jpg 1024w\" sizes=\"auto, (max-width: 553px) 100vw, 553px\" \/><\/a><\/p>\n<p style=\"text-align: justify;\">O roteiro de final de semana inclui hospedagem com capacidade m\u00e1xima para seis h\u00f3spedes a partir de dezesseis anos, em tr\u00eas su\u00edtes confort\u00e1veis, \u00e1rea social com lareira, templo para medita\u00e7\u00e3o, vista para o pomar de oliveiras org\u00e2nicas, visita ao pomar de frutas vermelhas e estufas de org\u00e2nicos, cachoeira particular, nascentes e lagos, bosques de Arauc\u00e1rias, ar puro, \u00e1gua mineral, conforto,\u00a0privacidade, quietude e conversas encantadoras. Fica perto de <b>Campos do Jord\u00e3o<\/b>, que \u00e9 um roteiro tur\u00edstico conhecido pelo clima agrad\u00e1vel, o ambiente \u00e9 \u00edntimo e acolhedor, \u00f3timo para uma viagem realmente de descanso, vale a pena conhecer.<\/p>\n<p style=\"text-align: justify;\"><a href=\"http:\/\/www.myfashionlife.com.br\/wp-content\/uploads\/2013\/10\/4_b.jpg\"><img loading=\"lazy\" decoding=\"async\" class=\"size-full wp-image-6371 aligncenter\" alt=\"4_b\" src=\"http:\/\/www.myfashionlife.com.br\/wp-content\/uploads\/2013\/10\/4_b.jpg\" width=\"562\" height=\"437\" srcset=\"https:\/\/www.girosgourmet.com.br\/wp-content\/uploads\/2013\/10\/4_b.jpg 1124w, https:\/\/www.girosgourmet.com.br\/wp-content\/uploads\/2013\/10\/4_b-300x233.jpg 300w, https:\/\/www.girosgourmet.com.br\/wp-content\/uploads\/2013\/10\/4_b-1024x795.jpg 1024w\" sizes=\"auto, (max-width: 562px) 100vw, 562px\" \/><\/a><\/p>\n<p style=\"text-align: justify;\">Imposs\u00edvel tentar explicar a medicina Ayurveda em poucas palavras, o <b>Pr\u00e3na Spa<\/b> pode ser um agrad\u00e1vel primeiro contato com essa pr\u00e1tica que \u00e9 um caminho para uma vida com mais equil\u00edbrio e qualidade. O lugar \u00e9 sens\u00edvel, consciente, \u00e9tico, ecol\u00f3gico, sustent\u00e1vel e cumpre com excel\u00eancia o que se prop\u00f5e. Recomendo!<\/p>\n<p style=\"text-align: justify;\"><b>Eduardo Seyrer<\/b><\/p>\n<p style=\"text-align: justify;\"><strong><br \/>\nPr\u00e3na &#8211; Spa Ayurvedico<\/strong><br \/>\nBairro da Tabatinga, Campos do Jord\u00e3o, SP, Brasil<br \/>\n<a href=\"http:\/\/pranaspaayurvedico.blogspot.com.br\/\">http:\/\/pranaspaayurvedico.blogspot.com.br\/<br \/>\n<\/a><a href=\"mailto:contato@pranaspa.com.br\">contato@pranaspa.com.br<\/a><\/p>\n<p style=\"text-align: justify;\"><strong>Marise Berg \u2013 Consci\u00eancia Alimentar e Rejuvenescimento<\/strong><br \/>\n<a href=\"http:\/\/ayurvedicamente.blogspot.com.br\/\">http:\/\/ayurvedicamente.blogspot.com.br\/<br \/>\n<\/a>Tel: (11) 982-013-647<\/p>\n<iframe src=\"http:\/\/www.facebook.com\/plugins\/like.php?href=https:\/\/www.girosgourmet.com.br\/index.php\/prana-spa-hospedagem-afetiva\/&amp;layout=standard&amp;show_faces=1&amp;width=450&amp;action=like&amp;colorscheme=light&amp;font=\" scrolling=\"no\" frameborder=\"0\" style=\"border:none; overflow:hidden; width:450px; height:60px\"><\/iframe>","protected":false},"excerpt":{"rendered":"<p>Meu achado desta vez foi o Pr\u00e3na Spa em Campos do Jord\u00e3o, idealizado por Marise Berg, nutricionista, culinarista e terapeuta Ayurveda. O Spa tem uma proposta de hospedagem afetiva, visando uma desintoxica\u00e7\u00e3o f\u00edsica, mental e energ\u00e9tica, em contato com a natureza, para restaurar os sentidos por meio de um descanso [&hellip;]<\/p>\n","protected":false},"author":3,"featured_media":0,"comment_status":"open","ping_status":"closed","sticky":false,"template":"","format":"standard","meta":{"footnotes":""},"categories":[41],"tags":[1368,1342,1370,1369],"class_list":["post-6364","post","type-post","status-publish","format-standard","hentry","category-viagens","tag-achados","tag-eduardo-seyrer","tag-marise-berg","tag-prana-spa"],"_links":{"self":[{"href":"https:\/\/www.girosgourmet.com.br\/index.php\/wp-json\/wp\/v2\/posts\/6364","targetHints":{"allow":["GET"]}}],"collection":[{"href":"https:\/\/www.girosgourmet.com.br\/index.php\/wp-json\/wp\/v2\/posts"}],"about":[{"href":"https:\/\/www.girosgourmet.com.br\/index.php\/wp-json\/wp\/v2\/types\/post"}],"author":[{"embeddable":true,"href":"https:\/\/www.girosgourmet.com.br\/index.php\/wp-json\/wp\/v2\/users\/3"}],"replies":[{"embeddable":true,"href":"https:\/\/www.girosgourmet.com.br\/index.php\/wp-json\/wp\/v2\/comments?post=6364"}],"version-history":[{"count":2,"href":"https:\/\/www.girosgourmet.com.br\/index.php\/wp-json\/wp\/v2\/posts\/6364\/revisions"}],"predecessor-version":[{"id":6522,"href":"https:\/\/www.girosgourmet.com.br\/index.php\/wp-json\/wp\/v2\/posts\/6364\/revisions\/6522"}],"wp:attachment":[{"href":"https:\/\/www.girosgourmet.com.br\/index.php\/wp-json\/wp\/v2\/media?parent=6364"}],"wp:term":[{"taxonomy":"category","embeddable":true,"href":"https:\/\/www.girosgourmet.com.br\/index.php\/wp-json\/wp\/v2\/categories?post=6364"},{"taxonomy":"post_tag","embeddable":true,"href":"https:\/\/www.girosgourmet.com.br\/index.php\/wp-json\/wp\/v2\/tags?post=6364"}],"curies":[{"name":"wp","href":"https:\/\/api.w.org\/{rel}","templated":true}]}}