{"id":6329,"date":"2013-10-14T15:23:59","date_gmt":"2013-10-14T18:23:59","guid":{"rendered":"http:\/\/www.myfashionlife.com.br\/?p=6329"},"modified":"2013-10-14T15:26:17","modified_gmt":"2013-10-14T18:26:17","slug":"casa-dos-criadores-oferece-ciclo-de-palestras-gratuitas","status":"publish","type":"post","link":"https:\/\/www.girosgourmet.com.br\/index.php\/casa-dos-criadores-oferece-ciclo-de-palestras-gratuitas\/","title":{"rendered":"Casa dos Criadores oferece ciclo de palestras gratuitas"},"content":{"rendered":"<p style=\"text-align: center;\"><a href=\"http:\/\/www.myfashionlife.com.br\/wp-content\/uploads\/2013\/10\/palestrantes.jpg\"><img loading=\"lazy\" decoding=\"async\" class=\"alignnone size-full wp-image-6330\" alt=\"palestrantes\" src=\"http:\/\/www.myfashionlife.com.br\/wp-content\/uploads\/2013\/10\/palestrantes.jpg\" width=\"580\" height=\"297\" srcset=\"https:\/\/www.girosgourmet.com.br\/wp-content\/uploads\/2013\/10\/palestrantes.jpg 580w, https:\/\/www.girosgourmet.com.br\/wp-content\/uploads\/2013\/10\/palestrantes-300x153.jpg 300w\" sizes=\"auto, (max-width: 580px) 100vw, 580px\" \/><\/a><\/p>\n<p style=\"text-align: justify;\"><span style=\"color: #000000;\">Pessoal que ama MODA, esta semana, nos dias 15 e 16 de outubro no <b>Memorial da Am\u00e9rica Latina<\/b>, vai rolar totalmente FREE o segundo ciclo de palestras \u201c<b>Li\u00e7\u00f5es da Casa<\/b>\u201d, evento bacan\u00e9rrimo que integra a <b>34\u00ba Casa dos Criadores<\/b>.<\/span><\/p>\n<p style=\"text-align: justify;\"><span style=\"color: #000000;\">Por l\u00e1 rolar\u00e3o palestras, debates, mesas redondas por gente que entende muitooooo de moda. Os temas variam entre m\u00eddia de moda \u00e0 coollhunting e \u00e9 voltado para estudantes e profissionais de moda! Tem nomes como <b>Alberto Hiar, Mario Queiroz, Chiara Gadaleta<\/b>, entre outros.<\/span><\/p>\n<p><span style=\"color: #000000;\">Confira tudo o que vai rolar:<\/span><\/p>\n<p><span style=\"color: #000000;\"><strong>Ter\u00e7a-feira, 15\/10<\/strong><\/span><br \/>\n<span style=\"color: #000000;\"> 14h: palestra \u201cCoolhunting\u201d, por Clarissa Ara\u00fajo (WGSN)<\/span><br \/>\n<span style=\"color: #000000;\"> 15h: mesa redonda \u201cA Moda Est\u00e1 na Arte?\u201d, com Afonso Luz (fil\u00f3sofo), Alexandra Farah (Band News), Evil\u00e1sio Miranda (Abit) e Karlla Girotto (artista) \u2013 media\u00e7\u00e3o de Kathia Castilho<\/span><br \/>\n<span style=\"color: #000000;\"> 16h: coffee break<\/span><br \/>\n<span style=\"color: #000000;\"> 16h30: mesa redonda \u201cM\u00eddias Digitais \u2013 Best Practices\u201d, com Andr\u00e9 do Val (site Chic), Bia Perotti (Achados da Bia), Karina Kotake (Kok Fashion Lab) e Lalai (Remix Social Media) \u2013 media\u00e7\u00e3o de Kathia Castilho<\/span><\/p>\n<p><span style=\"color: #000000;\">\u00a0<\/span><\/p>\n<p><strong>Quarta-feira, 16\/10<\/strong><br \/>\n14h: palestra \u201cModa sustent\u00e1vel: utopia ou realidade?\u201d, por Chiara Gadaleta<br \/>\n15h: mesa redonda \u201cModa Inclusiva\u201d, com Camila Yahn (FFW), Daniela Auler (Secretaria dos Direitos da Pessoa com Defici\u00eancia), Denise Ferreira (blogueira e modelo) e Mario Queiroz (estilista) \u2013 media\u00e7\u00e3o de Kathia Castilho<br \/>\n16h: coffee break<br \/>\n16h30: mesa redonda \u201cJovem Estilista x M\u00eddia\u201d, com Alberto Hiar, Camila Yahn, Lilian Pacce e Vivian Whiteman \u2013 media\u00e7\u00e3o de Kathia Castilho<\/p>\n<p>&nbsp;<\/p>\n<p>&nbsp;<\/p>\n<iframe src=\"http:\/\/www.facebook.com\/plugins\/like.php?href=https:\/\/www.girosgourmet.com.br\/index.php\/casa-dos-criadores-oferece-ciclo-de-palestras-gratuitas\/&amp;layout=standard&amp;show_faces=1&amp;width=450&amp;action=like&amp;colorscheme=light&amp;font=\" scrolling=\"no\" frameborder=\"0\" style=\"border:none; overflow:hidden; width:450px; height:60px\"><\/iframe>","protected":false},"excerpt":{"rendered":"<p>Pessoal que ama MODA, esta semana, nos dias 15 e 16 de outubro no Memorial da Am\u00e9rica Latina, vai rolar totalmente FREE o segundo ciclo de palestras \u201cLi\u00e7\u00f5es da Casa\u201d, evento bacan\u00e9rrimo que integra a 34\u00ba Casa dos Criadores. Por l\u00e1 rolar\u00e3o palestras, debates, mesas redondas por gente que entende [&hellip;]<\/p>\n","protected":false},"author":3,"featured_media":0,"comment_status":"open","ping_status":"closed","sticky":false,"template":"","format":"standard","meta":{"footnotes":""},"categories":[39],"tags":[403,1357],"class_list":["post-6329","post","type-post","status-publish","format-standard","hentry","category-gastronomia","tag-casa-dos-criadores","tag-memorial-da-america-latina"],"_links":{"self":[{"href":"https:\/\/www.girosgourmet.com.br\/index.php\/wp-json\/wp\/v2\/posts\/6329","targetHints":{"allow":["GET"]}}],"collection":[{"href":"https:\/\/www.girosgourmet.com.br\/index.php\/wp-json\/wp\/v2\/posts"}],"about":[{"href":"https:\/\/www.girosgourmet.com.br\/index.php\/wp-json\/wp\/v2\/types\/post"}],"author":[{"embeddable":true,"href":"https:\/\/www.girosgourmet.com.br\/index.php\/wp-json\/wp\/v2\/users\/3"}],"replies":[{"embeddable":true,"href":"https:\/\/www.girosgourmet.com.br\/index.php\/wp-json\/wp\/v2\/comments?post=6329"}],"version-history":[{"count":1,"href":"https:\/\/www.girosgourmet.com.br\/index.php\/wp-json\/wp\/v2\/posts\/6329\/revisions"}],"predecessor-version":[{"id":6331,"href":"https:\/\/www.girosgourmet.com.br\/index.php\/wp-json\/wp\/v2\/posts\/6329\/revisions\/6331"}],"wp:attachment":[{"href":"https:\/\/www.girosgourmet.com.br\/index.php\/wp-json\/wp\/v2\/media?parent=6329"}],"wp:term":[{"taxonomy":"category","embeddable":true,"href":"https:\/\/www.girosgourmet.com.br\/index.php\/wp-json\/wp\/v2\/categories?post=6329"},{"taxonomy":"post_tag","embeddable":true,"href":"https:\/\/www.girosgourmet.com.br\/index.php\/wp-json\/wp\/v2\/tags?post=6329"}],"curies":[{"name":"wp","href":"https:\/\/api.w.org\/{rel}","templated":true}]}}