{"id":6086,"date":"2013-07-14T21:20:52","date_gmt":"2013-07-15T00:20:52","guid":{"rendered":"http:\/\/www.myfashionlife.com.br\/?p=6086"},"modified":"2013-09-27T10:00:18","modified_gmt":"2013-09-27T13:00:18","slug":"desbravando-o-fascinante-bataclan-de-ilheus","status":"publish","type":"post","link":"https:\/\/www.girosgourmet.com.br\/index.php\/desbravando-o-fascinante-bataclan-de-ilheus\/","title":{"rendered":"Desbravando o fascinante Bataclan de Ilh\u00e9us"},"content":{"rendered":"<p style=\"text-align: justify;\"><span style=\"color: #000000;\">Recentemente estive na cidade de <strong>Ilh\u00e9us<\/strong> para conferir o <strong>Festival Internacional de chocolate<\/strong>. Nas horas vagas pude conhecer um pouco mais desta cidadezinha acolhedora e lotada de gente sorridente. Em uma destas andan\u00e7as, \u00e9 claro que n\u00e3o poder\u00edamos deixar visitar o famoso &#8220;Bordel&#8221; da cidade!<\/span><\/p>\n<p style=\"text-align: center;\"><a href=\"http:\/\/www.myfashionlife.com.br\/wp-content\/uploads\/2013\/07\/Bataclan.jpg\"><img loading=\"lazy\" decoding=\"async\" class=\"wp-image-6087 aligncenter\" alt=\"Bataclan\" src=\"http:\/\/www.myfashionlife.com.br\/wp-content\/uploads\/2013\/07\/Bataclan.jpg\" width=\"553\" height=\"368\" srcset=\"https:\/\/www.girosgourmet.com.br\/wp-content\/uploads\/2013\/07\/Bataclan.jpg 1024w, https:\/\/www.girosgourmet.com.br\/wp-content\/uploads\/2013\/07\/Bataclan-300x199.jpg 300w\" sizes=\"auto, (max-width: 553px) 100vw, 553px\" \/><\/a><\/p>\n<p style=\"text-align: justify;\"><span style=\"color: #000000;\">Quem nunca leu <strong>Jorge Amado\u00a0<\/strong>ou\u00a0ouviu hist\u00f3rias dos grandes coron\u00e9is de cacau da famosa cidade baiana, que me desculpem, ent\u00e3o voc\u00ea meu caro, desconhece uma das \u00e9pocas mais fascinantes do nosso pa\u00eds! A cidade al\u00e9m de ter sido o primeiro produtor de cacau do mundo e principal cen\u00e1rio dos romances do escritor baiano&#8230;.foi tamb\u00e9m cen\u00e1rio, onde se fundou um dos cabarets mais conhecidos at\u00e9 hoje do Nordeste; o <strong>Bataclan<\/strong>!<\/span><\/p>\n<p><a href=\"http:\/\/www.myfashionlife.com.br\/wp-content\/uploads\/2013\/07\/er7d-5F6FSSs7pZO0AGVmczJYegLmxKcT4LDR09Vd3g.jpg\"><img loading=\"lazy\" decoding=\"async\" class=\"wp-image-6089 aligncenter\" alt=\"er7d-5F6FSSs7pZO0AGVmczJYegLmxKcT4LDR09Vd3g\" src=\"http:\/\/www.myfashionlife.com.br\/wp-content\/uploads\/2013\/07\/er7d-5F6FSSs7pZO0AGVmczJYegLmxKcT4LDR09Vd3g.jpg\" width=\"553\" height=\"368\" srcset=\"https:\/\/www.girosgourmet.com.br\/wp-content\/uploads\/2013\/07\/er7d-5F6FSSs7pZO0AGVmczJYegLmxKcT4LDR09Vd3g.jpg 1024w, https:\/\/www.girosgourmet.com.br\/wp-content\/uploads\/2013\/07\/er7d-5F6FSSs7pZO0AGVmczJYegLmxKcT4LDR09Vd3g-300x199.jpg 300w\" sizes=\"auto, (max-width: 553px) 100vw, 553px\" \/><\/a><\/p>\n<p style=\"text-align: justify;\"><span style=\"color: #000000;\">Neste lugar os visitantes ir\u00e3o se deparar com muitas hist\u00f3rias envolventes dos coron\u00e9is do cacau&#8230;.Atualmente o local \u00e9 um grande centro cultural; museu, palco de musica e teatro, al\u00e9m disso, tamb\u00e9m oferece uma sofisticada gastronomia baiana.<\/span><\/p>\n<p style=\"text-align: justify;\"><span style=\"color: #000000;\">O pr\u00e9dio hist\u00f3rico foi fundado em 1864 e por ali passaram muitas dan\u00e7arinas, m\u00e1gicos e tamb\u00e9m aventureiros para divertir as pessoas que possu\u00edam dinheiro. Pelos ambientes chiqu\u00e9rrimos do antigo cabar\u00e9\/cassino ainda \u00e9 poss\u00edvel reviver a hist\u00f3ria de <strong>Maria Machad\u00e3o<\/strong>, sua fundadora.<\/span><\/p>\n<p><a href=\"http:\/\/www.myfashionlife.com.br\/wp-content\/uploads\/2013\/07\/Zh0g_1IO72hqzqvZKfqBUmUOLtvyPUMuSq7_K248YEg.jpg\"><img loading=\"lazy\" decoding=\"async\" class=\"wp-image-6090 aligncenter\" alt=\"Zh0g_1IO72hqzqvZKfqBUmUOLtvyPUMuSq7_K248YEg\" src=\"http:\/\/www.myfashionlife.com.br\/wp-content\/uploads\/2013\/07\/Zh0g_1IO72hqzqvZKfqBUmUOLtvyPUMuSq7_K248YEg.jpg\" width=\"553\" height=\"368\" srcset=\"https:\/\/www.girosgourmet.com.br\/wp-content\/uploads\/2013\/07\/Zh0g_1IO72hqzqvZKfqBUmUOLtvyPUMuSq7_K248YEg.jpg 1024w, https:\/\/www.girosgourmet.com.br\/wp-content\/uploads\/2013\/07\/Zh0g_1IO72hqzqvZKfqBUmUOLtvyPUMuSq7_K248YEg-300x199.jpg 300w\" sizes=\"auto, (max-width: 553px) 100vw, 553px\" \/><\/a><\/p>\n<p style=\"text-align: justify;\"><span style=\"color: #000000;\">Percorri cada canto e em alguns momentos pude sentir toda a energia que por ali habita h\u00e1 d\u00e9cadas. Tamb\u00e9m foi quase poss\u00edvel visualizar a divers\u00e3o das pessoas que por ali se encontravam todas as noites. Uma sugest\u00e3o; n\u00e3o deixe de visitar o segundo andar, onde possui uma pequena galeria e o &#8220;quarto&#8221; de Maria Machad\u00e3o, que foi reeditado com m\u00f3veis da \u00e9poca&#8230;.um luxo!<\/span><\/p>\n<p><a href=\"http:\/\/www.myfashionlife.com.br\/wp-content\/uploads\/2013\/07\/MyfXJfnQX8ves9fAv1NGp1kTJH2vX0NtiAUwx8iSIr4.jpg\"><img loading=\"lazy\" decoding=\"async\" class=\"wp-image-6091 aligncenter\" alt=\"MyfXJfnQX8ves9fAv1NGp1kTJH2vX0NtiAUwx8iSIr4\" src=\"http:\/\/www.myfashionlife.com.br\/wp-content\/uploads\/2013\/07\/MyfXJfnQX8ves9fAv1NGp1kTJH2vX0NtiAUwx8iSIr4.jpg\" width=\"553\" height=\"368\" srcset=\"https:\/\/www.girosgourmet.com.br\/wp-content\/uploads\/2013\/07\/MyfXJfnQX8ves9fAv1NGp1kTJH2vX0NtiAUwx8iSIr4.jpg 1024w, https:\/\/www.girosgourmet.com.br\/wp-content\/uploads\/2013\/07\/MyfXJfnQX8ves9fAv1NGp1kTJH2vX0NtiAUwx8iSIr4-300x199.jpg 300w\" sizes=\"auto, (max-width: 553px) 100vw, 553px\" \/><\/a><\/p>\n<p style=\"text-align: justify;\"><span style=\"color: #000000;\">Se estiver em Ilh\u00e9us, n\u00e3o deixe de entrar nesta casa e percorrer cada canto, e se integrar a hist\u00f3ria de uma regi\u00e3o..para mim o Bataclan \u00e9 um patrim\u00f4nio que se identifica com a saga do cacau&#8230;parte viva de uma hist\u00f3ria que de certa forma \u00e9 nossa&#8230;..com a vantagem que agora n\u00f3s pobres mortais podemos usufruir, festejar e porque n\u00e3o se sentir protagonistas de um dos romances do escritor baiano&#8230;..<\/span><\/p>\n<p><a href=\"http:\/\/www.myfashionlife.com.br\/wp-content\/uploads\/2013\/07\/v6t0dd-EtThAf8owF_BPxa8ad3c7vADTDD9sBFTRd5s.jpg\"><img loading=\"lazy\" decoding=\"async\" class=\"wp-image-6092 aligncenter\" alt=\"v6t0dd-EtThAf8owF_BPxa8ad3c7vADTDD9sBFTRd5s\" src=\"http:\/\/www.myfashionlife.com.br\/wp-content\/uploads\/2013\/07\/v6t0dd-EtThAf8owF_BPxa8ad3c7vADTDD9sBFTRd5s.jpg\" width=\"553\" height=\"368\" srcset=\"https:\/\/www.girosgourmet.com.br\/wp-content\/uploads\/2013\/07\/v6t0dd-EtThAf8owF_BPxa8ad3c7vADTDD9sBFTRd5s.jpg 1024w, https:\/\/www.girosgourmet.com.br\/wp-content\/uploads\/2013\/07\/v6t0dd-EtThAf8owF_BPxa8ad3c7vADTDD9sBFTRd5s-300x199.jpg 300w\" sizes=\"auto, (max-width: 553px) 100vw, 553px\" \/><\/a><\/p>\n<p style=\"text-align: justify;\"><span style=\"color: #000000;\">Viva a Bahia!<\/span><\/p>\n<p style=\"text-align: justify;\"><span style=\"color: #000000;\">Cr\u00e9ditos Imagens: Roberto Salgado<\/span><\/p>\n<iframe src=\"http:\/\/www.facebook.com\/plugins\/like.php?href=https:\/\/www.girosgourmet.com.br\/index.php\/desbravando-o-fascinante-bataclan-de-ilheus\/&amp;layout=standard&amp;show_faces=1&amp;width=450&amp;action=like&amp;colorscheme=light&amp;font=\" scrolling=\"no\" frameborder=\"0\" style=\"border:none; overflow:hidden; width:450px; height:60px\"><\/iframe>","protected":false},"excerpt":{"rendered":"<p>Recentemente estive na cidade de Ilh\u00e9us para conferir o Festival Internacional de chocolate. Nas horas vagas pude conhecer um pouco mais desta cidadezinha acolhedora e lotada de gente sorridente. Em uma destas andan\u00e7as, \u00e9 claro que n\u00e3o poder\u00edamos deixar visitar o famoso &#8220;Bordel&#8221; da cidade! Quem nunca leu Jorge Amado\u00a0ou\u00a0ouviu [&hellip;]<\/p>\n","protected":false},"author":3,"featured_media":0,"comment_status":"open","ping_status":"closed","sticky":false,"template":"","format":"standard","meta":{"footnotes":""},"categories":[39,41],"tags":[1275,1273,1274,1276],"class_list":["post-6086","post","type-post","status-publish","format-standard","hentry","category-gastronomia","category-viagens","tag-bataclan","tag-ilheus","tag-jorge-amado","tag-maria-machadao"],"_links":{"self":[{"href":"https:\/\/www.girosgourmet.com.br\/index.php\/wp-json\/wp\/v2\/posts\/6086","targetHints":{"allow":["GET"]}}],"collection":[{"href":"https:\/\/www.girosgourmet.com.br\/index.php\/wp-json\/wp\/v2\/posts"}],"about":[{"href":"https:\/\/www.girosgourmet.com.br\/index.php\/wp-json\/wp\/v2\/types\/post"}],"author":[{"embeddable":true,"href":"https:\/\/www.girosgourmet.com.br\/index.php\/wp-json\/wp\/v2\/users\/3"}],"replies":[{"embeddable":true,"href":"https:\/\/www.girosgourmet.com.br\/index.php\/wp-json\/wp\/v2\/comments?post=6086"}],"version-history":[{"count":3,"href":"https:\/\/www.girosgourmet.com.br\/index.php\/wp-json\/wp\/v2\/posts\/6086\/revisions"}],"predecessor-version":[{"id":6094,"href":"https:\/\/www.girosgourmet.com.br\/index.php\/wp-json\/wp\/v2\/posts\/6086\/revisions\/6094"}],"wp:attachment":[{"href":"https:\/\/www.girosgourmet.com.br\/index.php\/wp-json\/wp\/v2\/media?parent=6086"}],"wp:term":[{"taxonomy":"category","embeddable":true,"href":"https:\/\/www.girosgourmet.com.br\/index.php\/wp-json\/wp\/v2\/categories?post=6086"},{"taxonomy":"post_tag","embeddable":true,"href":"https:\/\/www.girosgourmet.com.br\/index.php\/wp-json\/wp\/v2\/tags?post=6086"}],"curies":[{"name":"wp","href":"https:\/\/api.w.org\/{rel}","templated":true}]}}