{"id":6061,"date":"2013-07-08T23:31:33","date_gmt":"2013-07-09T02:31:33","guid":{"rendered":"http:\/\/www.myfashionlife.com.br\/?p=6061"},"modified":"2013-07-08T23:31:53","modified_gmt":"2013-07-09T02:31:53","slug":"musica-gastronomia-e-arte-no-dia-do-rock","status":"publish","type":"post","link":"https:\/\/www.girosgourmet.com.br\/index.php\/musica-gastronomia-e-arte-no-dia-do-rock\/","title":{"rendered":"Musica, gastronomia e arte no Dia do Rock!"},"content":{"rendered":"<p style=\"text-align: justify;\"><span style=\"color: #000000;\">Voc\u00eas sabiam que no dia 13 de julho comemora-se mundialmente o <b>Dia do Rock<\/b> e claro que essa data n\u00e3o poderia passar em branco, afinal o evento <b>\u201cTattoo Rock&#8217;s\u201d <\/b>vai chegar pra colorir a pele de muita gente!<\/span><\/p>\n<p style=\"text-align: justify;\"><span style=\"color: #000000;\">Criados especialmente para a ocasi\u00e3o pelos <i>tattoo artists<\/i> do <b>Soul Tattoo Art e Caf\u00e9<\/b>, uma diversidade de desenhos ganhar\u00e1 as paredes da <b>Galeria Soul<\/b> em pre\u00e7os superespeciais para quem tatuar at\u00e9 o dia 31 de julho. Old school, orientais, realistas, comics, tribais maori e ind\u00edgenas, al\u00e9m de desenhos que remetem ao universo do <b>Rock N\u00b4Roll<\/b> foram projetados pelas habilidosas m\u00e3os dos tatuadores <b>Paul\u00e3o, Dex, Igor, Rigone, Pinhu e Bruna Yonashiro<\/b>.<\/span><\/p>\n<p style=\"text-align: center;\"><span style=\"color: #000000;\">\u00a0<a href=\"http:\/\/www.myfashionlife.com.br\/wp-content\/uploads\/2013\/07\/Dia-do-rock1.jpg\"><img loading=\"lazy\" decoding=\"async\" class=\"alignnone size-full wp-image-6062\" alt=\"Dia do rock1\" src=\"http:\/\/www.myfashionlife.com.br\/wp-content\/uploads\/2013\/07\/Dia-do-rock1.jpg\" width=\"430\" height=\"286\" srcset=\"https:\/\/www.girosgourmet.com.br\/wp-content\/uploads\/2013\/07\/Dia-do-rock1.jpg 430w, https:\/\/www.girosgourmet.com.br\/wp-content\/uploads\/2013\/07\/Dia-do-rock1-300x199.jpg 300w\" sizes=\"auto, (max-width: 430px) 100vw, 430px\" \/><\/a><\/span><\/p>\n<p style=\"text-align: justify;\"><span style=\"color: #000000;\">E n\u00e3o para por a\u00ed, o \u201cTattoo Rock&#8217;s\u201d contar\u00e1 com a participa\u00e7\u00e3o das marcas Tattoostyle e Brutality, ambas com objetos de decora\u00e7\u00e3o tem\u00e1ticos de tattoos. Ainda participar\u00e3o as marcas de vestu\u00e1rio Sullen, Trouble e Against, esta \u00faltima lan\u00e7ando a linha de roupas do Sepultura.<\/span><\/p>\n<p style=\"text-align: justify;\"><span style=\"color: #000000;\">Quer mais? O chef<b> Henrique Foga\u00e7a<\/b>, do restaurante <b>Sal Gastronomia <\/b>e<b> C\u00e3o V\u00e9io<\/b>, vai servir o delicioso sandu\u00edche de cupim com pimenta de maracuj\u00e1 e para esquentar tem <i>welcome drinks<\/i> <b>Bejame<\/b> e <b>Cacha\u00e7a Cambraia<\/b>. Nas pick ups, \u00e9 claro, muito ROCK com o <b>DJ Moretti<\/b>.<\/span><\/p>\n<p style=\"text-align: center;\"><span style=\"color: #000000;\">\u00a0<a href=\"http:\/\/www.myfashionlife.com.br\/wp-content\/uploads\/2013\/07\/Dia-do-rock2.jpg\"><img loading=\"lazy\" decoding=\"async\" class=\"alignnone size-full wp-image-6063\" alt=\"Dia do rock2\" src=\"http:\/\/www.myfashionlife.com.br\/wp-content\/uploads\/2013\/07\/Dia-do-rock2.jpg\" width=\"430\" height=\"287\" srcset=\"https:\/\/www.girosgourmet.com.br\/wp-content\/uploads\/2013\/07\/Dia-do-rock2.jpg 430w, https:\/\/www.girosgourmet.com.br\/wp-content\/uploads\/2013\/07\/Dia-do-rock2-300x200.jpg 300w\" sizes=\"auto, (max-width: 430px) 100vw, 430px\" \/><\/a><\/span><\/p>\n<p style=\"text-align: justify;\"><span style=\"color: #000000;\">O <b>Soul Tattoo <\/b>vai arrecadar agasalhos em bom estado na entrada da festa. As doa\u00e7\u00f5es ser\u00e3o recebidas pela <b>Anjos da Noite<\/b>, institui\u00e7\u00e3o que trabalha na reintegra\u00e7\u00e3o social de moradores de rua.<\/span><\/p>\n<p style=\"text-align: justify;\"><span style=\"color: #000000;\">Imperd\u00edvel! E Viva o Rock Roll! My Fashion Life ir\u00e1 conferir&#8230;.<\/span><\/p>\n<p style=\"text-align: center;\"><span style=\"color: #000000;\">\u00a0<a href=\"http:\/\/www.myfashionlife.com.br\/wp-content\/uploads\/2013\/07\/dia-do-rock.jpg\"><img loading=\"lazy\" decoding=\"async\" class=\"alignnone size-full wp-image-6064\" alt=\"dia do rock\" src=\"http:\/\/www.myfashionlife.com.br\/wp-content\/uploads\/2013\/07\/dia-do-rock.jpg\" width=\"322\" height=\"519\" srcset=\"https:\/\/www.girosgourmet.com.br\/wp-content\/uploads\/2013\/07\/dia-do-rock.jpg 322w, https:\/\/www.girosgourmet.com.br\/wp-content\/uploads\/2013\/07\/dia-do-rock-186x300.jpg 186w\" sizes=\"auto, (max-width: 322px) 100vw, 322px\" \/><\/a><\/span><\/p>\n<p style=\"text-align: justify;\"><span style=\"color: #000000;\"><b>Servi\u00e7o:<\/b><\/span><\/p>\n<p style=\"text-align: justify;\"><span style=\"color: #000000;\"><b>Tattoo Rocks no Soul Tattoo Art e Caf\u00e9<\/b><\/span><\/p>\n<p style=\"text-align: justify;\"><span style=\"color: #000000;\">Hor\u00e1rio: das 14 \u00e0s 23hs (DJ set a partir das 18hs)<\/span><\/p>\n<p style=\"text-align: justify;\"><span style=\"color: #000000;\">Rua Oscar Freire, 2203 \u2013 Pinheiros<\/span><\/p>\n<p style=\"text-align: justify;\"><span style=\"color: #000000;\">Tel. 11 3063-3435<\/span><\/p>\n<p style=\"text-align: justify;\"><span style=\"color: #000000;\"><a href=\"http:\/\/www.soultattoo.com.br\/\"><span style=\"color: #000000;\">www.soultattoo.com.br<\/span><\/a><\/span><\/p>\n<p style=\"text-align: justify;\"><span style=\"color: #000000;\">Entrada franca<\/span><\/p>\n<p>&nbsp;<\/p>\n<iframe src=\"http:\/\/www.facebook.com\/plugins\/like.php?href=https:\/\/www.girosgourmet.com.br\/index.php\/musica-gastronomia-e-arte-no-dia-do-rock\/&amp;layout=standard&amp;show_faces=1&amp;width=450&amp;action=like&amp;colorscheme=light&amp;font=\" scrolling=\"no\" frameborder=\"0\" style=\"border:none; overflow:hidden; width:450px; height:60px\"><\/iframe>","protected":false},"excerpt":{"rendered":"<p>Voc\u00eas sabiam que no dia 13 de julho comemora-se mundialmente o Dia do Rock e claro que essa data n\u00e3o poderia passar em branco, afinal o evento \u201cTattoo Rock&#8217;s\u201d vai chegar pra colorir a pele de muita gente! Criados especialmente para a ocasi\u00e3o pelos tattoo artists do Soul Tattoo Art [&hellip;]<\/p>\n","protected":false},"author":3,"featured_media":0,"comment_status":"open","ping_status":"closed","sticky":false,"template":"","format":"standard","meta":{"footnotes":""},"categories":[40],"tags":[1263,1265,1262,1264,880],"class_list":["post-6061","post","type-post","status-publish","format-standard","hentry","category-culturamodabelezabem-estar","tag-cao-veio","tag-chef-henrique-fogaca","tag-dia-do-rock","tag-sal-gastronomia","tag-soul-tattoo-art-e-cafe"],"_links":{"self":[{"href":"https:\/\/www.girosgourmet.com.br\/index.php\/wp-json\/wp\/v2\/posts\/6061","targetHints":{"allow":["GET"]}}],"collection":[{"href":"https:\/\/www.girosgourmet.com.br\/index.php\/wp-json\/wp\/v2\/posts"}],"about":[{"href":"https:\/\/www.girosgourmet.com.br\/index.php\/wp-json\/wp\/v2\/types\/post"}],"author":[{"embeddable":true,"href":"https:\/\/www.girosgourmet.com.br\/index.php\/wp-json\/wp\/v2\/users\/3"}],"replies":[{"embeddable":true,"href":"https:\/\/www.girosgourmet.com.br\/index.php\/wp-json\/wp\/v2\/comments?post=6061"}],"version-history":[{"count":3,"href":"https:\/\/www.girosgourmet.com.br\/index.php\/wp-json\/wp\/v2\/posts\/6061\/revisions"}],"predecessor-version":[{"id":6067,"href":"https:\/\/www.girosgourmet.com.br\/index.php\/wp-json\/wp\/v2\/posts\/6061\/revisions\/6067"}],"wp:attachment":[{"href":"https:\/\/www.girosgourmet.com.br\/index.php\/wp-json\/wp\/v2\/media?parent=6061"}],"wp:term":[{"taxonomy":"category","embeddable":true,"href":"https:\/\/www.girosgourmet.com.br\/index.php\/wp-json\/wp\/v2\/categories?post=6061"},{"taxonomy":"post_tag","embeddable":true,"href":"https:\/\/www.girosgourmet.com.br\/index.php\/wp-json\/wp\/v2\/tags?post=6061"}],"curies":[{"name":"wp","href":"https:\/\/api.w.org\/{rel}","templated":true}]}}