{"id":597,"date":"2010-09-15T09:11:51","date_gmt":"2010-09-15T12:11:51","guid":{"rendered":"http:\/\/www.closetonline.com.br\/blogcarla\/?p=597"},"modified":"2011-10-24T21:45:42","modified_gmt":"2011-10-25T00:45:42","slug":"palavras-apenas","status":"publish","type":"post","link":"https:\/\/www.girosgourmet.com.br\/index.php\/palavras-apenas\/","title":{"rendered":"Palavras apenas&#8230;"},"content":{"rendered":"<p style=\"text-align: justify;\">&#8220;Nada na vida deve ser temido, somente compreendido&#8230; Agora \u00e9 a hora de compreender mais, para temer menos&#8230;&#8221; \u00e9 com esta frase de Marie Curie que eu estou preste a embarcar para a Cidade do Rio de Janeiro&#8230;<\/p>\n<p style=\"text-align: justify;\">Adoro frases de efeito, leio v\u00e1rias diariamente e sempre elejo uma como a preferida do dia&#8230; Se me sinto estranha por ter este h\u00e1bito? Nem um pouco&#8230; Ontem li uma da ador\u00e1vel e eterna musa Chanel que amei: &#8220;A mulher que n\u00e3o usa perfume n\u00e3o tem futuro&#8230;&#8221; Hahahaha ela sabia das coisas&#8230; Continuando\u00a0a saga de frases que s\u00f3 poderiam sair da boca de uma mulher&#8230; rs&#8230; &#8220;Calcinha e suti\u00e3 me d\u00e3o falta de ar&#8221;, by Sonia Braga&#8230; N\u00e3o \u00e9 demais?<\/p>\n<p style=\"text-align: justify;\">Com certeza cada um de voc\u00eas j\u00e1\u00a0se reergueu depois de ler palavras, se entristeceu&#8230; Ficou blaster feliz&#8230; Voc\u00ea j\u00e1 pensou sobre a for\u00e7a das palavras? Na for\u00e7a negativa e positiva?<\/p>\n<p style=\"text-align: justify;\">A escritora Lya Luft uma vez escreveu que a palavra faz parte da nossa ess\u00eancia: com ela, nos acercamos do outro, nos entregamos ou nos negamos, apaziguamos, ferimos e matamos. Com a palavra, liquidamos neg\u00f3cios, amores.<\/p>\n<p style=\"text-align: justify;\">Concordo super com ela&#8230; Ahhhhhhh esqueci de dizer que tamb\u00e9m adoro as frases de efeito da ala das manicures&#8230; Sempre trago comigo uma p\u00e9rola destas mulheres incr\u00edveis&#8230; Outro dia uma delas muito intrigada veio me perguntar &#8220;Carla, como \u00e9 poss\u00edvel saber quantos fios de cabelo uma pessoa tem?&#8221; hahahaha&#8230; N\u00e3o \u00e9 ador\u00e1vel?<\/p>\n<p style=\"text-align: justify;\">Bem pessoas queridas&#8230; Estou viajando para outro mundo, mas antes deixo outra frase de uma mulher incr\u00edvel: &#8220;Quem disse que ganhar\u00a0ou perder n\u00e3o importa, provavelmente perdeu&#8221; Martina Navratilova&#8230; hahahaha Beijos<\/p>\n<p style=\"text-align: center;\"><a href=\"http:\/\/www.closetonline.com.br\/blogcarla\/wp-content\/uploads\/2010\/09\/100palavras03.jpg\"><img loading=\"lazy\" decoding=\"async\" class=\"aligncenter size-full wp-image-598\" title=\"_100palavras03\" src=\"http:\/\/www.closetonline.com.br\/blogcarla\/wp-content\/uploads\/2010\/09\/100palavras03.jpg\" alt=\"\" width=\"663\" height=\"497\" srcset=\"https:\/\/www.girosgourmet.com.br\/wp-content\/uploads\/2010\/09\/100palavras03.jpg 947w, https:\/\/www.girosgourmet.com.br\/wp-content\/uploads\/2010\/09\/100palavras03-300x224.jpg 300w, https:\/\/www.girosgourmet.com.br\/wp-content\/uploads\/2010\/09\/100palavras03-150x112.jpg 150w\" sizes=\"auto, (max-width: 663px) 100vw, 663px\" \/><\/a><\/p>\n<p style=\"text-align: center;\">\u00a0<\/p>\n<iframe src=\"http:\/\/www.facebook.com\/plugins\/like.php?href=https:\/\/www.girosgourmet.com.br\/index.php\/palavras-apenas\/&amp;layout=standard&amp;show_faces=1&amp;width=450&amp;action=like&amp;colorscheme=light&amp;font=\" scrolling=\"no\" frameborder=\"0\" style=\"border:none; overflow:hidden; width:450px; height:60px\"><\/iframe>","protected":false},"excerpt":{"rendered":"<p>&#8220;Nada na vida deve ser temido, somente compreendido&#8230; Agora \u00e9 a hora de compreender mais, para temer menos&#8230;&#8221; \u00e9 com esta frase de Marie Curie que eu estou preste a embarcar para a Cidade do Rio de Janeiro&#8230; Adoro frases de efeito, leio v\u00e1rias diariamente e sempre elejo uma como [&hellip;]<\/p>\n","protected":false},"author":3,"featured_media":598,"comment_status":"open","ping_status":"open","sticky":false,"template":"","format":"standard","meta":{"footnotes":""},"categories":[39],"tags":[544,542,545,543,111],"class_list":["post-597","post","type-post","status-publish","format-standard","has-post-thumbnail","hentry","category-gastronomia","tag-lya-luft","tag-marie-curie","tag-martina-navratilova","tag-palavras","tag-rio-de-janeiro"],"_links":{"self":[{"href":"https:\/\/www.girosgourmet.com.br\/index.php\/wp-json\/wp\/v2\/posts\/597","targetHints":{"allow":["GET"]}}],"collection":[{"href":"https:\/\/www.girosgourmet.com.br\/index.php\/wp-json\/wp\/v2\/posts"}],"about":[{"href":"https:\/\/www.girosgourmet.com.br\/index.php\/wp-json\/wp\/v2\/types\/post"}],"author":[{"embeddable":true,"href":"https:\/\/www.girosgourmet.com.br\/index.php\/wp-json\/wp\/v2\/users\/3"}],"replies":[{"embeddable":true,"href":"https:\/\/www.girosgourmet.com.br\/index.php\/wp-json\/wp\/v2\/comments?post=597"}],"version-history":[{"count":9,"href":"https:\/\/www.girosgourmet.com.br\/index.php\/wp-json\/wp\/v2\/posts\/597\/revisions"}],"predecessor-version":[{"id":600,"href":"https:\/\/www.girosgourmet.com.br\/index.php\/wp-json\/wp\/v2\/posts\/597\/revisions\/600"}],"wp:featuredmedia":[{"embeddable":true,"href":"https:\/\/www.girosgourmet.com.br\/index.php\/wp-json\/wp\/v2\/media\/598"}],"wp:attachment":[{"href":"https:\/\/www.girosgourmet.com.br\/index.php\/wp-json\/wp\/v2\/media?parent=597"}],"wp:term":[{"taxonomy":"category","embeddable":true,"href":"https:\/\/www.girosgourmet.com.br\/index.php\/wp-json\/wp\/v2\/categories?post=597"},{"taxonomy":"post_tag","embeddable":true,"href":"https:\/\/www.girosgourmet.com.br\/index.php\/wp-json\/wp\/v2\/tags?post=597"}],"curies":[{"name":"wp","href":"https:\/\/api.w.org\/{rel}","templated":true}]}}