{"id":5817,"date":"2013-05-08T23:03:08","date_gmt":"2013-05-09T02:03:08","guid":{"rendered":"http:\/\/www.myfashionlife.com.br\/?p=5817"},"modified":"2013-05-09T10:29:54","modified_gmt":"2013-05-09T13:29:54","slug":"recital-de-piano-tera-entrada-gratuita-no-dia-das-maes","status":"publish","type":"post","link":"https:\/\/www.girosgourmet.com.br\/index.php\/recital-de-piano-tera-entrada-gratuita-no-dia-das-maes\/","title":{"rendered":"Recital de piano ter\u00e1 entrada gratuita no Dia das M\u00e3es!"},"content":{"rendered":"<p style=\"text-align: justify;\"><span style=\"color: #000000;\">Que tal fazer um programinha diferente e descolado com sua Mamys no domingo?<\/span><\/p>\n<p style=\"text-align: justify;\"><span style=\"color: #000000;\">O teatro <b>MuBE Nova Cultural<\/b> presenteia as m\u00e3es com entrada franca na apresenta\u00e7\u00e3o de Recital de Piano deste domingo (12\/05), em comemora\u00e7\u00e3o ao seu grande dia.<\/span><\/p>\n<p style=\"text-align: justify;\"><span style=\"color: #000000;\">Quem estar\u00e1 nos pianos ser\u00e1 a m\u00fasica <b>Karin Fernandes<\/b>\u00a0 que se apresentar\u00e1 com um incr\u00edvel repert\u00f3rio, para transmitir os anos de sucesso em sua atua\u00e7\u00e3o.<\/span><\/p>\n<p style=\"text-align: center;\"><a href=\"http:\/\/www.myfashionlife.com.br\/wp-content\/uploads\/2013\/05\/karin.jpg\"><img loading=\"lazy\" decoding=\"async\" class=\"alignnone size-full wp-image-5819\" alt=\"karin\" src=\"http:\/\/www.myfashionlife.com.br\/wp-content\/uploads\/2013\/05\/karin.jpg\" width=\"564\" height=\"349\" srcset=\"https:\/\/www.girosgourmet.com.br\/wp-content\/uploads\/2013\/05\/karin.jpg 564w, https:\/\/www.girosgourmet.com.br\/wp-content\/uploads\/2013\/05\/karin-300x185.jpg 300w\" sizes=\"auto, (max-width: 564px) 100vw, 564px\" \/><\/a><\/p>\n<p style=\"text-align: justify;\"><span style=\"color: #000000;\">Para que desconhece Karin \u00e9 pianista premiada em 21 concursos de piano, em 1999 venceu por unanimidade do j\u00fari o \u201cX Pr\u00eamio Eldorado de M\u00fasica\u201d. Participa ativamente de festivais de musica no Brasil e no exterior, tem amplo repert\u00f3rio pianistico dedicando-se especialmente a divulga\u00e7\u00e3o de obras contempor\u00e2neas dos s\u00e9culos XX e XXI. Possui 6 CDs gravados sendo o \u00faltimo dedicado a obra do compositor Edmundo Villani C\u00f4rtes.<\/span><\/p>\n<p style=\"text-align: justify;\"><span style=\"color: #000000;\">Programinha imperd\u00edvel e que m\u00e3e nenhuma ir\u00e1 botar defeito!<\/span><\/p>\n<p><span style=\"color: #000000;\"><b>SERVI\u00c7O<br \/>\nTeatro MUBE Nova Cultural \u2013 Rua Alemanha, n\u00b0 221 \u2013 Jardim Europa<br \/>\n<\/b>Hor\u00e1rio: 15h30<b><br \/>\n<\/b>Dura\u00e7\u00e3o: 80 min aprox.<b><br \/>\n<\/b>Quanto: Entrada franca.<b><br \/>\n<\/b>Telefone: 11 2386-8194 \/ 4301-7521<\/span> <b><br \/>\n<\/b><a href=\"http:\/\/mubenovacultural.com.br\/\">http:\/\/mubenovacultural.com.br<\/a><\/p>\n<p><b>\u00a0<\/b><\/p>\n<iframe src=\"http:\/\/www.facebook.com\/plugins\/like.php?href=https:\/\/www.girosgourmet.com.br\/index.php\/recital-de-piano-tera-entrada-gratuita-no-dia-das-maes\/&amp;layout=standard&amp;show_faces=1&amp;width=450&amp;action=like&amp;colorscheme=light&amp;font=\" scrolling=\"no\" frameborder=\"0\" style=\"border:none; overflow:hidden; width:450px; height:60px\"><\/iframe>","protected":false},"excerpt":{"rendered":"<p>Que tal fazer um programinha diferente e descolado com sua Mamys no domingo? O teatro MuBE Nova Cultural presenteia as m\u00e3es com entrada franca na apresenta\u00e7\u00e3o de Recital de Piano deste domingo (12\/05), em comemora\u00e7\u00e3o ao seu grande dia. Quem estar\u00e1 nos pianos ser\u00e1 a m\u00fasica Karin Fernandes\u00a0 que se [&hellip;]<\/p>\n","protected":false},"author":3,"featured_media":0,"comment_status":"open","ping_status":"open","sticky":false,"template":"","format":"standard","meta":{"footnotes":""},"categories":[40],"tags":[1207,1219,1218],"class_list":["post-5817","post","type-post","status-publish","format-standard","hentry","category-culturamodabelezabem-estar","tag-dia-das-maes","tag-karin-fernandes","tag-mube-nova-cultural"],"_links":{"self":[{"href":"https:\/\/www.girosgourmet.com.br\/index.php\/wp-json\/wp\/v2\/posts\/5817","targetHints":{"allow":["GET"]}}],"collection":[{"href":"https:\/\/www.girosgourmet.com.br\/index.php\/wp-json\/wp\/v2\/posts"}],"about":[{"href":"https:\/\/www.girosgourmet.com.br\/index.php\/wp-json\/wp\/v2\/types\/post"}],"author":[{"embeddable":true,"href":"https:\/\/www.girosgourmet.com.br\/index.php\/wp-json\/wp\/v2\/users\/3"}],"replies":[{"embeddable":true,"href":"https:\/\/www.girosgourmet.com.br\/index.php\/wp-json\/wp\/v2\/comments?post=5817"}],"version-history":[{"count":5,"href":"https:\/\/www.girosgourmet.com.br\/index.php\/wp-json\/wp\/v2\/posts\/5817\/revisions"}],"predecessor-version":[{"id":5824,"href":"https:\/\/www.girosgourmet.com.br\/index.php\/wp-json\/wp\/v2\/posts\/5817\/revisions\/5824"}],"wp:attachment":[{"href":"https:\/\/www.girosgourmet.com.br\/index.php\/wp-json\/wp\/v2\/media?parent=5817"}],"wp:term":[{"taxonomy":"category","embeddable":true,"href":"https:\/\/www.girosgourmet.com.br\/index.php\/wp-json\/wp\/v2\/categories?post=5817"},{"taxonomy":"post_tag","embeddable":true,"href":"https:\/\/www.girosgourmet.com.br\/index.php\/wp-json\/wp\/v2\/tags?post=5817"}],"curies":[{"name":"wp","href":"https:\/\/api.w.org\/{rel}","templated":true}]}}