{"id":5760,"date":"2013-04-23T23:24:58","date_gmt":"2013-04-24T02:24:58","guid":{"rendered":"http:\/\/www.myfashionlife.com.br\/?p=5760"},"modified":"2013-04-23T23:24:58","modified_gmt":"2013-04-24T02:24:58","slug":"pop-up-traz-opcoes-de-compras-para-o-dia-das-maes","status":"publish","type":"post","link":"https:\/\/www.girosgourmet.com.br\/index.php\/pop-up-traz-opcoes-de-compras-para-o-dia-das-maes\/","title":{"rendered":"Pop-up traz op\u00e7\u00f5es de compras para o Dia das M\u00e3es"},"content":{"rendered":"<p style=\"text-align: left;\"><span style=\"color: #000000;\">E mais um bazar vai acontecer para os fashionistas de plant\u00e3o! O coletivo <b>Soul Style <\/b>acontecer\u00e1 nos dias 26 e 27 de abril e reunir\u00e1 diversas marcas e produtos especialmente escolhidos para o <b>Dia das M\u00e3es!<\/b><\/span><\/p>\n<p style=\"text-align: justify;\"><span style=\"color: #000000;\">O bazar estar\u00e1 sendo realizado na galeria de artes do espa\u00e7o e trar\u00e1 uma gama de op\u00e7\u00f5es de presentes exclusivos e cheios de charme para m\u00e3es de todos os estilos. S\u00e3o <b>roupas, bijuterias, velas, sabonetes artesanais, acess\u00f3rios, bolsas<\/b> e muito mais.<\/span><\/p>\n<p style=\"text-align: center;\"><a href=\"http:\/\/www.myfashionlife.com.br\/wp-content\/uploads\/2013\/04\/soul2.jpg\"><img loading=\"lazy\" decoding=\"async\" class=\"alignnone size-full wp-image-5761\" alt=\"soul2\" src=\"http:\/\/www.myfashionlife.com.br\/wp-content\/uploads\/2013\/04\/soul2.jpg\" width=\"498\" height=\"332\" srcset=\"https:\/\/www.girosgourmet.com.br\/wp-content\/uploads\/2013\/04\/soul2.jpg 498w, https:\/\/www.girosgourmet.com.br\/wp-content\/uploads\/2013\/04\/soul2-300x200.jpg 300w\" sizes=\"auto, (max-width: 498px) 100vw, 498px\" \/><\/a><\/p>\n<p style=\"text-align: justify;\"><span style=\"color: #000000;\">Os pre\u00e7os s\u00e3o atrativos e os produtos diferenciados fazem desse evento uma <b>\u00f3tima op\u00e7\u00e3o de compras<\/b> e um <b>passeio agrad\u00e1vel<\/b> para as tardes do \u00faltimo fim de semana de abril, na descolada <b>Rua Oscar Freire<\/b>, em S\u00e3o Paulo.<\/span><\/p>\n<p style=\"text-align: justify;\"><span style=\"color: #000000;\">A <b>cafeteria<\/b> do Soul Tattoo estar\u00e1 aberta e convida os visitantes a uma <b>viagem por sabores e aromas especiais.<\/b> Cria\u00e7\u00f5es inspiradas nos mais conhecidos estilos de tatuagem, como os drinks Old School, Pin Up, Mandala e Shake Tribal fazem parte do card\u00e1pio de caf\u00e9s, al\u00e9m dos tradicionais da marca <i>Martins Caf\u00e9 Especial<\/i>.<\/span><\/p>\n<p style=\"text-align: justify;\"><span style=\"color: #000000;\">S\u00e3o algumas das marcas participantes: <b>Boutique Bazzar, MM Velas, Maria Fresquinha, Lai\u00e1 Shoes, Avenida 32, Maria Brilhantina, Missenhorita, Monster n Me, Pry Oliver Acess\u00f3rios e Santa Gemma.<\/b><\/span><\/p>\n<p style=\"text-align: justify;\"><span style=\"color: #000000;\">O My Fashion Life vai conferir tudo de perto, e claro aproveitar\u00e1 a ocasi\u00e3o para uma comprinha sem culpa!<\/span><\/p>\n<p style=\"text-align: center;\"><a href=\"http:\/\/www.myfashionlife.com.br\/wp-content\/uploads\/2013\/04\/soul.jpg\"><img loading=\"lazy\" decoding=\"async\" class=\"alignnone size-full wp-image-5762\" alt=\"soul\" src=\"http:\/\/www.myfashionlife.com.br\/wp-content\/uploads\/2013\/04\/soul.jpg\" width=\"603\" height=\"344\" srcset=\"https:\/\/www.girosgourmet.com.br\/wp-content\/uploads\/2013\/04\/soul.jpg 603w, https:\/\/www.girosgourmet.com.br\/wp-content\/uploads\/2013\/04\/soul-300x171.jpg 300w\" sizes=\"auto, (max-width: 603px) 100vw, 603px\" \/><\/a><\/p>\n<p><strong><span style=\"color: #000000;\">Servi\u00e7o<\/span><\/strong><br \/>\n<strong><span style=\"color: #000000;\"> Soul Tattoo Art e Caf\u00e9<\/span><\/strong><br \/>\n<span style=\"color: #000000;\"> Rua Oscar Freire, 2203 \u2013 Pinheiros<\/span><br \/>\n<span style=\"color: #000000;\"> Tel. (11) 3071-2316<\/span><br \/>\n<span style=\"color: #000000;\"> Dias 26 e 27 de abril de 2013 das 14 \u00e0s 20hs.<\/span><br \/>\n<span style=\"color: #000000;\"> Entrada Franca.<\/span><\/p>\n<iframe src=\"http:\/\/www.facebook.com\/plugins\/like.php?href=https:\/\/www.girosgourmet.com.br\/index.php\/pop-up-traz-opcoes-de-compras-para-o-dia-das-maes\/&amp;layout=standard&amp;show_faces=1&amp;width=450&amp;action=like&amp;colorscheme=light&amp;font=\" scrolling=\"no\" frameborder=\"0\" style=\"border:none; overflow:hidden; width:450px; height:60px\"><\/iframe>","protected":false},"excerpt":{"rendered":"<p>E mais um bazar vai acontecer para os fashionistas de plant\u00e3o! O coletivo Soul Style acontecer\u00e1 nos dias 26 e 27 de abril e reunir\u00e1 diversas marcas e produtos especialmente escolhidos para o Dia das M\u00e3es! O bazar estar\u00e1 sendo realizado na galeria de artes do espa\u00e7o e trar\u00e1 uma [&hellip;]<\/p>\n","protected":false},"author":3,"featured_media":0,"comment_status":"open","ping_status":"open","sticky":false,"template":"","format":"standard","meta":{"footnotes":""},"categories":[39],"tags":[1207,980,880],"class_list":["post-5760","post","type-post","status-publish","format-standard","hentry","category-gastronomia","tag-dia-das-maes","tag-soul-style","tag-soul-tattoo-art-e-cafe"],"_links":{"self":[{"href":"https:\/\/www.girosgourmet.com.br\/index.php\/wp-json\/wp\/v2\/posts\/5760","targetHints":{"allow":["GET"]}}],"collection":[{"href":"https:\/\/www.girosgourmet.com.br\/index.php\/wp-json\/wp\/v2\/posts"}],"about":[{"href":"https:\/\/www.girosgourmet.com.br\/index.php\/wp-json\/wp\/v2\/types\/post"}],"author":[{"embeddable":true,"href":"https:\/\/www.girosgourmet.com.br\/index.php\/wp-json\/wp\/v2\/users\/3"}],"replies":[{"embeddable":true,"href":"https:\/\/www.girosgourmet.com.br\/index.php\/wp-json\/wp\/v2\/comments?post=5760"}],"version-history":[{"count":2,"href":"https:\/\/www.girosgourmet.com.br\/index.php\/wp-json\/wp\/v2\/posts\/5760\/revisions"}],"predecessor-version":[{"id":5764,"href":"https:\/\/www.girosgourmet.com.br\/index.php\/wp-json\/wp\/v2\/posts\/5760\/revisions\/5764"}],"wp:attachment":[{"href":"https:\/\/www.girosgourmet.com.br\/index.php\/wp-json\/wp\/v2\/media?parent=5760"}],"wp:term":[{"taxonomy":"category","embeddable":true,"href":"https:\/\/www.girosgourmet.com.br\/index.php\/wp-json\/wp\/v2\/categories?post=5760"},{"taxonomy":"post_tag","embeddable":true,"href":"https:\/\/www.girosgourmet.com.br\/index.php\/wp-json\/wp\/v2\/tags?post=5760"}],"curies":[{"name":"wp","href":"https:\/\/api.w.org\/{rel}","templated":true}]}}