{"id":5458,"date":"2013-02-27T23:23:18","date_gmt":"2013-02-28T02:23:18","guid":{"rendered":"http:\/\/www.myfashionlife.com.br\/?p=5458"},"modified":"2013-02-27T23:23:55","modified_gmt":"2013-02-28T02:23:55","slug":"10a-edicao-dos-melhores-filmes-do-ano-2012-acontece-no-rio-de-janeiro","status":"publish","type":"post","link":"https:\/\/www.girosgourmet.com.br\/index.php\/10a-edicao-dos-melhores-filmes-do-ano-2012-acontece-no-rio-de-janeiro\/","title":{"rendered":"10\u00aa edi\u00e7\u00e3o dos Melhores Filmes do Ano 2012 acontece no Rio de Janeiro"},"content":{"rendered":"<p style=\"text-align: justify;\">Pessoas queridas, esta semana estou no <strong>Rio de Janeiro<\/strong> para mais uma super-mat\u00e9ria de gastroturismo&#8230;e quando n\u00e3o estou em meus giros gastron\u00f4micos, estou conferindo os circuitos culturais que \u201cnossos vizinhos cariocas\u201d andam promovendo por aqui!<\/p>\n<p style=\"text-align: justify;\">E acabei de descobrir um super-evento cin\u00e9filo, que vale a pena conferir at\u00e9 o pr\u00f3ximo dia 03 de mar\u00e7o, a 10\u00aa edi\u00e7\u00e3o dos\u00a0<strong>Melhores Filmes do Ano<\/strong>. A mostra est\u00e1 acontecendo desde o ultimo dia 13, no <strong>Centro Cultural do Banco do Brasil<\/strong>, e possui uma programa\u00e7\u00e3o bem ecl\u00e9tica, que abrange desde grandes blockbusters a filmes pequenos e pouco vistos.<\/p>\n<p style=\"text-align: center;\"><a href=\"http:\/\/www.myfashionlife.com.br\/index.php\/10a-edicao-dos-melhores-filmes-do-ano-2012-acontece-no-rio-de-janeiro\/ccbb\/\" rel=\"attachment wp-att-5460\"><img loading=\"lazy\" decoding=\"async\" class=\" wp-image-5460 aligncenter\" alt=\"CCBB\" src=\"http:\/\/www.myfashionlife.com.br\/wp-content\/uploads\/2013\/02\/CCBB.jpg\" width=\"540\" height=\"405\" srcset=\"https:\/\/www.girosgourmet.com.br\/wp-content\/uploads\/2013\/02\/CCBB.jpg 600w, https:\/\/www.girosgourmet.com.br\/wp-content\/uploads\/2013\/02\/CCBB-300x225.jpg 300w\" sizes=\"auto, (max-width: 540px) 100vw, 540px\" \/><\/a><br \/>\nUm dos objetivos do evento \u00e9 oferece ao espectador uma segunda chance para conferir obras significativas da s\u00e9tima arte em diversas oportunidades.<\/p>\n<p>Ser\u00e3o ao todo 17 dias em cartaz com tr\u00eas hor\u00e1rios de exibi\u00e7\u00e3o de filmes.<br \/>\nAl\u00e9m da programa\u00e7\u00e3o nas salas de cinema, o CCBB promove debates com membros da <strong>ACCRJ<\/strong> e convidados que atuam na \u00e1rea.<\/p>\n<p style=\"text-align: justify;\">Imperd\u00edvel!<\/p>\n<p style=\"text-align: justify;\">Confira a programa\u00e7\u00e3o abaixo os \u00faltimos dias;<\/p>\n<p style=\"text-align: justify;\"><b>28\/2<\/b><\/p>\n<p style=\"text-align: justify;\">15h10 &#8211; Drive, de Nicolas Winding Refn (EUA, 2011, 16 anos, 100 min)<br \/>\n17h &#8211; Argo, de Ben Affleck (EUA, 2012, 14 anos, 120 min)<br \/>\n19h05 &#8211; Debate com os membros da ACCRJ e convidados<\/p>\n<div id=\"attachment_5462\" style=\"width: 250px\" class=\"wp-caption aligncenter\"><a href=\"http:\/\/www.myfashionlife.com.br\/index.php\/10a-edicao-dos-melhores-filmes-do-ano-2012-acontece-no-rio-de-janeiro\/images\/\" rel=\"attachment wp-att-5462\"><img loading=\"lazy\" decoding=\"async\" aria-describedby=\"caption-attachment-5462\" class=\"size-full wp-image-5462\" alt=\"Um Algu\u00e9m Apaixonado!\" src=\"http:\/\/www.myfashionlife.com.br\/wp-content\/uploads\/2013\/02\/images.jpg\" width=\"240\" height=\"210\" \/><\/a><p id=\"caption-attachment-5462\" class=\"wp-caption-text\">Um Algu\u00e9m Apaixonado!<\/p><\/div>\n<p style=\"text-align: justify;\"><b>01\/3<\/b><\/p>\n<p style=\"text-align: justify;\">15h20 &#8211; A M\u00fasica Segundo Tom Jobim, de Nelson Pereira dos Santos e Dora Jobim (Brasil, 2011, livre, 88 min)<br \/>\n17h &#8211; Um Algu\u00e9m Apaixonado, de Abbas Kiarostami (Jap\u00e3o\/Fran\u00e7a, 2012, livre, 129 min)<br \/>\n19h20 &#8211; Shame, de Steve McQueen (Reino Unido, 2011,18 anos, 101 min)<\/p>\n<p style=\"text-align: justify;\"><b>02\/3<\/b><\/p>\n<p style=\"text-align: justify;\">17h &#8211; A Inven\u00e7\u00e3o de Hugo Cabret, de Martin Scorsese (EUA, 2011, livre, 126 min)<br \/>\n19h20 &#8211; O Artista, de Michel hazanavicius (Fran\u00e7a\/ B\u00e9lgica, 2011, 12 anos, 100 min)<\/p>\n<p style=\"text-align: justify;\"><b>03\/3<\/b><\/p>\n<p style=\"text-align: justify;\">17h &#8211; A Separa\u00e7\u00e3o, de Asghar Farhadi (Ir\u00e3, 2011, 12 anos, 123 min)<br \/>\n19h15 &#8211; Argo, de Ben Affleck (EUA, 2012, 14 anos, 120 min)<\/p>\n<p style=\"text-align: justify;\"><span style=\"text-decoration: underline;\"><strong>Servi\u00e7o<\/strong><\/span><\/p>\n<p style=\"text-align: justify;\">Rua Primeiro de Mar\u00e7o, 66, 5\u00baandar, Centro\u00a0\u00a0Rio de Janeiro &#8211; RJ, 20010-000<br \/>\n(21) 3808-2030<\/p>\n<iframe src=\"http:\/\/www.facebook.com\/plugins\/like.php?href=https:\/\/www.girosgourmet.com.br\/index.php\/10a-edicao-dos-melhores-filmes-do-ano-2012-acontece-no-rio-de-janeiro\/&amp;layout=standard&amp;show_faces=1&amp;width=450&amp;action=like&amp;colorscheme=light&amp;font=\" scrolling=\"no\" frameborder=\"0\" style=\"border:none; overflow:hidden; width:450px; height:60px\"><\/iframe>","protected":false},"excerpt":{"rendered":"<p>Pessoas queridas, esta semana estou no Rio de Janeiro para mais uma super-mat\u00e9ria de gastroturismo&#8230;e quando n\u00e3o estou em meus giros gastron\u00f4micos, estou conferindo os circuitos culturais que \u201cnossos vizinhos cariocas\u201d andam promovendo por aqui! E acabei de descobrir um super-evento cin\u00e9filo, que vale a pena conferir at\u00e9 o pr\u00f3ximo [&hellip;]<\/p>\n","protected":false},"author":3,"featured_media":0,"comment_status":"open","ping_status":"open","sticky":false,"template":"","format":"standard","meta":{"footnotes":""},"categories":[40,41],"tags":[1152,1151,1150,111],"class_list":["post-5458","post","type-post","status-publish","format-standard","hentry","category-culturamodabelezabem-estar","category-viagens","tag-accrj","tag-centro-cultural-do-banco-do-brasil","tag-melhores-filmes-do-ano","tag-rio-de-janeiro"],"_links":{"self":[{"href":"https:\/\/www.girosgourmet.com.br\/index.php\/wp-json\/wp\/v2\/posts\/5458","targetHints":{"allow":["GET"]}}],"collection":[{"href":"https:\/\/www.girosgourmet.com.br\/index.php\/wp-json\/wp\/v2\/posts"}],"about":[{"href":"https:\/\/www.girosgourmet.com.br\/index.php\/wp-json\/wp\/v2\/types\/post"}],"author":[{"embeddable":true,"href":"https:\/\/www.girosgourmet.com.br\/index.php\/wp-json\/wp\/v2\/users\/3"}],"replies":[{"embeddable":true,"href":"https:\/\/www.girosgourmet.com.br\/index.php\/wp-json\/wp\/v2\/comments?post=5458"}],"version-history":[{"count":9,"href":"https:\/\/www.girosgourmet.com.br\/index.php\/wp-json\/wp\/v2\/posts\/5458\/revisions"}],"predecessor-version":[{"id":5469,"href":"https:\/\/www.girosgourmet.com.br\/index.php\/wp-json\/wp\/v2\/posts\/5458\/revisions\/5469"}],"wp:attachment":[{"href":"https:\/\/www.girosgourmet.com.br\/index.php\/wp-json\/wp\/v2\/media?parent=5458"}],"wp:term":[{"taxonomy":"category","embeddable":true,"href":"https:\/\/www.girosgourmet.com.br\/index.php\/wp-json\/wp\/v2\/categories?post=5458"},{"taxonomy":"post_tag","embeddable":true,"href":"https:\/\/www.girosgourmet.com.br\/index.php\/wp-json\/wp\/v2\/tags?post=5458"}],"curies":[{"name":"wp","href":"https:\/\/api.w.org\/{rel}","templated":true}]}}