{"id":535,"date":"2010-09-04T18:54:27","date_gmt":"2010-09-04T21:54:27","guid":{"rendered":"http:\/\/www.closetonline.com.br\/blogcarla\/?p=535"},"modified":"2011-10-26T16:46:06","modified_gmt":"2011-10-26T19:46:06","slug":"feriado-a-paulista","status":"publish","type":"post","link":"https:\/\/www.girosgourmet.com.br\/index.php\/feriado-a-paulista\/","title":{"rendered":"Feriado \u00e0 PAULISTA!"},"content":{"rendered":"<p style=\"text-align: justify;\">Amoooooooooo feriado em SP&#8230;..juro! Lembro que quando era jovenzinha, surtava horrores se ainda n\u00e3o tinha programa\/viagem para estes dias&#8230;e mal chegava de uma e j\u00e1 come\u00e7ava a planejar a outra&#8230;..Feriado prolongado era motivo para subir a serra, ir a praia&#8230;.hoje dou gra\u00e7as a Deus por ter o prazer de ficar em casa&#8230;.a cidade fica vazia, as pessoas mais humanizadas, o tr\u00e2nsito uma beleza, as filas do cinema confort\u00e1veis&#8230;..e o povo hype e bonito mais clarividente&#8230;.hahahaha&#8230;.<\/p>\n<p style=\"text-align: justify;\">Para quem pretende visitar SP em feriado, acho a decis\u00e3o mais acertada do mundo, voc\u00ea simplesmente ter\u00e1 a sua disposi\u00e7\u00e3o 120 teatros, 71 museus e 39 centros culturais, quer mais? Aqui \u00e9 considerada a cidade gastr\u00f4nomica do mundo; ou seja come-se bem, bebe-se bem e para todos os bolsos! Aqui todas as tribos se divertem<\/p>\n<p style=\"text-align: justify;\">Casas noturnas de luxo j\u00e1 transformaram S\u00e3o Paulo em Nova York, Para frequentar o que h\u00e1 de melhor na noite de S\u00e3o Paulo, a regra b\u00e1sica \u00e9 chegar sempre bem vestido e estar disposto a gastar muito dinheiro sem dor na consci\u00eancia&#8230;rs&#8230;.<\/p>\n<p style=\"text-align: justify;\">Uma vez li uma frase de Jo\u00e3o D\u00f3ria Jr que achei sensacional \u201cS\u00e3o Paulo \u00e9 um caso de amor&#8230;Voc\u00ea vai namorando, namorando at\u00e9 se apaixonar por completo. \u00c9 o meu caso\u201d.<\/p>\n<p style=\"text-align: justify;\">Eu sou mega suspeita mas para mim SP \u00e9 uma das melhores cidades para se viver no mundo, e com certeza uma das mais cosmopolitas que conhe\u00e7o&#8230; se voc\u00ea meu caro que n\u00e3o \u00e9 daqui, aceite um conselho meu&#8230;venha viver esta experiencia nos feriados prolongados, eu com quase toda certeza do mundo estarei aqui! Hahaha..<\/p>\n<p style=\"text-align: justify;\">E termino com a frase c\u00e9lebre de Milton Neves \u201cS\u00e3o Paulo \u00e9 meu amor. Gosto de frases feitas, mas bem feitas. Algu\u00e9m escreveu que gratid\u00e3o \u00e9 a primeira virtude do homem e base de todas as demais. Assim, muito obrigado e Deus te pague, S\u00e3o Paulo\u201d querida!\u201d<\/p>\n<p style=\"text-align: center;\">\n<p style=\"text-align: center;\">\n<div id=\"attachment_534\" style=\"width: 515px\" class=\"wp-caption aligncenter\"><a href=\"http:\/\/www.closetonline.com.br\/blogcarla\/wp-content\/uploads\/2010\/09\/Imagem11.jpg\"><img loading=\"lazy\" decoding=\"async\" aria-describedby=\"caption-attachment-534\" class=\"size-full wp-image-534   \" title=\"Imagem1\" src=\"http:\/\/www.closetonline.com.br\/blogcarla\/wp-content\/uploads\/2010\/09\/Imagem11.jpg\" alt=\"\" width=\"505\" height=\"379\" srcset=\"https:\/\/www.girosgourmet.com.br\/wp-content\/uploads\/2010\/09\/Imagem11.jpg 1169w, https:\/\/www.girosgourmet.com.br\/wp-content\/uploads\/2010\/09\/Imagem11-300x225.jpg 300w, https:\/\/www.girosgourmet.com.br\/wp-content\/uploads\/2010\/09\/Imagem11-1024x768.jpg 1024w\" sizes=\"auto, (max-width: 505px) 100vw, 505px\" \/><\/a><p id=\"caption-attachment-534\" class=\"wp-caption-text\">Eu e Fernanda passeando em um dia de feriado na Oscar Freire<\/p><\/div>\n<iframe src=\"http:\/\/www.facebook.com\/plugins\/like.php?href=https:\/\/www.girosgourmet.com.br\/index.php\/feriado-a-paulista\/&amp;layout=standard&amp;show_faces=1&amp;width=450&amp;action=like&amp;colorscheme=light&amp;font=\" scrolling=\"no\" frameborder=\"0\" style=\"border:none; overflow:hidden; width:450px; height:60px\"><\/iframe>","protected":false},"excerpt":{"rendered":"<p>Amoooooooooo feriado em SP&#8230;..juro! Lembro que quando era jovenzinha, surtava horrores se ainda n\u00e3o tinha programa\/viagem para estes dias&#8230;e mal chegava de uma e j\u00e1 come\u00e7ava a planejar a outra&#8230;..Feriado prolongado era motivo para subir a serra, ir a praia&#8230;.hoje dou gra\u00e7as a Deus por ter o prazer de ficar [&hellip;]<\/p>\n","protected":false},"author":3,"featured_media":534,"comment_status":"open","ping_status":"open","sticky":false,"template":"","format":"standard","meta":{"footnotes":""},"categories":[41],"tags":[564,135],"class_list":["post-535","post","type-post","status-publish","format-standard","has-post-thumbnail","hentry","category-viagens","tag-feriado","tag-sao-paulo"],"_links":{"self":[{"href":"https:\/\/www.girosgourmet.com.br\/index.php\/wp-json\/wp\/v2\/posts\/535","targetHints":{"allow":["GET"]}}],"collection":[{"href":"https:\/\/www.girosgourmet.com.br\/index.php\/wp-json\/wp\/v2\/posts"}],"about":[{"href":"https:\/\/www.girosgourmet.com.br\/index.php\/wp-json\/wp\/v2\/types\/post"}],"author":[{"embeddable":true,"href":"https:\/\/www.girosgourmet.com.br\/index.php\/wp-json\/wp\/v2\/users\/3"}],"replies":[{"embeddable":true,"href":"https:\/\/www.girosgourmet.com.br\/index.php\/wp-json\/wp\/v2\/comments?post=535"}],"version-history":[{"count":6,"href":"https:\/\/www.girosgourmet.com.br\/index.php\/wp-json\/wp\/v2\/posts\/535\/revisions"}],"predecessor-version":[{"id":589,"href":"https:\/\/www.girosgourmet.com.br\/index.php\/wp-json\/wp\/v2\/posts\/535\/revisions\/589"}],"wp:featuredmedia":[{"embeddable":true,"href":"https:\/\/www.girosgourmet.com.br\/index.php\/wp-json\/wp\/v2\/media\/534"}],"wp:attachment":[{"href":"https:\/\/www.girosgourmet.com.br\/index.php\/wp-json\/wp\/v2\/media?parent=535"}],"wp:term":[{"taxonomy":"category","embeddable":true,"href":"https:\/\/www.girosgourmet.com.br\/index.php\/wp-json\/wp\/v2\/categories?post=535"},{"taxonomy":"post_tag","embeddable":true,"href":"https:\/\/www.girosgourmet.com.br\/index.php\/wp-json\/wp\/v2\/tags?post=535"}],"curies":[{"name":"wp","href":"https:\/\/api.w.org\/{rel}","templated":true}]}}