{"id":5158,"date":"2012-12-18T19:11:32","date_gmt":"2012-12-18T22:11:32","guid":{"rendered":"http:\/\/www.myfashionlife.com.br\/?p=5158"},"modified":"2012-12-18T19:56:29","modified_gmt":"2012-12-18T22:56:29","slug":"conheca-o-alimentarium-museu-de-alimentacao","status":"publish","type":"post","link":"https:\/\/www.girosgourmet.com.br\/index.php\/conheca-o-alimentarium-museu-de-alimentacao\/","title":{"rendered":"Conhe\u00e7a o Alimentarium- Museu de Alimenta\u00e7\u00e3o, em Vevey!"},"content":{"rendered":"<p style=\"text-align: justify;\">F\u00e9rias chegando e se o seu destino escolhido for \u00e0 pacata <strong>Su\u00ed\u00e7a<\/strong>, voc\u00ea n\u00e3o pode deixar de visitar um lugar, que no m\u00ednimo deve ser bem curioso&#8230;.Trata-se do <strong>Alimentarium<\/strong> &#8211; Museu da Alimenta\u00e7\u00e3o e a sua tem\u00e1tica e localiza\u00e7\u00e3o n\u00e3o poderiam ser mais apropriadas, uma vez que pertence \u00e0 funda\u00e7\u00e3o Nestl\u00e9, uma das maiores empresa su\u00ed\u00e7as e um dos l\u00edderes da alimenta\u00e7\u00e3o no mundo.<\/p>\n<p style=\"text-align: center;\"><a href=\"http:\/\/www.myfashionlife.com.br\/wp-content\/uploads\/2012\/12\/Alimento-casarao.jpg\"><img loading=\"lazy\" decoding=\"async\" class=\"wp-image-5160 aligncenter\" title=\"Alimento casarao\" src=\"http:\/\/www.myfashionlife.com.br\/wp-content\/uploads\/2012\/12\/Alimento-casarao.jpg\" alt=\"\" width=\"574\" height=\"325\" srcset=\"https:\/\/www.girosgourmet.com.br\/wp-content\/uploads\/2012\/12\/Alimento-casarao.jpg 1024w, https:\/\/www.girosgourmet.com.br\/wp-content\/uploads\/2012\/12\/Alimento-casarao-300x169.jpg 300w, https:\/\/www.girosgourmet.com.br\/wp-content\/uploads\/2012\/12\/Alimento-casarao-150x84.jpg 150w\" sizes=\"auto, (max-width: 574px) 100vw, 574px\" \/><\/a><\/p>\n<p style=\"text-align: justify;\">Fundada em 1985, o lugar que esta sediado na cidade de <strong>Vevey (<\/strong>Rue du L\u00e9man 1, 1800), chama aten\u00e7\u00e3o por sua arquitetura neocl\u00e1ssica e pelos lugares pitorescos que os visitantes ter\u00e3o a oportunidade de conhecer, como por exemplo, o Jardim do Museu, em frente ao\u00a0edif\u00edcio\u00a0e ao lago, possui uma\u00a0sele\u00e7\u00e3o das principais plantas alimentares segundo a \u00e9poca do ano, intercaladas com \u00e1reas para piquenique.\u00a0As\u00a0atra\u00e7\u00f5es\u00a0tamb\u00e9m incluem uma horta e um jardim de plantas arom\u00e1ticas.<\/p>\n<p style=\"text-align: center;\"><a href=\"http:\/\/www.myfashionlife.com.br\/wp-content\/uploads\/2012\/12\/alimento-jardim.jpg\"><img loading=\"lazy\" decoding=\"async\" class=\"alignnone size-full wp-image-5163\" title=\"alimento jardim\" src=\"http:\/\/www.myfashionlife.com.br\/wp-content\/uploads\/2012\/12\/alimento-jardim.jpg\" alt=\"\" width=\"584\" height=\"438\" srcset=\"https:\/\/www.girosgourmet.com.br\/wp-content\/uploads\/2012\/12\/alimento-jardim.jpg 584w, https:\/\/www.girosgourmet.com.br\/wp-content\/uploads\/2012\/12\/alimento-jardim-300x225.jpg 300w, https:\/\/www.girosgourmet.com.br\/wp-content\/uploads\/2012\/12\/alimento-jardim-150x112.jpg 150w\" sizes=\"auto, (max-width: 584px) 100vw, 584px\" \/><\/a><\/p>\n<p style=\"text-align: justify;\">Outra atra\u00e7\u00e3o imperd\u00edvel \u00e9 a escultura do <strong>giga-garfo<\/strong>, que esta est\u00e1 no <strong>lago Leman<\/strong> e foi criada h\u00e1 mais de dez anos por dois artistas pl\u00e1sticos locais: <strong>Jean-Pierre Zaugg<\/strong> e <strong>Georges Favre<\/strong>.<\/p>\n<p style=\"text-align: center;\"><a href=\"http:\/\/www.myfashionlife.com.br\/wp-content\/uploads\/2012\/12\/alimento.jpg\"><img loading=\"lazy\" decoding=\"async\" class=\"alignnone size-full wp-image-5162\" title=\"alimento\" src=\"http:\/\/www.myfashionlife.com.br\/wp-content\/uploads\/2012\/12\/alimento.jpg\" alt=\"\" width=\"500\" height=\"338\" srcset=\"https:\/\/www.girosgourmet.com.br\/wp-content\/uploads\/2012\/12\/alimento.jpg 500w, https:\/\/www.girosgourmet.com.br\/wp-content\/uploads\/2012\/12\/alimento-300x202.jpg 300w, https:\/\/www.girosgourmet.com.br\/wp-content\/uploads\/2012\/12\/alimento-150x101.jpg 150w\" sizes=\"auto, (max-width: 500px) 100vw, 500px\" \/><\/a><\/p>\n<p style=\"text-align: justify;\">Para quem quiser almo\u00e7ar ou tomar um lanche de forma descontra\u00edda, n\u00e3o deixe de visitar o Caf\u00e9-Restaurante \u201c<strong>La Verri\u00e8re<\/strong>\u201d, com uma ambienta\u00e7\u00e3o sofisticada e menu refinado!<\/p>\n<p style=\"text-align: center;\"><a href=\"http:\/\/www.myfashionlife.com.br\/wp-content\/uploads\/2012\/12\/alimento-rest.jpg\"><img loading=\"lazy\" decoding=\"async\" class=\"wp-image-5164 aligncenter\" title=\"alimento rest\" src=\"http:\/\/www.myfashionlife.com.br\/wp-content\/uploads\/2012\/12\/alimento-rest.jpg\" alt=\"\" width=\"672\" height=\"504\" srcset=\"https:\/\/www.girosgourmet.com.br\/wp-content\/uploads\/2012\/12\/alimento-rest.jpg 800w, https:\/\/www.girosgourmet.com.br\/wp-content\/uploads\/2012\/12\/alimento-rest-300x225.jpg 300w, https:\/\/www.girosgourmet.com.br\/wp-content\/uploads\/2012\/12\/alimento-rest-150x112.jpg 150w\" sizes=\"auto, (max-width: 672px) 100vw, 672px\" \/><\/a><\/p>\n<p style=\"text-align: justify;\">O primeiro\u00a0espa\u00e7o\u00a0da exposi\u00e7\u00e3o permanente \u00e9 dedicado \u00e0\u00a0<strong><a href=\"http:\/\/www.alimentarium.ch\/en\/permanent-exhibition\/eating.html\" target=\"_blank\">Alimenta\u00e7\u00e3o<\/a><\/strong>. Aqui voc\u00ea poder\u00e1 encontrar a forma mais\u00a0conhecida\u00a0de \u201cFast-food\u201d, traduzida nos vendedores ambulantes que com os seus carrinhos vendem os produtos\u00a0t\u00edpicos\u00a0de cada cultura\/pa\u00eds. Tamb\u00e9m existem outros espa\u00e7os onde os visitantes poder\u00e3o confrontar seus h\u00e1bitos alimentares com os de outros continentes e outros povos.<\/p>\n<p style=\"text-align: justify;\">Enfim um lugar para quem quer entender um pouco mais de alimenta\u00e7\u00e3o nos v\u00e1rios aspectos que interessam \u00e0 humanidade!<\/p>\n<p><a href=\"http:\/\/www.myfashionlife.com.br\/wp-content\/uploads\/2012\/12\/alimento-espaco.jpg\"><img loading=\"lazy\" decoding=\"async\" class=\"wp-image-5165 aligncenter\" title=\"alimento espaco\" src=\"http:\/\/www.myfashionlife.com.br\/wp-content\/uploads\/2012\/12\/alimento-espaco-1024x491.jpg\" alt=\"\" width=\"717\" height=\"344\" srcset=\"https:\/\/www.girosgourmet.com.br\/wp-content\/uploads\/2012\/12\/alimento-espaco-1024x491.jpg 1024w, https:\/\/www.girosgourmet.com.br\/wp-content\/uploads\/2012\/12\/alimento-espaco-300x143.jpg 300w, https:\/\/www.girosgourmet.com.br\/wp-content\/uploads\/2012\/12\/alimento-espaco-150x71.jpg 150w, https:\/\/www.girosgourmet.com.br\/wp-content\/uploads\/2012\/12\/alimento-espaco.jpg 1107w\" sizes=\"auto, (max-width: 717px) 100vw, 717px\" \/><\/a><\/p>\n<p style=\"text-align: justify;\">Sem contar a paisagem de tirar o f\u00f4lego! Amei&#8230;&#8230;&#8230;&#8230;&#8230;<\/p>\n<p>&nbsp;<\/p>\n<iframe src=\"http:\/\/www.facebook.com\/plugins\/like.php?href=https:\/\/www.girosgourmet.com.br\/index.php\/conheca-o-alimentarium-museu-de-alimentacao\/&amp;layout=standard&amp;show_faces=1&amp;width=450&amp;action=like&amp;colorscheme=light&amp;font=\" scrolling=\"no\" frameborder=\"0\" style=\"border:none; overflow:hidden; width:450px; height:60px\"><\/iframe>","protected":false},"excerpt":{"rendered":"<p>F\u00e9rias chegando e se o seu destino escolhido for \u00e0 pacata Su\u00ed\u00e7a, voc\u00ea n\u00e3o pode deixar de visitar um lugar, que no m\u00ednimo deve ser bem curioso&#8230;.Trata-se do Alimentarium &#8211; Museu da Alimenta\u00e7\u00e3o e a sua tem\u00e1tica e localiza\u00e7\u00e3o n\u00e3o poderiam ser mais apropriadas, uma vez que pertence \u00e0 funda\u00e7\u00e3o [&hellip;]<\/p>\n","protected":false},"author":3,"featured_media":0,"comment_status":"open","ping_status":"open","sticky":false,"template":"","format":"standard","meta":{"footnotes":""},"categories":[39,41],"tags":[1103,1106,1104,1105],"class_list":["post-5158","post","type-post","status-publish","format-standard","hentry","category-gastronomia","category-viagens","tag-alimentarium","tag-lago-leman","tag-suica","tag-vevey"],"_links":{"self":[{"href":"https:\/\/www.girosgourmet.com.br\/index.php\/wp-json\/wp\/v2\/posts\/5158","targetHints":{"allow":["GET"]}}],"collection":[{"href":"https:\/\/www.girosgourmet.com.br\/index.php\/wp-json\/wp\/v2\/posts"}],"about":[{"href":"https:\/\/www.girosgourmet.com.br\/index.php\/wp-json\/wp\/v2\/types\/post"}],"author":[{"embeddable":true,"href":"https:\/\/www.girosgourmet.com.br\/index.php\/wp-json\/wp\/v2\/users\/3"}],"replies":[{"embeddable":true,"href":"https:\/\/www.girosgourmet.com.br\/index.php\/wp-json\/wp\/v2\/comments?post=5158"}],"version-history":[{"count":5,"href":"https:\/\/www.girosgourmet.com.br\/index.php\/wp-json\/wp\/v2\/posts\/5158\/revisions"}],"predecessor-version":[{"id":5168,"href":"https:\/\/www.girosgourmet.com.br\/index.php\/wp-json\/wp\/v2\/posts\/5158\/revisions\/5168"}],"wp:attachment":[{"href":"https:\/\/www.girosgourmet.com.br\/index.php\/wp-json\/wp\/v2\/media?parent=5158"}],"wp:term":[{"taxonomy":"category","embeddable":true,"href":"https:\/\/www.girosgourmet.com.br\/index.php\/wp-json\/wp\/v2\/categories?post=5158"},{"taxonomy":"post_tag","embeddable":true,"href":"https:\/\/www.girosgourmet.com.br\/index.php\/wp-json\/wp\/v2\/tags?post=5158"}],"curies":[{"name":"wp","href":"https:\/\/api.w.org\/{rel}","templated":true}]}}