{"id":5073,"date":"2012-12-03T21:44:11","date_gmt":"2012-12-04T00:44:11","guid":{"rendered":"http:\/\/www.myfashionlife.com.br\/?p=5073"},"modified":"2012-12-03T21:49:19","modified_gmt":"2012-12-04T00:49:19","slug":"mostra-em-paris-explora-a-historia-do-cabelo","status":"publish","type":"post","link":"https:\/\/www.girosgourmet.com.br\/index.php\/mostra-em-paris-explora-a-historia-do-cabelo\/","title":{"rendered":"Mostra em Paris explora a hist\u00f3ria do cabelo"},"content":{"rendered":"<p style=\"text-align: justify;\">Cabelo \u00e9 um assunto que interessa a todos, afinal se trata de um item essencial para a nossa dignidade humana e fundamental na representa\u00e7\u00e3o da pr\u00f3pria beleza&#8230;rs&#8230;e para quem gosta de explorar temas ligados a ele, uma super dica, At\u00e9 o dia 14 de julho de 2013, estar\u00e1 rolando em Paris a mostra \u201c<strong>Cheveux Cheris<\/strong>\u201d (tradu\u00e7\u00e3o livre \u201cQuerido Cabelo\u201d), no<a href=\"http:\/\/www.quaibranly.fr\/\"><strong> museu Quai Branly<\/strong><\/a>.<\/p>\n<p style=\"text-align: center;\"><a href=\"http:\/\/www.myfashionlife.com.br\/wp-content\/uploads\/2012\/12\/cabelo.jpg\"><img loading=\"lazy\" decoding=\"async\" class=\"alignnone size-full wp-image-5075\" title=\"cabelo\" src=\"http:\/\/www.myfashionlife.com.br\/wp-content\/uploads\/2012\/12\/cabelo.jpg\" alt=\"\" width=\"620\" height=\"349\" srcset=\"https:\/\/www.girosgourmet.com.br\/wp-content\/uploads\/2012\/12\/cabelo.jpg 620w, https:\/\/www.girosgourmet.com.br\/wp-content\/uploads\/2012\/12\/cabelo-300x168.jpg 300w, https:\/\/www.girosgourmet.com.br\/wp-content\/uploads\/2012\/12\/cabelo-150x84.jpg 150w\" sizes=\"auto, (max-width: 620px) 100vw, 620px\" \/><\/a><\/p>\n<p style=\"text-align: justify;\">A exposi\u00e7\u00e3o mostra a varia\u00e7\u00e3o de comprimento, cores, e penteados em v\u00e1rias \u00e9pocas. As fotos contam uma hist\u00f3ria que envolve sedu\u00e7\u00e3o, emo\u00e7\u00e3o e castigo. Elas mostram o cabelo como uma ferramenta para comunicar estados como no caso de mulheres que tiveram as cabe\u00e7as raspadas depois da Segunda Guerra Mundial como puni\u00e7\u00e3o por terem se envolvido com alem\u00e3es.Al\u00e9m disso, a exposi\u00e7\u00e3o tamb\u00e9m mostra tamb\u00e9m imagens de cabe\u00e7as com cabelos, reduzidas por tribos ind\u00edgenas do Equador e do Brasil.<\/p>\n<p><a href=\"http:\/\/www.myfashionlife.com.br\/wp-content\/uploads\/2012\/12\/cabelo1.jpg\"><img loading=\"lazy\" decoding=\"async\" class=\"wp-image-5076 aligncenter\" title=\"cabelo1\" src=\"http:\/\/www.myfashionlife.com.br\/wp-content\/uploads\/2012\/12\/cabelo1.jpg\" alt=\"\" width=\"558\" height=\"314\" srcset=\"https:\/\/www.girosgourmet.com.br\/wp-content\/uploads\/2012\/12\/cabelo1.jpg 620w, https:\/\/www.girosgourmet.com.br\/wp-content\/uploads\/2012\/12\/cabelo1-300x168.jpg 300w, https:\/\/www.girosgourmet.com.br\/wp-content\/uploads\/2012\/12\/cabelo1-150x84.jpg 150w\" sizes=\"auto, (max-width: 558px) 100vw, 558px\" \/><\/a><\/p>\n<p style=\"text-align: justify;\">Durante a visita, voc\u00ea tamb\u00e9m poder\u00e1 apreciar quase 300 objetos, entre esculturas, pinturas e cabeleireiras de verdade, escalpes de nativos, acess\u00f3rios e roupas feitas com cabelo humano dos 04 cantos do mundo, bem como v\u00eddeos e filmes.<\/p>\n<p style=\"text-align: justify;\">Para quem estiver na Cidade Luz, este \u00e9 um programinha do tipo \u201cimperd\u00edvel\u201d<\/p>\n<p>&nbsp;<\/p>\n<p>&nbsp;<\/p>\n<iframe src=\"http:\/\/www.facebook.com\/plugins\/like.php?href=https:\/\/www.girosgourmet.com.br\/index.php\/mostra-em-paris-explora-a-historia-do-cabelo\/&amp;layout=standard&amp;show_faces=1&amp;width=450&amp;action=like&amp;colorscheme=light&amp;font=\" scrolling=\"no\" frameborder=\"0\" style=\"border:none; overflow:hidden; width:450px; height:60px\"><\/iframe>","protected":false},"excerpt":{"rendered":"<p>Cabelo \u00e9 um assunto que interessa a todos, afinal se trata de um item essencial para a nossa dignidade humana e fundamental na representa\u00e7\u00e3o da pr\u00f3pria beleza&#8230;rs&#8230;e para quem gosta de explorar temas ligados a ele, uma super dica, At\u00e9 o dia 14 de julho de 2013, estar\u00e1 rolando em [&hellip;]<\/p>\n","protected":false},"author":3,"featured_media":0,"comment_status":"open","ping_status":"open","sticky":false,"template":"","format":"standard","meta":{"footnotes":""},"categories":[40,41],"tags":[1083,1081,26,1082],"class_list":["post-5073","post","type-post","status-publish","format-standard","hentry","category-culturamodabelezabem-estar","category-viagens","tag-cabelo","tag-cheveux-cheris","tag-exposicao","tag-museu-quai-branly"],"_links":{"self":[{"href":"https:\/\/www.girosgourmet.com.br\/index.php\/wp-json\/wp\/v2\/posts\/5073","targetHints":{"allow":["GET"]}}],"collection":[{"href":"https:\/\/www.girosgourmet.com.br\/index.php\/wp-json\/wp\/v2\/posts"}],"about":[{"href":"https:\/\/www.girosgourmet.com.br\/index.php\/wp-json\/wp\/v2\/types\/post"}],"author":[{"embeddable":true,"href":"https:\/\/www.girosgourmet.com.br\/index.php\/wp-json\/wp\/v2\/users\/3"}],"replies":[{"embeddable":true,"href":"https:\/\/www.girosgourmet.com.br\/index.php\/wp-json\/wp\/v2\/comments?post=5073"}],"version-history":[{"count":4,"href":"https:\/\/www.girosgourmet.com.br\/index.php\/wp-json\/wp\/v2\/posts\/5073\/revisions"}],"predecessor-version":[{"id":5079,"href":"https:\/\/www.girosgourmet.com.br\/index.php\/wp-json\/wp\/v2\/posts\/5073\/revisions\/5079"}],"wp:attachment":[{"href":"https:\/\/www.girosgourmet.com.br\/index.php\/wp-json\/wp\/v2\/media?parent=5073"}],"wp:term":[{"taxonomy":"category","embeddable":true,"href":"https:\/\/www.girosgourmet.com.br\/index.php\/wp-json\/wp\/v2\/categories?post=5073"},{"taxonomy":"post_tag","embeddable":true,"href":"https:\/\/www.girosgourmet.com.br\/index.php\/wp-json\/wp\/v2\/tags?post=5073"}],"curies":[{"name":"wp","href":"https:\/\/api.w.org\/{rel}","templated":true}]}}