{"id":4991,"date":"2012-11-22T00:47:06","date_gmt":"2012-11-22T03:47:06","guid":{"rendered":"http:\/\/www.myfashionlife.com.br\/?p=4991"},"modified":"2012-11-21T21:52:13","modified_gmt":"2012-11-22T00:52:13","slug":"5o-edicao-fashion-day-no-rj-apresenta-novas-marcas-e-show-com-a-cantora-luana-calainho","status":"publish","type":"post","link":"https:\/\/www.girosgourmet.com.br\/index.php\/5o-edicao-fashion-day-no-rj-apresenta-novas-marcas-e-show-com-a-cantora-luana-calainho\/","title":{"rendered":"5o Edi\u00e7\u00e3o Fashion Day no RJ apresenta novas marcas e show com a cantora Luana Calainho."},"content":{"rendered":"<p>Quer fazer comprinhas fashionistas de um jeito diferente na Cidade Maravilhosa? Que tal ent\u00e3o fugir do \u201ccorre \u2013 corre\u201d estressante dos shoppings e ir numa casa super charmosa com direito \u00e0 uma linda vista, ao som da cantora <strong>Luana Calainho<\/strong>, que entra em cena com seu repertorio seleto para agradar aos ouvidos mais exigentes.<\/p>\n<p style=\"text-align: center;\"><a href=\"http:\/\/www.myfashionlife.com.br\/wp-content\/uploads\/2012\/11\/fashion-day-1.jpg\"><img loading=\"lazy\" decoding=\"async\" class=\"wp-image-4995 aligncenter\" title=\"fashion day 1\" src=\"http:\/\/www.myfashionlife.com.br\/wp-content\/uploads\/2012\/11\/fashion-day-1-1024x764.jpg\" alt=\"\" width=\"553\" height=\"412\" srcset=\"https:\/\/www.girosgourmet.com.br\/wp-content\/uploads\/2012\/11\/fashion-day-1-1024x764.jpg 1024w, https:\/\/www.girosgourmet.com.br\/wp-content\/uploads\/2012\/11\/fashion-day-1-300x223.jpg 300w, https:\/\/www.girosgourmet.com.br\/wp-content\/uploads\/2012\/11\/fashion-day-1-150x111.jpg 150w, https:\/\/www.girosgourmet.com.br\/wp-content\/uploads\/2012\/11\/fashion-day-1.jpg 2048w\" sizes=\"auto, (max-width: 553px) 100vw, 553px\" \/><\/a><\/p>\n<p>Este evento existe! O <strong>Fashion Day<\/strong>, um dia de compras que envolve arte, moda, musica, decora\u00e7\u00e3o e gastronomia, est\u00e1 indo para sua 5\u00b0 edi\u00e7\u00e3o no pr\u00f3ximo s\u00e1bado, dia 24 de novembro, das 14h \u00e0s 22h.<\/p>\n<p>As marcas presentes nesta edi\u00e7\u00e3o ser\u00e3o: Carol Knudsen, Fl\u00f4re Rio, Cariokinha de Luxo, Ame Bijoux, Kontak, Asia Trend, Atelier F\u00ea Sendra, Favela Hype, Love D. e Hortense Aime\u00e9.<\/p>\n<p><a href=\"http:\/\/www.myfashionlife.com.br\/wp-content\/uploads\/2012\/11\/fashion-day.jpg\"><img loading=\"lazy\" decoding=\"async\" class=\"wp-image-4996 aligncenter\" title=\"fashion day\" src=\"http:\/\/www.myfashionlife.com.br\/wp-content\/uploads\/2012\/11\/fashion-day.jpg\" alt=\"\" width=\"551\" height=\"551\" srcset=\"https:\/\/www.girosgourmet.com.br\/wp-content\/uploads\/2012\/11\/fashion-day.jpg 612w, https:\/\/www.girosgourmet.com.br\/wp-content\/uploads\/2012\/11\/fashion-day-150x150.jpg 150w, https:\/\/www.girosgourmet.com.br\/wp-content\/uploads\/2012\/11\/fashion-day-300x300.jpg 300w\" sizes=\"auto, (max-width: 551px) 100vw, 551px\" \/><\/a><\/p>\n<p>E as novidades n\u00e3o param por ai, como Natal \u00e9 sin\u00f4nimo de solidariedade, o Fashion Day lan\u00e7ou uma Campanha de arrecada\u00e7\u00e3o para crian\u00e7as carentes. Quem levar doa\u00e7\u00f5es como brinquedos e roupas ter\u00e1 10% de desconto no estande do Fashion Bazar.<\/p>\n<p>Servi\u00e7o:<br \/>\nFashion Day- 24\/11<br \/>\nDas 14h \u00e0s 22h<br \/>\nRua Professor Julio Lohman 626, Jo\u00e1- Rio de Janeiro<br \/>\nRSVP: <a href=\"mailto:fashiondaybazar@gmail.com\">fashiondaybazar@gmail.com<\/a><\/p>\n<iframe src=\"http:\/\/www.facebook.com\/plugins\/like.php?href=https:\/\/www.girosgourmet.com.br\/index.php\/5o-edicao-fashion-day-no-rj-apresenta-novas-marcas-e-show-com-a-cantora-luana-calainho\/&amp;layout=standard&amp;show_faces=1&amp;width=450&amp;action=like&amp;colorscheme=light&amp;font=\" scrolling=\"no\" frameborder=\"0\" style=\"border:none; overflow:hidden; width:450px; height:60px\"><\/iframe>","protected":false},"excerpt":{"rendered":"<p>Quer fazer comprinhas fashionistas de um jeito diferente na Cidade Maravilhosa? Que tal ent\u00e3o fugir do \u201ccorre \u2013 corre\u201d estressante dos shoppings e ir numa casa super charmosa com direito \u00e0 uma linda vista, ao som da cantora Luana Calainho, que entra em cena com seu repertorio seleto para agradar [&hellip;]<\/p>\n","protected":false},"author":3,"featured_media":0,"comment_status":"open","ping_status":"open","sticky":false,"template":"","format":"standard","meta":{"footnotes":""},"categories":[41],"tags":[],"class_list":["post-4991","post","type-post","status-publish","format-standard","hentry","category-viagens"],"_links":{"self":[{"href":"https:\/\/www.girosgourmet.com.br\/index.php\/wp-json\/wp\/v2\/posts\/4991","targetHints":{"allow":["GET"]}}],"collection":[{"href":"https:\/\/www.girosgourmet.com.br\/index.php\/wp-json\/wp\/v2\/posts"}],"about":[{"href":"https:\/\/www.girosgourmet.com.br\/index.php\/wp-json\/wp\/v2\/types\/post"}],"author":[{"embeddable":true,"href":"https:\/\/www.girosgourmet.com.br\/index.php\/wp-json\/wp\/v2\/users\/3"}],"replies":[{"embeddable":true,"href":"https:\/\/www.girosgourmet.com.br\/index.php\/wp-json\/wp\/v2\/comments?post=4991"}],"version-history":[{"count":5,"href":"https:\/\/www.girosgourmet.com.br\/index.php\/wp-json\/wp\/v2\/posts\/4991\/revisions"}],"predecessor-version":[{"id":4993,"href":"https:\/\/www.girosgourmet.com.br\/index.php\/wp-json\/wp\/v2\/posts\/4991\/revisions\/4993"}],"wp:attachment":[{"href":"https:\/\/www.girosgourmet.com.br\/index.php\/wp-json\/wp\/v2\/media?parent=4991"}],"wp:term":[{"taxonomy":"category","embeddable":true,"href":"https:\/\/www.girosgourmet.com.br\/index.php\/wp-json\/wp\/v2\/categories?post=4991"},{"taxonomy":"post_tag","embeddable":true,"href":"https:\/\/www.girosgourmet.com.br\/index.php\/wp-json\/wp\/v2\/tags?post=4991"}],"curies":[{"name":"wp","href":"https:\/\/api.w.org\/{rel}","templated":true}]}}