{"id":4907,"date":"2012-10-22T01:03:28","date_gmt":"2012-10-22T04:03:28","guid":{"rendered":"http:\/\/www.myfashionlife.com.br\/?p=4907"},"modified":"2012-10-22T01:05:14","modified_gmt":"2012-10-22T04:05:14","slug":"festival-internacional-de-musicos-de-metro-acontece-esta-semana","status":"publish","type":"post","link":"https:\/\/www.girosgourmet.com.br\/index.php\/festival-internacional-de-musicos-de-metro-acontece-esta-semana\/","title":{"rendered":"Festival Internacional de M\u00fasicos de Metr\u00f4 acontece esta semana!"},"content":{"rendered":"<p style=\"text-align: justify;\">A dica sensacional deste in\u00edcio de semana \u00e9 para a galera que pega o metr\u00f4 paulistano diariamente! A partir de hoje (22) at\u00e9 o dia 28 vai rolar a <strong>2\u00ba edi\u00e7\u00e3o do<\/strong> <strong>Red Bull Sounderground<\/strong>&#8211; Festival Internacional de M\u00fasicos de <strong>Metr\u00f4<\/strong>; ao todo ser\u00e3o 18 buskers vindos de v\u00e1rias partes do mundo; Barcelona, Berlim, Londres, Montreal, Moscou, NY, Paris e claro S\u00e3o Paulo.<\/p>\n<p style=\"text-align: center;\"><a href=\"http:\/\/www.myfashionlife.com.br\/wp-content\/uploads\/2012\/10\/Red1.jpg\"><img loading=\"lazy\" decoding=\"async\" class=\"alignnone size-full wp-image-4910\" title=\"Red\" src=\"http:\/\/www.myfashionlife.com.br\/wp-content\/uploads\/2012\/10\/Red1.jpg\" alt=\"\" width=\"610\" height=\"404\" srcset=\"https:\/\/www.girosgourmet.com.br\/wp-content\/uploads\/2012\/10\/Red1.jpg 610w, https:\/\/www.girosgourmet.com.br\/wp-content\/uploads\/2012\/10\/Red1-300x198.jpg 300w, https:\/\/www.girosgourmet.com.br\/wp-content\/uploads\/2012\/10\/Red1-150x99.jpg 150w\" sizes=\"auto, (max-width: 610px) 100vw, 610px\" \/><\/a><\/p>\n<p style=\"text-align: justify;\">Eles ficar\u00e3o espalhados por 09 esta\u00e7\u00f5es musicais em pontos das linhas azul, verde, amarela e vermelha e s\u00f3 podem usar amplificadores com pot\u00eancia de at\u00e9 60watts ou baterias el\u00e9tricas e n\u00e3o s\u00e3o permitidas bateria e participa\u00e7\u00e3o de DJ. Outra regra do jogo \u00e9 que n\u00e3o pode ser usada nenhuma fonte de energia das esta\u00e7\u00f5es. S\u00f3 podem participar artistas em tr\u00eas forma\u00e7\u00f5es: solo, duo ou trio.<\/p>\n<p style=\"text-align: justify;\">O mais legal de tudo para mim \u00e9 que a gente poder\u00e1 ver violinistas eruditos at\u00e9 forma\u00e7\u00f5es ex\u00f3ticas como o canadense Sweet Meat, que combina violino, violoncelo e cavaco.<\/p>\n<p style=\"text-align: justify;\">E no final o festival ainda ter\u00e1 um show programado ao ar livre na Pra\u00e7a Victor Civita, a partir das 17h, com a presen\u00e7a de todos os m\u00fasicos acompanhados do DJ Daniel Tamempi&#8230;E o melhor tudo isso \u00e9 FREE!<\/p>\n<p style=\"text-align: center;\"><a href=\"http:\/\/www.myfashionlife.com.br\/wp-content\/uploads\/2012\/10\/red1.jpeg\"><img loading=\"lazy\" decoding=\"async\" class=\"alignnone size-full wp-image-4911\" title=\"red1\" src=\"http:\/\/www.myfashionlife.com.br\/wp-content\/uploads\/2012\/10\/red1.jpeg\" alt=\"\" width=\"620\" height=\"445\" srcset=\"https:\/\/www.girosgourmet.com.br\/wp-content\/uploads\/2012\/10\/red1.jpeg 620w, https:\/\/www.girosgourmet.com.br\/wp-content\/uploads\/2012\/10\/red1-300x215.jpeg 300w, https:\/\/www.girosgourmet.com.br\/wp-content\/uploads\/2012\/10\/red1-150x107.jpeg 150w\" sizes=\"auto, (max-width: 620px) 100vw, 620px\" \/><\/a><\/p>\n<p>Quer ver toda a programa\u00e7\u00e3o? <a href=\"http:\/\/www.redbull.com.br\/cs\/userfiles\/file\/Contra(1).jpg\"><strong><span style=\"text-decoration: underline;\">Clica aqui!<\/span><\/strong><\/a><\/p>\n<p style=\"text-align: justify;\">E vale lembrar que todos os dias vai rolar um showzinho aqui no metr\u00f4 ao lado de casa, ou seja grandes chances de nos trombarmos, porque \u00e9 o tipo de evento imperd\u00edvel! Ou seja se eu fosse voc\u00ea?! N\u00e3o perderia jamais! rs<\/p>\n<iframe src=\"http:\/\/www.facebook.com\/plugins\/like.php?href=https:\/\/www.girosgourmet.com.br\/index.php\/festival-internacional-de-musicos-de-metro-acontece-esta-semana\/&amp;layout=standard&amp;show_faces=1&amp;width=450&amp;action=like&amp;colorscheme=light&amp;font=\" scrolling=\"no\" frameborder=\"0\" style=\"border:none; overflow:hidden; width:450px; height:60px\"><\/iframe>","protected":false},"excerpt":{"rendered":"<p>A dica sensacional deste in\u00edcio de semana \u00e9 para a galera que pega o metr\u00f4 paulistano diariamente! A partir de hoje (22) at\u00e9 o dia 28 vai rolar a 2\u00ba edi\u00e7\u00e3o do Red Bull Sounderground&#8211; Festival Internacional de M\u00fasicos de Metr\u00f4; ao todo ser\u00e3o 18 buskers vindos de v\u00e1rias partes [&hellip;]<\/p>\n","protected":false},"author":3,"featured_media":0,"comment_status":"open","ping_status":"open","sticky":false,"template":"","format":"standard","meta":{"footnotes":""},"categories":[40],"tags":[1046],"class_list":["post-4907","post","type-post","status-publish","format-standard","hentry","category-culturamodabelezabem-estar","tag-2o-edicao-do-red-bull-sounderground"],"_links":{"self":[{"href":"https:\/\/www.girosgourmet.com.br\/index.php\/wp-json\/wp\/v2\/posts\/4907","targetHints":{"allow":["GET"]}}],"collection":[{"href":"https:\/\/www.girosgourmet.com.br\/index.php\/wp-json\/wp\/v2\/posts"}],"about":[{"href":"https:\/\/www.girosgourmet.com.br\/index.php\/wp-json\/wp\/v2\/types\/post"}],"author":[{"embeddable":true,"href":"https:\/\/www.girosgourmet.com.br\/index.php\/wp-json\/wp\/v2\/users\/3"}],"replies":[{"embeddable":true,"href":"https:\/\/www.girosgourmet.com.br\/index.php\/wp-json\/wp\/v2\/comments?post=4907"}],"version-history":[{"count":3,"href":"https:\/\/www.girosgourmet.com.br\/index.php\/wp-json\/wp\/v2\/posts\/4907\/revisions"}],"predecessor-version":[{"id":4912,"href":"https:\/\/www.girosgourmet.com.br\/index.php\/wp-json\/wp\/v2\/posts\/4907\/revisions\/4912"}],"wp:attachment":[{"href":"https:\/\/www.girosgourmet.com.br\/index.php\/wp-json\/wp\/v2\/media?parent=4907"}],"wp:term":[{"taxonomy":"category","embeddable":true,"href":"https:\/\/www.girosgourmet.com.br\/index.php\/wp-json\/wp\/v2\/categories?post=4907"},{"taxonomy":"post_tag","embeddable":true,"href":"https:\/\/www.girosgourmet.com.br\/index.php\/wp-json\/wp\/v2\/tags?post=4907"}],"curies":[{"name":"wp","href":"https:\/\/api.w.org\/{rel}","templated":true}]}}