{"id":4869,"date":"2012-10-16T00:07:36","date_gmt":"2012-10-16T03:07:36","guid":{"rendered":"http:\/\/www.myfashionlife.com.br\/?p=4869"},"modified":"2012-10-15T23:05:24","modified_gmt":"2012-10-16T02:05:24","slug":"exposicao-em-paris-comemora-os-60-anos-da-grife-chloe","status":"publish","type":"post","link":"https:\/\/www.girosgourmet.com.br\/index.php\/exposicao-em-paris-comemora-os-60-anos-da-grife-chloe\/","title":{"rendered":"Exposi\u00e7\u00e3o em Paris comemora os 60 anos da grife Chlo\u00e9"},"content":{"rendered":"<p style=\"text-align: justify;\">Ta em Paris? Indo? Ama Moda? \u00c9 f\u00e3 de Alta Costura? Ent\u00e3o voc\u00ea n\u00e3o pode perder a mostra que a Maison francesa <strong>Chlo\u00e9<\/strong> organizou para comemorar seus 60 anos. Os fashionistas poder\u00e3o visita-la at\u00e9 o dia 18 de novembro, no museu <a href=\"http:\/\/www.palaisdetokyo.com\/\"><strong><em>Palais de Tokyo<\/em><\/strong><\/a>, em Paris.<\/p>\n<p><a href=\"http:\/\/www.myfashionlife.com.br\/wp-content\/uploads\/2012\/10\/chloe-expo.jpg\"><img loading=\"lazy\" decoding=\"async\" class=\"wp-image-4872 aligncenter\" title=\"chloe expo\" src=\"http:\/\/www.myfashionlife.com.br\/wp-content\/uploads\/2012\/10\/chloe-expo.jpg\" alt=\"\" width=\"630\" height=\"420\" srcset=\"https:\/\/www.girosgourmet.com.br\/wp-content\/uploads\/2012\/10\/chloe-expo.jpg 700w, https:\/\/www.girosgourmet.com.br\/wp-content\/uploads\/2012\/10\/chloe-expo-300x200.jpg 300w, https:\/\/www.girosgourmet.com.br\/wp-content\/uploads\/2012\/10\/chloe-expo-150x100.jpg 150w\" sizes=\"auto, (max-width: 630px) 100vw, 630px\" \/><\/a><\/p>\n<p style=\"text-align: justify;\">Sob o t\u00edtulo \u201c<strong><em>Chlo\u00e9-Attitudes<\/em><\/strong>\u201d, a mostra foi organizada por <strong>Judith Clark<\/strong> e mostrara os looks mais marcantes da grife, desde sua funda\u00e7\u00e3o, em 1952, at\u00e9 os dias atuais. Por l\u00e1 voc\u00eas encontrar\u00e3o cria\u00e7\u00f5es dos ex-estilistas da marca como G\u00e9rard Pipart, Maxime de La Falaise, Karl Lagerfeld entre outros.<\/p>\n<p style=\"text-align: justify;\">No total est\u00e3o sendo expostos 85 looks, 100 desenhos e 50 fotos de grandes fot\u00f3grafos, como Guy Bourdin, David Bailey e Hermlut Newton.<\/p>\n<div id=\"attachment_4875\" style=\"width: 586px\" class=\"wp-caption aligncenter\"><a href=\"http:\/\/www.myfashionlife.com.br\/wp-content\/uploads\/2012\/10\/Chloe-foto.jpg\"><img loading=\"lazy\" decoding=\"async\" aria-describedby=\"caption-attachment-4875\" class=\" wp-image-4875 \" title=\"Chloe foto\" src=\"http:\/\/www.myfashionlife.com.br\/wp-content\/uploads\/2012\/10\/Chloe-foto.jpg\" alt=\"\" width=\"576\" height=\"453\" srcset=\"https:\/\/www.girosgourmet.com.br\/wp-content\/uploads\/2012\/10\/Chloe-foto.jpg 640w, https:\/\/www.girosgourmet.com.br\/wp-content\/uploads\/2012\/10\/Chloe-foto-300x235.jpg 300w, https:\/\/www.girosgourmet.com.br\/wp-content\/uploads\/2012\/10\/Chloe-foto-150x117.jpg 150w\" sizes=\"auto, (max-width: 576px) 100vw, 576px\" \/><\/a><p id=\"caption-attachment-4875\" class=\"wp-caption-text\">Foto tirada por Guy Bourdin em 1979<\/p><\/div>\n<p style=\"text-align: justify;\">O evento ir\u00e1 inaugurar um ciclo de exposi\u00e7\u00f5es no Palais de Tokyo, parte do projeto <em>Fashion Program<\/em>, e ainda coincidir\u00e1 com o lan\u00e7amento de uma nova plataforma digital, <em>The Alphabet<\/em>, em que os f\u00e3s podem conhecer a hist\u00f3ria da Chlo\u00e9 por meio de termos de A a Z.<\/p>\n<p style=\"text-align: justify;\">E as comemora\u00e7\u00f5es n\u00e3o param por a\u00ed, tamb\u00e9m ser\u00e1 aberta uma nova flagship na badalada Rue Saint-Honor\u00e9, em novembro, al\u00e9m do lan\u00e7amento de uma cole\u00e7\u00e3o c\u00e1psula baseada nas pe\u00e7as mais ic\u00f4nicas da marca e um livro dedicado \u00e0 hist\u00f3ria da Chlo\u00e9.<\/p>\n<p style=\"text-align: justify;\">Apagar velinhas em alt\u00edssimo estilo \u00e9 pra quem pode n\u00e9?! Estando em Paris \u00e9 passeio obrigat\u00f3rio!<\/p>\n<iframe src=\"http:\/\/www.facebook.com\/plugins\/like.php?href=https:\/\/www.girosgourmet.com.br\/index.php\/exposicao-em-paris-comemora-os-60-anos-da-grife-chloe\/&amp;layout=standard&amp;show_faces=1&amp;width=450&amp;action=like&amp;colorscheme=light&amp;font=\" scrolling=\"no\" frameborder=\"0\" style=\"border:none; overflow:hidden; width:450px; height:60px\"><\/iframe>","protected":false},"excerpt":{"rendered":"<p>Ta em Paris? Indo? Ama Moda? \u00c9 f\u00e3 de Alta Costura? Ent\u00e3o voc\u00ea n\u00e3o pode perder a mostra que a Maison francesa Chlo\u00e9 organizou para comemorar seus 60 anos. Os fashionistas poder\u00e3o visita-la at\u00e9 o dia 18 de novembro, no museu Palais de Tokyo, em Paris. Sob o t\u00edtulo \u201cChlo\u00e9-Attitudes\u201d, [&hellip;]<\/p>\n","protected":false},"author":3,"featured_media":0,"comment_status":"open","ping_status":"open","sticky":false,"template":"","format":"standard","meta":{"footnotes":""},"categories":[40,41],"tags":[1038,1039,1040],"class_list":["post-4869","post","type-post","status-publish","format-standard","hentry","category-culturamodabelezabem-estar","category-viagens","tag-chloe","tag-judith-clark","tag-palais-de-tokyo"],"_links":{"self":[{"href":"https:\/\/www.girosgourmet.com.br\/index.php\/wp-json\/wp\/v2\/posts\/4869","targetHints":{"allow":["GET"]}}],"collection":[{"href":"https:\/\/www.girosgourmet.com.br\/index.php\/wp-json\/wp\/v2\/posts"}],"about":[{"href":"https:\/\/www.girosgourmet.com.br\/index.php\/wp-json\/wp\/v2\/types\/post"}],"author":[{"embeddable":true,"href":"https:\/\/www.girosgourmet.com.br\/index.php\/wp-json\/wp\/v2\/users\/3"}],"replies":[{"embeddable":true,"href":"https:\/\/www.girosgourmet.com.br\/index.php\/wp-json\/wp\/v2\/comments?post=4869"}],"version-history":[{"count":5,"href":"https:\/\/www.girosgourmet.com.br\/index.php\/wp-json\/wp\/v2\/posts\/4869\/revisions"}],"predecessor-version":[{"id":4873,"href":"https:\/\/www.girosgourmet.com.br\/index.php\/wp-json\/wp\/v2\/posts\/4869\/revisions\/4873"}],"wp:attachment":[{"href":"https:\/\/www.girosgourmet.com.br\/index.php\/wp-json\/wp\/v2\/media?parent=4869"}],"wp:term":[{"taxonomy":"category","embeddable":true,"href":"https:\/\/www.girosgourmet.com.br\/index.php\/wp-json\/wp\/v2\/categories?post=4869"},{"taxonomy":"post_tag","embeddable":true,"href":"https:\/\/www.girosgourmet.com.br\/index.php\/wp-json\/wp\/v2\/tags?post=4869"}],"curies":[{"name":"wp","href":"https:\/\/api.w.org\/{rel}","templated":true}]}}