{"id":4818,"date":"2012-10-09T00:14:44","date_gmt":"2012-10-09T03:14:44","guid":{"rendered":"http:\/\/www.myfashionlife.com.br\/?p=4818"},"modified":"2012-10-08T19:20:20","modified_gmt":"2012-10-08T22:20:20","slug":"curso-de-ferias-sobre-moda-de-luxo-na-italia","status":"publish","type":"post","link":"https:\/\/www.girosgourmet.com.br\/index.php\/curso-de-ferias-sobre-moda-de-luxo-na-italia\/","title":{"rendered":"Curso de f\u00e9rias em Moda de Luxo na It\u00e1lia!"},"content":{"rendered":"<p>E mais um motivo para se visitar a terra de Michelangelo, em 2013&#8230;rs&#8230;O <strong>Centro Universit\u00e1rio Belas Artes de S\u00e3o Paulo <\/strong>abriu inscri\u00e7\u00f5es para o curso de f\u00e9rias em <strong>Moda de Luxo<\/strong> (Luxury Fashion), que acontecer\u00e1 entre os dias 6\/1 e 26\/1 do pr\u00f3ximo ano em Floren\u00e7a, na It\u00e1lia.<\/p>\n<p>Ministrado pela <strong>\u2018School of Fashion and Accessory Studies and Technology\u2019<\/strong>, ligada \u00e0 \u2018<strong>Florence University of Arts\u2019<\/strong>, o curso proporciona aos alunos conhecimentos sobre gest\u00e3o em moda de luxo, com foco nas marcas italianas e mais especificamente nas grifes de Floren\u00e7a, como Pucci, Giorgini, Fendi, Gucci e Ferragamo.<\/p>\n<p><a href=\"http:\/\/www.myfashionlife.com.br\/wp-content\/uploads\/2012\/10\/italia2.jpg\"><img loading=\"lazy\" decoding=\"async\" class=\"wp-image-4821 aligncenter\" title=\"italia2\" src=\"http:\/\/www.myfashionlife.com.br\/wp-content\/uploads\/2012\/10\/italia2.jpg\" alt=\"\" width=\"600\" height=\"302\" srcset=\"https:\/\/www.girosgourmet.com.br\/wp-content\/uploads\/2012\/10\/italia2.jpg 750w, https:\/\/www.girosgourmet.com.br\/wp-content\/uploads\/2012\/10\/italia2-300x151.jpg 300w, https:\/\/www.girosgourmet.com.br\/wp-content\/uploads\/2012\/10\/italia2-150x75.jpg 150w\" sizes=\"auto, (max-width: 600px) 100vw, 600px\" \/><\/a><\/p>\n<p>Durante o curso s\u00e3o apresentadas estrat\u00e9gias relacionadas com a introdu\u00e7\u00e3o e a promo\u00e7\u00e3o das marcas, com temas como o \u201cDesenvolvimento de novos produtos\u201d, \u201cMarketing\u201d, \u201cGest\u00e3o de Marcas\u201d e \u201cComunica\u00e7\u00e3o Estrat\u00e9gica\u201d, entre outros conceitos fundamentais para o sucesso da moda de luxo no mercado de hoje.<\/p>\n<p>As palestras ser\u00e3o complementadas por visitas a est\u00fadios de design, laborat\u00f3rios e lojas de varejo. Tamb\u00e9m est\u00e3o programadas visitas t\u00e9cnicas durante os finais de semana a localidades como o \u2018The Mall Outlet\u2019, no interior da Toscana, \u00e0 cidade de Como, para o estudo da tradicional produ\u00e7\u00e3o da seda local e acesso ao \u2018Museo Didattico dela Seta\u2019, e \u00e0 Mil\u00e3o, com passagem pelas tradicionais ruas do com\u00e9rcio de luxo da cidade \u2013 Via Montenapoleone, Via Manzoni e Via Senato.<\/p>\n<p><a href=\"http:\/\/www.myfashionlife.com.br\/wp-content\/uploads\/2012\/10\/italia.jpg\"><img loading=\"lazy\" decoding=\"async\" class=\"wp-image-4822 aligncenter\" title=\"italia\" src=\"http:\/\/www.myfashionlife.com.br\/wp-content\/uploads\/2012\/10\/italia.jpg\" alt=\"\" width=\"576\" height=\"384\" srcset=\"https:\/\/www.girosgourmet.com.br\/wp-content\/uploads\/2012\/10\/italia.jpg 720w, https:\/\/www.girosgourmet.com.br\/wp-content\/uploads\/2012\/10\/italia-300x200.jpg 300w, https:\/\/www.girosgourmet.com.br\/wp-content\/uploads\/2012\/10\/italia-150x100.jpg 150w\" sizes=\"auto, (max-width: 576px) 100vw, 576px\" \/><\/a><\/p>\n<p>As aulas s\u00e3o ministradas em ingl\u00eas, portanto os alunos devem ter conhecimento de ingl\u00eas em n\u00edvel intermedi\u00e1rio, no m\u00ednimo, para poder acompanhar e assimilar as aulas ministradas.<\/p>\n<p>Os interessados devem se preencher a ficha de inscri\u00e7\u00e3o dispon\u00edvel pelo link (<a href=\"http:\/\/www.belasartes.br\/international\/downloads\/ficha-de-inscricao-dvpi.pdf\">www.belasartes.br\/international\/downloads\/ficha-de-inscricao-dvpi.pdf<\/a>), e entreg\u00e1-la impressa e assinada na Central de Relacionamento da institui\u00e7\u00e3o.<\/p>\n<p><strong>Servi\u00e7o<\/strong><\/p>\n<p>International Office \u2013 Centro Universit\u00e1rio Belas Artes<br \/>\nRua Dr. \u00c1lvaro Alvim, 90 \u2013 Vila Mariana<br \/>\nUnidade 2 \u2013 Cobertura<br \/>\nE-mail: internationaloffice@belasartes.br<br \/>\nTelefone: (11) 5576-7171 ou 5576-7158<\/p>\n<iframe src=\"http:\/\/www.facebook.com\/plugins\/like.php?href=https:\/\/www.girosgourmet.com.br\/index.php\/curso-de-ferias-sobre-moda-de-luxo-na-italia\/&amp;layout=standard&amp;show_faces=1&amp;width=450&amp;action=like&amp;colorscheme=light&amp;font=\" scrolling=\"no\" frameborder=\"0\" style=\"border:none; overflow:hidden; width:450px; height:60px\"><\/iframe>","protected":false},"excerpt":{"rendered":"<p>E mais um motivo para se visitar a terra de Michelangelo, em 2013&#8230;rs&#8230;O Centro Universit\u00e1rio Belas Artes de S\u00e3o Paulo abriu inscri\u00e7\u00f5es para o curso de f\u00e9rias em Moda de Luxo (Luxury Fashion), que acontecer\u00e1 entre os dias 6\/1 e 26\/1 do pr\u00f3ximo ano em Floren\u00e7a, na It\u00e1lia. Ministrado pela [&hellip;]<\/p>\n","protected":false},"author":3,"featured_media":0,"comment_status":"open","ping_status":"open","sticky":false,"template":"","format":"standard","meta":{"footnotes":""},"categories":[41],"tags":[1028,1029,1027],"class_list":["post-4818","post","type-post","status-publish","format-standard","hentry","category-viagens","tag-centro-universitario-belas-artes-de-sao-paulo","tag-florence-university-of-arts","tag-school-of-fashion-and-accessory-studies-and-technology"],"_links":{"self":[{"href":"https:\/\/www.girosgourmet.com.br\/index.php\/wp-json\/wp\/v2\/posts\/4818","targetHints":{"allow":["GET"]}}],"collection":[{"href":"https:\/\/www.girosgourmet.com.br\/index.php\/wp-json\/wp\/v2\/posts"}],"about":[{"href":"https:\/\/www.girosgourmet.com.br\/index.php\/wp-json\/wp\/v2\/types\/post"}],"author":[{"embeddable":true,"href":"https:\/\/www.girosgourmet.com.br\/index.php\/wp-json\/wp\/v2\/users\/3"}],"replies":[{"embeddable":true,"href":"https:\/\/www.girosgourmet.com.br\/index.php\/wp-json\/wp\/v2\/comments?post=4818"}],"version-history":[{"count":4,"href":"https:\/\/www.girosgourmet.com.br\/index.php\/wp-json\/wp\/v2\/posts\/4818\/revisions"}],"predecessor-version":[{"id":4820,"href":"https:\/\/www.girosgourmet.com.br\/index.php\/wp-json\/wp\/v2\/posts\/4818\/revisions\/4820"}],"wp:attachment":[{"href":"https:\/\/www.girosgourmet.com.br\/index.php\/wp-json\/wp\/v2\/media?parent=4818"}],"wp:term":[{"taxonomy":"category","embeddable":true,"href":"https:\/\/www.girosgourmet.com.br\/index.php\/wp-json\/wp\/v2\/categories?post=4818"},{"taxonomy":"post_tag","embeddable":true,"href":"https:\/\/www.girosgourmet.com.br\/index.php\/wp-json\/wp\/v2\/tags?post=4818"}],"curies":[{"name":"wp","href":"https:\/\/api.w.org\/{rel}","templated":true}]}}