{"id":4754,"date":"2012-10-02T00:01:46","date_gmt":"2012-10-02T03:01:46","guid":{"rendered":"http:\/\/www.myfashionlife.com.br\/?p=4754"},"modified":"2012-10-02T00:41:19","modified_gmt":"2012-10-02T03:41:19","slug":"praia-do-rosa-charme-e-natureza","status":"publish","type":"post","link":"https:\/\/www.girosgourmet.com.br\/index.php\/praia-do-rosa-charme-e-natureza\/","title":{"rendered":"Praia do Rosa: Charme e natureza!"},"content":{"rendered":"<p style=\"text-align: justify;\">Estive m\u00eas passado em um lugarzinho muito charmoso e que merece ser visitado em algum momento de nossa exist\u00eancia! To falando da <strong>Praia do Rosa<\/strong>, em Santa Catarina&#8230;Este para\u00edso que est\u00e1 localizado h\u00e1 100km de Floripa, e \u00e9 considerado uma das 30 ba\u00edas mais belas do mundo, porque mistura lugares charmosos, beleza agreste e o melhor de tudo, aqui voc\u00ea n\u00e3o precisara usar meia fina e salto alto&#8230;rs..<\/p>\n<p style=\"text-align: center;\"><a href=\"http:\/\/www.myfashionlife.com.br\/wp-content\/uploads\/2012\/10\/MG_5243.jpg\"><img loading=\"lazy\" decoding=\"async\" class=\"size-large wp-image-4756 aligncenter\" title=\"_MG_5243\" src=\"http:\/\/www.myfashionlife.com.br\/wp-content\/uploads\/2012\/10\/MG_5243-1024x682.jpg\" alt=\"\" width=\"581\" height=\"386\" srcset=\"https:\/\/www.girosgourmet.com.br\/wp-content\/uploads\/2012\/10\/MG_5243-1024x682.jpg 1024w, https:\/\/www.girosgourmet.com.br\/wp-content\/uploads\/2012\/10\/MG_5243-300x200.jpg 300w, https:\/\/www.girosgourmet.com.br\/wp-content\/uploads\/2012\/10\/MG_5243-150x100.jpg 150w, https:\/\/www.girosgourmet.com.br\/wp-content\/uploads\/2012\/10\/MG_5243.jpg 1134w\" sizes=\"auto, (max-width: 581px) 100vw, 581px\" \/><\/a><\/p>\n<p style=\"text-align: justify;\">De junho at\u00e9 novembro, a Praia do Rosa \u00e9 um lugar meio faroeste, onde s\u00f3 encontrar\u00e3o gente mais sossegada, que est\u00e3o fugindo do agito&#8230;.surfistas de todos os lugares do mundo e o principal a presen\u00e7a das <strong>Baleias Francas<\/strong>, que s\u00e3o umas verdadeiras fofuras! E uma novidade neste ano foi visto um numero recorde de baleias (ao todo 108), segundo monitoramento do <strong>Projeto Baleia Franca. <\/strong>Elas fogem do inverno da Ant\u00e1rtida e buscam o litoral catarinense para dar \u00e0 luz e alimentar seus filhotes. \u00c9 muito f\u00e1cil avista-las, pois elas ficam bem coladinhas na costa..mas se voc\u00ea deseja v\u00ea-las de pertinho existe um passeio que fizemos, que dura cerca de tr\u00eas horas e tem o ponto de partida definido a cada manh\u00e3, pois depende de onde h\u00e1 maior concentra\u00e7\u00e3o de baleias.<\/p>\n<p style=\"text-align: center;\"><a href=\"http:\/\/www.myfashionlife.com.br\/wp-content\/uploads\/2012\/10\/baleia.jpg\"><img loading=\"lazy\" decoding=\"async\" class=\"size-full wp-image-4758 aligncenter\" title=\"baleia\" src=\"http:\/\/www.myfashionlife.com.br\/wp-content\/uploads\/2012\/10\/baleia.jpg\" alt=\"\" width=\"600\" height=\"400\" srcset=\"https:\/\/www.girosgourmet.com.br\/wp-content\/uploads\/2012\/10\/baleia.jpg 857w, https:\/\/www.girosgourmet.com.br\/wp-content\/uploads\/2012\/10\/baleia-300x199.jpg 300w, https:\/\/www.girosgourmet.com.br\/wp-content\/uploads\/2012\/10\/baleia-150x99.jpg 150w\" sizes=\"auto, (max-width: 600px) 100vw, 600px\" \/><\/a><\/p>\n<p style=\"text-align: justify;\">E as atra\u00e7\u00f5es do Rosa na Temporada da Baleia Franca v\u00e3o al\u00e9m-mar. Fora o turismo de <em>whale watching<\/em>, em terra os visitantes desfrutam de passeios a cavalo, trilhas ecol\u00f3gicas e hospedagens aconchegantes e charmosas, que em nada deixam a dever para a hotelaria t\u00edpica de destinos de serra. A oferta variada de pousadas contempla todos os gostos e bolsos.<\/p>\n<p style=\"text-align: center;\"><a href=\"http:\/\/www.myfashionlife.com.br\/wp-content\/uploads\/2012\/10\/MG_5191.jpg\"><img loading=\"lazy\" decoding=\"async\" class=\"size-large wp-image-4759 aligncenter\" title=\"_MG_5191\" src=\"http:\/\/www.myfashionlife.com.br\/wp-content\/uploads\/2012\/10\/MG_5191-1024x682.jpg\" alt=\"\" width=\"614\" height=\"409\" srcset=\"https:\/\/www.girosgourmet.com.br\/wp-content\/uploads\/2012\/10\/MG_5191-1024x682.jpg 1024w, https:\/\/www.girosgourmet.com.br\/wp-content\/uploads\/2012\/10\/MG_5191-300x200.jpg 300w, https:\/\/www.girosgourmet.com.br\/wp-content\/uploads\/2012\/10\/MG_5191-150x100.jpg 150w, https:\/\/www.girosgourmet.com.br\/wp-content\/uploads\/2012\/10\/MG_5191.jpg 1134w\" sizes=\"auto, (max-width: 614px) 100vw, 614px\" \/><\/a><\/p>\n<p style=\"text-align: justify;\">Mas o destaque vai para o <strong>Solar Mirador<\/strong> do querid\u00edssimo casal Suzana e Roberto; por l\u00e1 passei momentos de muita paz, com luxos sem excessos, servi\u00e7o impec\u00e1vel e ainda tinha a oportunidade de desfrutar todas as noites, uma das vistas mais fascinantes que meus olhos j\u00e1 presenciaram e s\u00f3 para triplicar a fascina\u00e7\u00e3o est\u00e1vamos em semana de Lua Cheia&#8230;Ul\u00e1l\u00e1&#8230;.bem este ser\u00e1 o lugar que me casarei um dia! Achei o lugar, agora s\u00f3 falta achar o pretendente&#8230;.hahahaha!<\/p>\n<p style=\"text-align: center;\"><a href=\"http:\/\/www.myfashionlife.com.br\/wp-content\/uploads\/2012\/10\/MG_5210x.jpg\"><img loading=\"lazy\" decoding=\"async\" class=\"size-large wp-image-4760 aligncenter\" title=\"_MG_5210x\" src=\"http:\/\/www.myfashionlife.com.br\/wp-content\/uploads\/2012\/10\/MG_5210x-1024x682.jpg\" alt=\"\" width=\"614\" height=\"409\" srcset=\"https:\/\/www.girosgourmet.com.br\/wp-content\/uploads\/2012\/10\/MG_5210x-1024x682.jpg 1024w, https:\/\/www.girosgourmet.com.br\/wp-content\/uploads\/2012\/10\/MG_5210x-300x200.jpg 300w, https:\/\/www.girosgourmet.com.br\/wp-content\/uploads\/2012\/10\/MG_5210x-150x100.jpg 150w, https:\/\/www.girosgourmet.com.br\/wp-content\/uploads\/2012\/10\/MG_5210x.jpg 1134w\" sizes=\"auto, (max-width: 614px) 100vw, 614px\" \/><\/a><\/p>\n<p style=\"text-align: justify;\">Agora vamos para a melhor parte de uma viagem, ao menos para mim, a gastronomia! E j\u00e1 garanto a voc\u00eas, a da Praia do Rosa n\u00e3o decepciona! S\u00e3o v\u00e1rias op\u00e7\u00f5es, cada uma com suas caracter\u00edsticas e sabores refinados e todas com o mesmo objetivo; tornar-nos mais um apaixonado por este lugar m\u00e1gico! Rs<\/p>\n<p style=\"text-align: center;\"><a href=\"http:\/\/www.myfashionlife.com.br\/wp-content\/uploads\/2012\/10\/MG_5297.jpg\"><img loading=\"lazy\" decoding=\"async\" class=\"size-large wp-image-4761 aligncenter\" title=\"_MG_5297\" src=\"http:\/\/www.myfashionlife.com.br\/wp-content\/uploads\/2012\/10\/MG_5297-1024x682.jpg\" alt=\"\" width=\"614\" height=\"409\" srcset=\"https:\/\/www.girosgourmet.com.br\/wp-content\/uploads\/2012\/10\/MG_5297-1024x682.jpg 1024w, https:\/\/www.girosgourmet.com.br\/wp-content\/uploads\/2012\/10\/MG_5297-300x200.jpg 300w, https:\/\/www.girosgourmet.com.br\/wp-content\/uploads\/2012\/10\/MG_5297-150x100.jpg 150w, https:\/\/www.girosgourmet.com.br\/wp-content\/uploads\/2012\/10\/MG_5297.jpg 1134w\" sizes=\"auto, (max-width: 614px) 100vw, 614px\" \/><\/a><\/p>\n<p style=\"text-align: justify;\">N\u00e3o deixem de visitar dois lugares que mexeram com a minha cabe\u00e7a; O <strong>Lua Marinha<\/strong>, da chef <strong>Tais Maradas<\/strong>, que possui uma culin\u00e1ria ex\u00f3tica e uma constru\u00e7\u00e3o rixa em detalhes. Destaque para seu <strong>Camar\u00e3o ao Coco com arroz cremoso de lim\u00e3o.<\/strong><\/p>\n<p style=\"text-align: center;\"><strong><a href=\"http:\/\/www.myfashionlife.com.br\/wp-content\/uploads\/2012\/10\/MG_5280.jpg\"><img loading=\"lazy\" decoding=\"async\" class=\"size-large wp-image-4762 aligncenter\" title=\"_MG_5280\" src=\"http:\/\/www.myfashionlife.com.br\/wp-content\/uploads\/2012\/10\/MG_5280-1024x682.jpg\" alt=\"\" width=\"614\" height=\"409\" srcset=\"https:\/\/www.girosgourmet.com.br\/wp-content\/uploads\/2012\/10\/MG_5280-1024x682.jpg 1024w, https:\/\/www.girosgourmet.com.br\/wp-content\/uploads\/2012\/10\/MG_5280-300x200.jpg 300w, https:\/\/www.girosgourmet.com.br\/wp-content\/uploads\/2012\/10\/MG_5280-150x100.jpg 150w, https:\/\/www.girosgourmet.com.br\/wp-content\/uploads\/2012\/10\/MG_5280.jpg 1134w\" sizes=\"auto, (max-width: 614px) 100vw, 614px\" \/><\/a><\/strong><\/p>\n<p>Outro lugarzinho imperd\u00edvel \u00e9 o italian\u00edssimo <strong>Sapore di Pasta<\/strong>, comandado pela Chef <strong>R\u00f4 Reis<\/strong>. Al\u00e9m de pratos que mais parecem obras de arte, o lugar \u00e9 super-rom\u00e2ntico! E n\u00e3o deixem de provar <em><strong>Spaghetti na S\u00e9pia de Nero<\/strong><\/em>: massa artesanal com lascas de salm\u00e3o puxadas na redu\u00e7\u00e3o de laranja\u00a0.<\/p>\n<p style=\"text-align: center;\"><a href=\"http:\/\/www.myfashionlife.com.br\/wp-content\/uploads\/2012\/10\/MG_5402x.jpg\"><img loading=\"lazy\" decoding=\"async\" class=\"size-large wp-image-4763 aligncenter\" title=\"_MG_5402x\" src=\"http:\/\/www.myfashionlife.com.br\/wp-content\/uploads\/2012\/10\/MG_5402x-1024x682.jpg\" alt=\"\" width=\"645\" height=\"429\" srcset=\"https:\/\/www.girosgourmet.com.br\/wp-content\/uploads\/2012\/10\/MG_5402x-1024x682.jpg 1024w, https:\/\/www.girosgourmet.com.br\/wp-content\/uploads\/2012\/10\/MG_5402x-300x200.jpg 300w, https:\/\/www.girosgourmet.com.br\/wp-content\/uploads\/2012\/10\/MG_5402x-150x100.jpg 150w, https:\/\/www.girosgourmet.com.br\/wp-content\/uploads\/2012\/10\/MG_5402x.jpg 1134w\" sizes=\"auto, (max-width: 645px) 100vw, 645px\" \/><\/a><\/p>\n<p style=\"text-align: justify;\">Enfim quer um para\u00edso pra fugir com seu amor, saborear o sutil equil\u00edbrio entre natureza e vida contempor\u00e2nea, ent\u00e3o n\u00e3o deixe de ir a Praia do Rosa, um pequeno peda\u00e7o do para\u00edso no mundo! E para nossa sorte est\u00e1 apenas h\u00e1 um voo longe daqui!rs&#8230; Eu voltarei com toda a certeza do mundo!<\/p>\n<p style=\"text-align: center;\"><a href=\"http:\/\/www.myfashionlife.com.br\/wp-content\/uploads\/2012\/10\/Urucum.jpg\"><img loading=\"lazy\" decoding=\"async\" class=\"size-full wp-image-4764 aligncenter\" title=\"Urucum\" src=\"http:\/\/www.myfashionlife.com.br\/wp-content\/uploads\/2012\/10\/Urucum.jpg\" alt=\"\" width=\"672\" height=\"672\" srcset=\"https:\/\/www.girosgourmet.com.br\/wp-content\/uploads\/2012\/10\/Urucum.jpg 960w, https:\/\/www.girosgourmet.com.br\/wp-content\/uploads\/2012\/10\/Urucum-150x150.jpg 150w, https:\/\/www.girosgourmet.com.br\/wp-content\/uploads\/2012\/10\/Urucum-300x300.jpg 300w\" sizes=\"auto, (max-width: 672px) 100vw, 672px\" \/><\/a><\/p>\n<p><strong>Servi\u00e7o<\/strong><\/p>\n<p><strong>Instituto Baleia Franca<\/strong><br \/>\n<a href=\"http:\/\/www.baleiafranca.org\/\">www.baleiafranca.org<\/a><\/p>\n<p><strong>Projeto Baleia Franca<\/strong><br \/>\n<a href=\"http:\/\/www.baleiafranca.org.br\/\">www.baleiafranca.org.br<\/a><\/p>\n<p><strong>Solar Mirador<\/strong><br \/>\nAvenida Porto Novo, defronte ao Caminho do Rei<br \/>\nTel: (48)- 33556144<strong><span style=\"text-decoration: underline;\"><br \/>\n<\/span><\/strong><a href=\"http:\/\/www.solarmirador.com.br\/\"><strong>www.solarmirador.com.br<\/strong><\/a><\/p>\n<p><strong>Lua Marinha<\/strong><span style=\"text-decoration: underline;\"><br \/>\n<\/span>Estrada Geral de Ibiraquera, s\/n<br \/>\nTel: (48)- 3354-0613<br \/>\n<a href=\"http:\/\/www.luamarinha.com.br\/\">www.luamarinha.com.br<\/a><\/p>\n<p><strong>Sapore Di Pasta<\/strong><span style=\"text-decoration: underline;\"><br \/>\n<\/span>Inicio do Caminho do Rei \u2013 Praia do Rosa<br \/>\nTel: (48)- 3355-6100<br \/>\n<a href=\"http:\/\/www.pousadabougainville.com.br\/\">www.pousadabougainville.com.br<\/a><\/p>\n<p>Cr\u00e9ditos Imagens: Roberto Salgado<\/p>\n<iframe src=\"http:\/\/www.facebook.com\/plugins\/like.php?href=https:\/\/www.girosgourmet.com.br\/index.php\/praia-do-rosa-charme-e-natureza\/&amp;layout=standard&amp;show_faces=1&amp;width=450&amp;action=like&amp;colorscheme=light&amp;font=\" scrolling=\"no\" frameborder=\"0\" style=\"border:none; overflow:hidden; width:450px; height:60px\"><\/iframe>","protected":false},"excerpt":{"rendered":"<p>Estive m\u00eas passado em um lugarzinho muito charmoso e que merece ser visitado em algum momento de nossa exist\u00eancia! To falando da Praia do Rosa, em Santa Catarina&#8230;Este para\u00edso que est\u00e1 localizado h\u00e1 100km de Floripa, e \u00e9 considerado uma das 30 ba\u00edas mais belas do mundo, porque mistura lugares [&hellip;]<\/p>\n","protected":false},"author":3,"featured_media":0,"comment_status":"open","ping_status":"open","sticky":false,"template":"","format":"standard","meta":{"footnotes":""},"categories":[41],"tags":[1016,1014,1013,1012,1015],"class_list":["post-4754","post","type-post","status-publish","format-standard","hentry","category-viagens","tag-baleias-francas","tag-lua-marinha","tag-praia-do-rosa","tag-sapore-di-pasta","tag-solar-mirador"],"_links":{"self":[{"href":"https:\/\/www.girosgourmet.com.br\/index.php\/wp-json\/wp\/v2\/posts\/4754","targetHints":{"allow":["GET"]}}],"collection":[{"href":"https:\/\/www.girosgourmet.com.br\/index.php\/wp-json\/wp\/v2\/posts"}],"about":[{"href":"https:\/\/www.girosgourmet.com.br\/index.php\/wp-json\/wp\/v2\/types\/post"}],"author":[{"embeddable":true,"href":"https:\/\/www.girosgourmet.com.br\/index.php\/wp-json\/wp\/v2\/users\/3"}],"replies":[{"embeddable":true,"href":"https:\/\/www.girosgourmet.com.br\/index.php\/wp-json\/wp\/v2\/comments?post=4754"}],"version-history":[{"count":5,"href":"https:\/\/www.girosgourmet.com.br\/index.php\/wp-json\/wp\/v2\/posts\/4754\/revisions"}],"predecessor-version":[{"id":4757,"href":"https:\/\/www.girosgourmet.com.br\/index.php\/wp-json\/wp\/v2\/posts\/4754\/revisions\/4757"}],"wp:attachment":[{"href":"https:\/\/www.girosgourmet.com.br\/index.php\/wp-json\/wp\/v2\/media?parent=4754"}],"wp:term":[{"taxonomy":"category","embeddable":true,"href":"https:\/\/www.girosgourmet.com.br\/index.php\/wp-json\/wp\/v2\/categories?post=4754"},{"taxonomy":"post_tag","embeddable":true,"href":"https:\/\/www.girosgourmet.com.br\/index.php\/wp-json\/wp\/v2\/tags?post=4754"}],"curies":[{"name":"wp","href":"https:\/\/api.w.org\/{rel}","templated":true}]}}