{"id":4743,"date":"2012-10-01T00:01:04","date_gmt":"2012-10-01T03:01:04","guid":{"rendered":"http:\/\/www.myfashionlife.com.br\/?p=4743"},"modified":"2012-09-30T23:40:06","modified_gmt":"2012-10-01T02:40:06","slug":"dica-gastronomica-da-semana-italianissimo-emiglia","status":"publish","type":"post","link":"https:\/\/www.girosgourmet.com.br\/index.php\/dica-gastronomica-da-semana-italianissimo-emiglia\/","title":{"rendered":"Dica gastron\u00f4mica da semana: Italianissimo Emiglia"},"content":{"rendered":"<p style=\"text-align: justify;\">Mais um lugarzinho charmoso na Paulic\u00e9ia Desvairada&#8230;O\u00a0<strong>Emiglia, da Bere e Spizzicare.<\/strong> O lugar que est\u00e1 localizado em uma simp\u00e1tica esquina do bairro de Pinheiros, inspira comensais que queiram se reunir entre amigos para bebericar drinks sem pressa e beliscar pizzas e del\u00edcias da culin\u00e1ria italiana.<\/p>\n<p style=\"text-align: center;\"><a href=\"http:\/\/www.myfashionlife.com.br\/wp-content\/uploads\/2012\/09\/Emiglia-ambiente.png\"><img loading=\"lazy\" decoding=\"async\" class=\"size-full wp-image-4745 aligncenter\" title=\"Emiglia ambiente\" src=\"http:\/\/www.myfashionlife.com.br\/wp-content\/uploads\/2012\/09\/Emiglia-ambiente.png\" alt=\"\" width=\"601\" height=\"403\" srcset=\"https:\/\/www.girosgourmet.com.br\/wp-content\/uploads\/2012\/09\/Emiglia-ambiente.png 859w, https:\/\/www.girosgourmet.com.br\/wp-content\/uploads\/2012\/09\/Emiglia-ambiente-300x200.png 300w, https:\/\/www.girosgourmet.com.br\/wp-content\/uploads\/2012\/09\/Emiglia-ambiente-150x100.png 150w\" sizes=\"auto, (max-width: 601px) 100vw, 601px\" \/><\/a><\/p>\n<p style=\"text-align: justify;\">O card\u00e1pio foi inspirado nas experi\u00eancias gastron\u00f4micas do <strong>chef Dalton Rangel <\/strong>na regi\u00e3o norte da It\u00e1lia. O resultado \u00e9 um menu diversificado e vibrante, com v\u00e1rias releituras surpreendentes.<\/p>\n<p style=\"text-align: justify;\">Iniciamos a nossa degusta\u00e7\u00e3o com o\u00a0<em>hit <\/em>da casa, a\u00a0<strong>Burrata Fresca <\/strong>(R$38,00),<strong> <\/strong>servida com tomate\u00a0<em>sweet grape<\/em> e pesto<strong>. <\/strong>Vale experimentar este queijo fresco italiano, similar \u00e0 mozarela, porque al\u00e9m de ser bastante saboroso, ele possui um gosto sutilmente amanteigado, e sua textura macia, quase cremosa, \u00e9 do tipo que todos gostar\u00e3o de sentir na boca.<\/p>\n<p style=\"text-align: center;\"><a href=\"http:\/\/www.myfashionlife.com.br\/wp-content\/uploads\/2012\/09\/Emiglia-Burrata.png\"><img loading=\"lazy\" decoding=\"async\" class=\"size-full wp-image-4746 aligncenter\" title=\"Emiglia Burrata\" src=\"http:\/\/www.myfashionlife.com.br\/wp-content\/uploads\/2012\/09\/Emiglia-Burrata.png\" alt=\"\" width=\"601\" height=\"400\" srcset=\"https:\/\/www.girosgourmet.com.br\/wp-content\/uploads\/2012\/09\/Emiglia-Burrata.png 859w, https:\/\/www.girosgourmet.com.br\/wp-content\/uploads\/2012\/09\/Emiglia-Burrata-300x199.png 300w, https:\/\/www.girosgourmet.com.br\/wp-content\/uploads\/2012\/09\/Emiglia-Burrata-150x99.png 150w\" sizes=\"auto, (max-width: 601px) 100vw, 601px\" \/><\/a><\/p>\n<p style=\"text-align: justify;\">Curtem <strong>pizza<\/strong>? Ent\u00e3o n\u00e3o pode deixar de experimenta-las aqui! Elas em nada lembram as tradicionais redondas italianas. A massa vem super fininha e crocante na medida certa, e os recheios s\u00e3o no m\u00ednimo inusitados. Destaque para a\u00a0<strong>Caliente <\/strong>(R$43,00), feita com molho de tomate, mussarela, queijo brie, geleia de pimenta e filetes de manga. O resultado destes ingredientes com sabores e texturas t\u00e3o distintas \u00e9 uma quebra de paradigmas no universo da pizza! Adorei a criatividade e o sabor deste recheio, e definitivamente deve ser experimentado em uma primeira visita!<\/p>\n<p style=\"text-align: center;\"><a href=\"http:\/\/www.myfashionlife.com.br\/wp-content\/uploads\/2012\/09\/Emiglia-pizza.png\"><img loading=\"lazy\" decoding=\"async\" class=\"size-full wp-image-4747 aligncenter\" title=\"Emiglia pizza\" src=\"http:\/\/www.myfashionlife.com.br\/wp-content\/uploads\/2012\/09\/Emiglia-pizza.png\" alt=\"\" width=\"599\" height=\"397\" srcset=\"https:\/\/www.girosgourmet.com.br\/wp-content\/uploads\/2012\/09\/Emiglia-pizza.png 856w, https:\/\/www.girosgourmet.com.br\/wp-content\/uploads\/2012\/09\/Emiglia-pizza-300x198.png 300w, https:\/\/www.girosgourmet.com.br\/wp-content\/uploads\/2012\/09\/Emiglia-pizza-150x99.png 150w\" sizes=\"auto, (max-width: 599px) 100vw, 599px\" \/><\/a><\/p>\n<p style=\"text-align: justify;\">Prato principal? Destaque vai para o\u00a0<strong>Carr\u00e9 d\u2019Agnelio<\/strong> (R$58,00) ao molho de figo fresco e risoto de shitake. Pense em seus sentidos sendo invadidos: primeiramente pelo visual do prato, bel\u00edssimo; em seguida o aroma provocado pelo perfume da carne de cordeiro que estava imersa no molho de figo, que em conjunto com o risoto resultou em um mosaico de sabores, no qual cada um cumpriu bem o seu papel, tornando este prato algo inesquec\u00edvel!<\/p>\n<p style=\"text-align: center;\"><a href=\"http:\/\/www.myfashionlife.com.br\/wp-content\/uploads\/2012\/09\/Emiglia-carre.png\"><img loading=\"lazy\" decoding=\"async\" class=\"size-full wp-image-4748 aligncenter\" title=\"Emiglia carre\" src=\"http:\/\/www.myfashionlife.com.br\/wp-content\/uploads\/2012\/09\/Emiglia-carre.png\" alt=\"\" width=\"602\" height=\"400\" srcset=\"https:\/\/www.girosgourmet.com.br\/wp-content\/uploads\/2012\/09\/Emiglia-carre.png 860w, https:\/\/www.girosgourmet.com.br\/wp-content\/uploads\/2012\/09\/Emiglia-carre-300x199.png 300w, https:\/\/www.girosgourmet.com.br\/wp-content\/uploads\/2012\/09\/Emiglia-carre-150x99.png 150w\" sizes=\"auto, (max-width: 602px) 100vw, 602px\" \/><\/a><\/p>\n<p style=\"text-align: justify;\">E se ainda estiver inspirado n\u00e3o deixe de provar o tentador\u00a0<strong>Mouse di Nutella<\/strong> (R$18,00). Estava muito leve, a temperatura geladinha e, convenhamos, Nutella \u00e9 bom s\u00f3 de se pensar nela!<\/p>\n<p style=\"text-align: center;\"><a href=\"http:\/\/www.myfashionlife.com.br\/wp-content\/uploads\/2012\/09\/Emiglia-nutella.png\"><img loading=\"lazy\" decoding=\"async\" class=\"size-full wp-image-4750 aligncenter\" title=\"Emiglia nutella\" src=\"http:\/\/www.myfashionlife.com.br\/wp-content\/uploads\/2012\/09\/Emiglia-nutella.png\" alt=\"\" width=\"603\" height=\"400\" srcset=\"https:\/\/www.girosgourmet.com.br\/wp-content\/uploads\/2012\/09\/Emiglia-nutella.png 861w, https:\/\/www.girosgourmet.com.br\/wp-content\/uploads\/2012\/09\/Emiglia-nutella-300x198.png 300w, https:\/\/www.girosgourmet.com.br\/wp-content\/uploads\/2012\/09\/Emiglia-nutella-150x99.png 150w\" sizes=\"auto, (max-width: 603px) 100vw, 603px\" \/><\/a><\/p>\n<p style=\"text-align: justify;\">O convidativo ambiente do Emiglia foi projetado pela arquiteta\u00a0<strong>Camila Corradi<\/strong>, que somou a simplicidade do norte da It\u00e1lia a elementos contempor\u00e2neos. O resultado \u00e9 um mix de rusticidade com cores alegres, objetos modernos e comida excelente. Vale o experimento!<\/p>\n<p style=\"text-align: left;\">Emiglia<br \/>\nEndere\u00e7o: Rua Cinderela, 40, Pinheiros, S\u00e3o Paulo \u2013 SP<br \/>\nTel.: (11) 2365-6500<br \/>\nHor\u00e1rio de funcionamento: de ter.a sex., das 18h ao \u00faltimo cliente. S\u00e1b. e dom. 12h\/15h e 18h at\u00e9 o \u00faltimo cliente.<br \/>\nAcesso para deficientes<br \/>\nWi-Fi<\/p>\n<p style=\"text-align: left;\">Cr\u00e9ditos Imagens: Roberto Salgado<\/p>\n<iframe src=\"http:\/\/www.facebook.com\/plugins\/like.php?href=https:\/\/www.girosgourmet.com.br\/index.php\/dica-gastronomica-da-semana-italianissimo-emiglia\/&amp;layout=standard&amp;show_faces=1&amp;width=450&amp;action=like&amp;colorscheme=light&amp;font=\" scrolling=\"no\" frameborder=\"0\" style=\"border:none; overflow:hidden; width:450px; height:60px\"><\/iframe>","protected":false},"excerpt":{"rendered":"<p>Mais um lugarzinho charmoso na Paulic\u00e9ia Desvairada&#8230;O\u00a0Emiglia, da Bere e Spizzicare. O lugar que est\u00e1 localizado em uma simp\u00e1tica esquina do bairro de Pinheiros, inspira comensais que queiram se reunir entre amigos para bebericar drinks sem pressa e beliscar pizzas e del\u00edcias da culin\u00e1ria italiana. O card\u00e1pio foi inspirado nas [&hellip;]<\/p>\n","protected":false},"author":3,"featured_media":0,"comment_status":"open","ping_status":"open","sticky":false,"template":"","format":"standard","meta":{"footnotes":""},"categories":[39],"tags":[1010,686,1011],"class_list":["post-4743","post","type-post","status-publish","format-standard","hentry","category-gastronomia","tag-chef-dalton-rangel","tag-culinaria-italiana","tag-emiglia-restaurante"],"_links":{"self":[{"href":"https:\/\/www.girosgourmet.com.br\/index.php\/wp-json\/wp\/v2\/posts\/4743","targetHints":{"allow":["GET"]}}],"collection":[{"href":"https:\/\/www.girosgourmet.com.br\/index.php\/wp-json\/wp\/v2\/posts"}],"about":[{"href":"https:\/\/www.girosgourmet.com.br\/index.php\/wp-json\/wp\/v2\/types\/post"}],"author":[{"embeddable":true,"href":"https:\/\/www.girosgourmet.com.br\/index.php\/wp-json\/wp\/v2\/users\/3"}],"replies":[{"embeddable":true,"href":"https:\/\/www.girosgourmet.com.br\/index.php\/wp-json\/wp\/v2\/comments?post=4743"}],"version-history":[{"count":5,"href":"https:\/\/www.girosgourmet.com.br\/index.php\/wp-json\/wp\/v2\/posts\/4743\/revisions"}],"predecessor-version":[{"id":4749,"href":"https:\/\/www.girosgourmet.com.br\/index.php\/wp-json\/wp\/v2\/posts\/4743\/revisions\/4749"}],"wp:attachment":[{"href":"https:\/\/www.girosgourmet.com.br\/index.php\/wp-json\/wp\/v2\/media?parent=4743"}],"wp:term":[{"taxonomy":"category","embeddable":true,"href":"https:\/\/www.girosgourmet.com.br\/index.php\/wp-json\/wp\/v2\/categories?post=4743"},{"taxonomy":"post_tag","embeddable":true,"href":"https:\/\/www.girosgourmet.com.br\/index.php\/wp-json\/wp\/v2\/tags?post=4743"}],"curies":[{"name":"wp","href":"https:\/\/api.w.org\/{rel}","templated":true}]}}