{"id":3293,"date":"2012-02-22T21:14:35","date_gmt":"2012-02-23T00:14:35","guid":{"rendered":"http:\/\/www.myfashionlife.com.br\/?p=3293"},"modified":"2016-04-18T21:19:58","modified_gmt":"2016-04-19T00:19:58","slug":"roteiro-turistico-de-santiago-do-chile","status":"publish","type":"post","link":"https:\/\/www.girosgourmet.com.br\/index.php\/roteiro-turistico-de-santiago-do-chile\/","title":{"rendered":"Roteiro tur\u00edstico de Santiago do Chile"},"content":{"rendered":"<p style=\"text-align: justify;\">J\u00e1 foi a \u00e9poca que o Chile era considerado um destino apenas com boas esta\u00e7\u00f5es de esqui e bons vinhos. Atualmente a capital do pa\u00eds mais comprido do mundo (4.329 quil\u00f4metros de extens\u00e3o), <strong>Santiago do Chile<\/strong> vem despertando a curiosidade dos viajantes.<\/p>\n<p style=\"text-align: justify;\">Antes mesmo de aterrissar voc\u00ea poder\u00e1 se deparar com a primeira grande atra\u00e7\u00e3o da cidade, a <strong>Cordilheira dos Andes<\/strong>. A paisagem ir\u00e1 lhe surpreender, e contemplar o mar de neve que se estende at\u00e9 a linha do horizonte \u00e9 de uma sensa\u00e7\u00e3o visual indescrit\u00edvel.<\/p>\n<p style=\"text-align: center;\"><a href=\"http:\/\/www.myfashionlife.com.br\/wp-content\/uploads\/2012\/02\/DSC05725.jpg\"><img loading=\"lazy\" decoding=\"async\" class=\"alignnone  wp-image-3294\" title=\"DSC05725\" src=\"http:\/\/www.myfashionlife.com.br\/wp-content\/uploads\/2012\/02\/DSC05725-300x225.jpg\" alt=\"\" width=\"532\" height=\"399\" srcset=\"https:\/\/www.girosgourmet.com.br\/wp-content\/uploads\/2012\/02\/DSC05725-300x225.jpg 300w, https:\/\/www.girosgourmet.com.br\/wp-content\/uploads\/2012\/02\/DSC05725-1024x768.jpg 1024w, https:\/\/www.girosgourmet.com.br\/wp-content\/uploads\/2012\/02\/DSC05725-150x112.jpg 150w\" sizes=\"auto, (max-width: 532px) 100vw, 532px\" \/><\/a><\/p>\n<p style=\"text-align: justify;\">Santiago \u00e9 uma cidade que foi feita para caminhar. Comece pelo Centro Hist\u00f3rico, mais exatamente onde o conquistador espanhol Pedro de Valdivia fundou a cidade, aos p\u00e9s do <strong>Cerro Santa Lucia<\/strong>. Ao longo da subida h\u00e1 pequenas pra\u00e7as, mirantes e monumentos. Por l\u00e1 voc\u00ea encontrar\u00e1 diversos casais enamorados, e segundo pregam as m\u00e1s l\u00ednguas, metade das crian\u00e7as de Santiago foram concebidas em seus jardins, na calada da noite. Mas \u00e9 ao meio dia que o turista pode se surpreender! Todos os dias, tradicionalmente, um tiro de canh\u00e3o \u00e9 disparado.<\/p>\n<p style=\"text-align: center;\"><a href=\"http:\/\/www.myfashionlife.com.br\/wp-content\/uploads\/2012\/02\/DSC06104.jpg\"><img loading=\"lazy\" decoding=\"async\" class=\"alignnone  wp-image-3295\" title=\"DSC06104\" src=\"http:\/\/www.myfashionlife.com.br\/wp-content\/uploads\/2012\/02\/DSC06104-300x225.jpg\" alt=\"\" width=\"496\" height=\"372\" srcset=\"https:\/\/www.girosgourmet.com.br\/wp-content\/uploads\/2012\/02\/DSC06104-300x225.jpg 300w, https:\/\/www.girosgourmet.com.br\/wp-content\/uploads\/2012\/02\/DSC06104-1024x768.jpg 1024w, https:\/\/www.girosgourmet.com.br\/wp-content\/uploads\/2012\/02\/DSC06104-150x112.jpg 150w\" sizes=\"auto, (max-width: 496px) 100vw, 496px\" \/><\/a><\/p>\n<p style=\"text-align: justify;\">Pertinho dali se encontram dois lugares que merecem nossa aten\u00e7\u00e3o: a <strong>Catedral Metropolitana de Santiago<\/strong>, onde os visitantes ver\u00e3o belos afrescos e esculturas lind\u00edssimas; entre o Cerro e a Catedral, encontra-se a <strong>Biblioteca de Santiago.<\/strong> O pr\u00e9dio ocupa 22.000 metros quadrados, e o edif\u00edcio de 1930 \u00e9 considerado um monumento hist\u00f3rico da cidade.<\/p>\n<div id=\"attachment_3298\" style=\"width: 473px\" class=\"wp-caption aligncenter\"><a href=\"http:\/\/www.myfashionlife.com.br\/wp-content\/uploads\/2012\/02\/DSC060481.jpg\"><img loading=\"lazy\" decoding=\"async\" aria-describedby=\"caption-attachment-3298\" class=\" wp-image-3298\" title=\"DSC06048\" src=\"http:\/\/www.myfashionlife.com.br\/wp-content\/uploads\/2012\/02\/DSC060481-300x225.jpg\" alt=\"\" width=\"463\" height=\"347\" srcset=\"https:\/\/www.girosgourmet.com.br\/wp-content\/uploads\/2012\/02\/DSC060481-300x225.jpg 300w, https:\/\/www.girosgourmet.com.br\/wp-content\/uploads\/2012\/02\/DSC060481-1024x768.jpg 1024w, https:\/\/www.girosgourmet.com.br\/wp-content\/uploads\/2012\/02\/DSC060481-150x112.jpg 150w\" sizes=\"auto, (max-width: 463px) 100vw, 463px\" \/><\/a><p id=\"caption-attachment-3298\" class=\"wp-caption-text\">Biblioteca de Santiago<\/p><\/div>\n<p style=\"text-align: center;\">\n<p style=\"text-align: justify;\">Outro lugar imperd\u00edvel \u00e9 o <strong>Cerro San Crist\u00f3bal<\/strong>, uma extens\u00e3o da cordilheira. No topo est\u00e1 o monumento da <strong>Virgem de La Inmaculada Concepci\u00f3n<\/strong>, que fica iluminada a noite inteira, e de l\u00e1 se tem uma vista privilegiada da cidade. Para vivenciar melhor a experi\u00eancia suba o cerro de funicular (uma esp\u00e9cie de bonde vertical). O lugar tamb\u00e9m oferece outras atra\u00e7\u00f5es: zool\u00f3gico, \u00e1reas para piquenique, Jardim Bot\u00e2nico, Jardim Japon\u00eas, piscinas p\u00fablicas e coffee shops, al\u00e9m de um telef\u00e9rico que interliga as atra\u00e7\u00f5es.<\/p>\n<p style=\"text-align: center;\"><a href=\"http:\/\/www.myfashionlife.com.br\/wp-content\/uploads\/2012\/02\/DSC06526.jpg\"><img loading=\"lazy\" decoding=\"async\" class=\"alignnone  wp-image-3300\" title=\"DSC06526\" src=\"http:\/\/www.myfashionlife.com.br\/wp-content\/uploads\/2012\/02\/DSC06526-300x225.jpg\" alt=\"\" width=\"460\" height=\"345\" srcset=\"https:\/\/www.girosgourmet.com.br\/wp-content\/uploads\/2012\/02\/DSC06526-300x225.jpg 300w, https:\/\/www.girosgourmet.com.br\/wp-content\/uploads\/2012\/02\/DSC06526-1024x768.jpg 1024w, https:\/\/www.girosgourmet.com.br\/wp-content\/uploads\/2012\/02\/DSC06526-150x112.jpg 150w\" sizes=\"auto, (max-width: 460px) 100vw, 460px\" \/><\/a><\/p>\n<p style=\"text-align: justify;\">Al\u00e9m dos parques, em Santiago h\u00e1 passeios pitorescos que valem a pena serem feitos a p\u00e9. No Centro, atr\u00e1s da Igreja de San Francisco, est\u00e3o duas ruas bastante charmosas: <strong>Rua Londres <\/strong>e<strong> Rua Paris<\/strong>. S\u00e3o ruas de pedras, sinuosas, com lampi\u00f5es e casar\u00f5es originais da \u00e9poca de sua constru\u00e7\u00e3o. Um passeio muito rom\u00e2ntico!<\/p>\n<p style=\"text-align: center;\"><a href=\"http:\/\/www.myfashionlife.com.br\/wp-content\/uploads\/2012\/02\/DSC06390.jpg\"><img loading=\"lazy\" decoding=\"async\" class=\"alignnone  wp-image-3301\" title=\"DSC06390\" src=\"http:\/\/www.myfashionlife.com.br\/wp-content\/uploads\/2012\/02\/DSC06390-300x225.jpg\" alt=\"\" width=\"541\" height=\"406\" srcset=\"https:\/\/www.girosgourmet.com.br\/wp-content\/uploads\/2012\/02\/DSC06390-300x225.jpg 300w, https:\/\/www.girosgourmet.com.br\/wp-content\/uploads\/2012\/02\/DSC06390-1024x768.jpg 1024w, https:\/\/www.girosgourmet.com.br\/wp-content\/uploads\/2012\/02\/DSC06390-150x112.jpg 150w\" sizes=\"auto, (max-width: 541px) 100vw, 541px\" \/><\/a><\/p>\n<p style=\"text-align: justify;\">Um lugar indispens\u00e1vel tamb\u00e9m \u00e9 o micro bairro <strong>Concha Y Toro<\/strong>, pr\u00f3ximo \u00e0 esta\u00e7\u00e3o de metr\u00f4 Rep\u00fablica, um recanto rom\u00e2ntico e antigo centro social da cidade, onde morou um dos irm\u00e3os da fam\u00edlia Concha Y Toro. Poucos quarteir\u00f5es ao norte se encontra a <strong>Plaza Brasil<\/strong>, uma pequena pra\u00e7a arborizada muito freq\u00fcentada por estudantes, que ficam apenas observando os visitantes da pra\u00e7a passando e crian\u00e7as que curtem os brinquedos-arte no meio da pra\u00e7a. \u00c9 o centro do bairro. Em frente \u00e0 pra\u00e7a est\u00e1 a Iglesia de La Preciosa Sangre, ex-convento hist\u00f3rico chileno.<\/p>\n<div id=\"attachment_3302\" style=\"width: 537px\" class=\"wp-caption aligncenter\"><a href=\"http:\/\/www.myfashionlife.com.br\/wp-content\/uploads\/2012\/02\/DSC07691.jpg\"><img loading=\"lazy\" decoding=\"async\" aria-describedby=\"caption-attachment-3302\" class=\" wp-image-3302\" title=\"DSC07691\" src=\"http:\/\/www.myfashionlife.com.br\/wp-content\/uploads\/2012\/02\/DSC07691-300x225.jpg\" alt=\"\" width=\"527\" height=\"395\" srcset=\"https:\/\/www.girosgourmet.com.br\/wp-content\/uploads\/2012\/02\/DSC07691-300x225.jpg 300w, https:\/\/www.girosgourmet.com.br\/wp-content\/uploads\/2012\/02\/DSC07691-1024x768.jpg 1024w, https:\/\/www.girosgourmet.com.br\/wp-content\/uploads\/2012\/02\/DSC07691-150x112.jpg 150w\" sizes=\"auto, (max-width: 527px) 100vw, 527px\" \/><\/a><p id=\"caption-attachment-3302\" class=\"wp-caption-text\">Concha Y Toro<\/p><\/div>\n<p style=\"text-align: justify;\">Em dire\u00e7\u00e3o ao norte da cidade, se encontra a antiga resid\u00eancia de Pablo Neruda, <strong>La Chascona<\/strong>, atualmente um museu. O lugar est\u00e1 situado em uma rua sem sa\u00edda, e cada aposento tem uma hist\u00f3ria fascinante. O local est\u00e1 cheio de objetos pessoais do escritor como quadros, lou\u00e7as, garrafas, presentes de amigos, a mesa onde trabalhava e uma biblioteca de fazer inveja. Mas aten\u00e7\u00e3o, as visitas s\u00e3o guiadas, portanto marque uma hora antes pelo telefone se n\u00e3o quiser esperar pela pr\u00f3xima turma dispon\u00edvel.<\/p>\n<div id=\"attachment_3304\" style=\"width: 489px\" class=\"wp-caption aligncenter\"><a href=\"http:\/\/www.myfashionlife.com.br\/wp-content\/uploads\/2012\/02\/DSC01708.jpg\"><img loading=\"lazy\" decoding=\"async\" aria-describedby=\"caption-attachment-3304\" class=\" wp-image-3304\" title=\"DSC01708\" src=\"http:\/\/www.myfashionlife.com.br\/wp-content\/uploads\/2012\/02\/DSC01708-300x225.jpg\" alt=\"\" width=\"479\" height=\"359\" srcset=\"https:\/\/www.girosgourmet.com.br\/wp-content\/uploads\/2012\/02\/DSC01708-300x225.jpg 300w, https:\/\/www.girosgourmet.com.br\/wp-content\/uploads\/2012\/02\/DSC01708-1024x768.jpg 1024w, https:\/\/www.girosgourmet.com.br\/wp-content\/uploads\/2012\/02\/DSC01708-150x112.jpg 150w\" sizes=\"auto, (max-width: 479px) 100vw, 479px\" \/><\/a><p id=\"caption-attachment-3304\" class=\"wp-caption-text\">La Chascona<\/p><\/div>\n<p style=\"text-align: justify;\">Os aficionados por Moda ter\u00e3o um lugar para chamar de seu ao visitar a capital chilena, o <strong>Museo de La Moda<\/strong>, que atualmente est\u00e1 no rol dos museus com os maiores acervos da hist\u00f3ria da moda no mundo. S\u00e3o mais de 10 mil pe\u00e7as entre roupas e acess\u00f3rios, que v\u00e3o desde o s\u00e9culo XVI at\u00e9 hoje. \u00c9 interessante saber que muitas roupas da princesa Diana est\u00e3o no acervo do museu, inclusive seu vestido de casamento. Outra raridade na cole\u00e7\u00e3o \u00e9 uma vers\u00e3o em seda do famoso vestido de Yves Saint Laurent inspirado em um quadro do pintor modernista, Piet Mondrian. No mundo, s\u00f3 existem dois em seda. O outro est\u00e1 no Victoria and Albert Museum. Vale ressaltar que o objetivo da institui\u00e7\u00e3o fundada por Jorge Yarur Bascu\u00f1an n\u00e3o \u00e9 representar a moda, mas ser um legado cultural. \u00danico herdeiro de uma das mais tradicionais e influentes fam\u00edlias chilenas, ele quis realizar um antigo sonho de sua m\u00e3e: construir um museu com os objetos que colecionavam, na casa onde moravam, em Santiago.<\/p>\n<div id=\"attachment_3305\" style=\"width: 561px\" class=\"wp-caption aligncenter\"><a href=\"http:\/\/www.myfashionlife.com.br\/wp-content\/uploads\/2012\/02\/DSC06659.jpg\"><img loading=\"lazy\" decoding=\"async\" aria-describedby=\"caption-attachment-3305\" class=\" wp-image-3305\" title=\"DSC06659\" src=\"http:\/\/www.myfashionlife.com.br\/wp-content\/uploads\/2012\/02\/DSC06659-300x225.jpg\" alt=\"\" width=\"551\" height=\"413\" srcset=\"https:\/\/www.girosgourmet.com.br\/wp-content\/uploads\/2012\/02\/DSC06659-300x225.jpg 300w, https:\/\/www.girosgourmet.com.br\/wp-content\/uploads\/2012\/02\/DSC06659-1024x768.jpg 1024w, https:\/\/www.girosgourmet.com.br\/wp-content\/uploads\/2012\/02\/DSC06659-150x112.jpg 150w\" sizes=\"auto, (max-width: 551px) 100vw, 551px\" \/><\/a><p id=\"caption-attachment-3305\" class=\"wp-caption-text\">Museo de La Moda<\/p><\/div>\n<p style=\"text-align: justify;\">E por falar em moda, Santiago \u00e9 um lugar atraente para quem quer fazer compras. Encontra-se de tudo, do mundo todo. E vale ressaltar um ato dos comerciantes do pa\u00eds: a nota fiscal \u00e9 sempre entregue ao cliente.<\/p>\n<p style=\"text-align: justify;\"><strong><em>Tr\u00eas centros comerciais da cidade que valem a visita<\/em><\/strong><\/p>\n<p style=\"text-align: justify;\"><strong>Parque Arauco<\/strong> <strong>Center<\/strong>. S\u00e3o cerca de 400 lojas, entre elas as tr\u00eas maiores lojas de departamentos do pa\u00eds, Falabella, Ripley e Almacenes Paris, que vendem desde marcas chilenas at\u00e9 grifes internacionais.<\/p>\n<p style=\"text-align: justify;\"><strong>Mall Alto Las Condes<\/strong> \u00e9 um shopping para os mais antenados e modernos, pois o lugar, apesar de gigante, \u00e9 mais intimista e sofisticado. Por l\u00e1 encontrar\u00e3o a inglesa Top Shop, a loja de decora\u00e7\u00e3o argentina Morph, e a brasileira Ellus (com pre\u00e7os bem mais camaradas do que daqui, acreditem!), al\u00e9m das j\u00e1 citadas tr\u00eas lojas de departamentos.<\/p>\n<p style=\"text-align: justify;\">Agora, se voc\u00ea quer mais artesanato, visite <strong>Los Dominicos. <\/strong>Trata-se de um antigo <em>pueblo <\/em>com dezenas de casinhas r\u00fasticas onde se vende uma quantidade expressiva de artigos locais. Al\u00e9m disso, o local possui floricultura, antiqu\u00e1rios e pequenos caf\u00e9s. Por l\u00e1 encontrar\u00e3o gente do mundo todo, e \u00e9 um dos lugares mais agrad\u00e1veis da cidade.<\/p>\n<div id=\"attachment_3306\" style=\"width: 585px\" class=\"wp-caption aligncenter\"><a href=\"http:\/\/www.myfashionlife.com.br\/wp-content\/uploads\/2012\/02\/DSC07745.jpg\"><img loading=\"lazy\" decoding=\"async\" aria-describedby=\"caption-attachment-3306\" class=\" wp-image-3306\" title=\"DSC07745\" src=\"http:\/\/www.myfashionlife.com.br\/wp-content\/uploads\/2012\/02\/DSC07745-300x225.jpg\" alt=\"\" width=\"575\" height=\"431\" srcset=\"https:\/\/www.girosgourmet.com.br\/wp-content\/uploads\/2012\/02\/DSC07745-300x225.jpg 300w, https:\/\/www.girosgourmet.com.br\/wp-content\/uploads\/2012\/02\/DSC07745-1024x768.jpg 1024w, https:\/\/www.girosgourmet.com.br\/wp-content\/uploads\/2012\/02\/DSC07745-150x112.jpg 150w\" sizes=\"auto, (max-width: 575px) 100vw, 575px\" \/><\/a><p id=\"caption-attachment-3306\" class=\"wp-caption-text\">Los Dominicos<\/p><\/div>\n<p style=\"text-align: justify;\"><strong><em>Gastronomia<\/em><\/strong><\/p>\n<p style=\"text-align: justify;\">Muitos viajantes incluem Santiago no seu roteiro de viagem por motivos gastron\u00f4micos, e est\u00e3o cobertos de raz\u00e3o. A cidade possui uma infinidade de bons restaurantes, e desde que voc\u00ea esteja disposto a experimentar muitos pratos \u00e0 base de frutos do mar, encontrar\u00e1 um bom motivo para visit\u00e1-los diariamente.<\/p>\n<p style=\"text-align: justify;\">Vale \u00e0 pena lembrar que no Chile voc\u00ea sempre beber\u00e1 durante as refei\u00e7\u00f5es, e tenha certeza: qualquer vinho que experimentar durante este giro gastron\u00f4mico ser\u00e1 saboroso.<\/p>\n<p style=\"text-align: justify;\">Os fumantes ir\u00e3o gostar desta informa\u00e7\u00e3o: ainda n\u00e3o existe uma lei que pro\u00edba o fumo em locais fechados na capital, portanto os adeptos encontrar\u00e3o em todos os restaurantes e bares locais uma \u00e1rea destinada exclusivamente aos fumantes, com arejamento conveniente.<\/p>\n<p style=\"text-align: justify;\"><strong><em>Tr\u00eas lugares imperd\u00edveis para os amantes de um bom giro gastron\u00f4mico.<\/em><\/strong><\/p>\n<p style=\"text-align: justify;\"><strong>The Aubrey Restaurant<\/strong>. Para mim foi o melhor dos melhores nesta estadia, com decora\u00e7\u00e3o impec\u00e1vel e a comida de se ajoelhar. SUGEST\u00c3O: Tire algumas horas para visitar este lugar. O restaurante est\u00e1 em um hotel boutique com ambientes incr\u00edveis. Sente-se em uma de suas mesinhas e pe\u00e7a um chardonnay bem geladinho!<\/p>\n<p style=\"text-align: center;\"><a href=\"http:\/\/www.myfashionlife.com.br\/wp-content\/uploads\/2012\/02\/DSC06602.jpg\"><img loading=\"lazy\" decoding=\"async\" class=\"alignnone  wp-image-3307\" title=\"DSC06602\" src=\"http:\/\/www.myfashionlife.com.br\/wp-content\/uploads\/2012\/02\/DSC06602-300x225.jpg\" alt=\"\" width=\"487\" height=\"365\" srcset=\"https:\/\/www.girosgourmet.com.br\/wp-content\/uploads\/2012\/02\/DSC06602-300x225.jpg 300w, https:\/\/www.girosgourmet.com.br\/wp-content\/uploads\/2012\/02\/DSC06602-1024x768.jpg 1024w, https:\/\/www.girosgourmet.com.br\/wp-content\/uploads\/2012\/02\/DSC06602-150x112.jpg 150w\" sizes=\"auto, (max-width: 487px) 100vw, 487px\" \/><\/a><\/p>\n<p style=\"text-align: justify;\">Um dos mais aclamados restaurantes peruanos da cidade, o <strong>El Otro Sitio<\/strong>, tem uma decora\u00e7\u00e3o alegre e divertida, e abre para almo\u00e7o e jantar todos os dias. SUGEST\u00c3O: Embale sua noite peruana com o Pisco Sour da casa. Al\u00e9m de ser delicioso (fique atento ao alto teor alco\u00f3lico!), \u00e9 servido em ta\u00e7as de cer\u00e2mica que s\u00e3o lindas e podem ser compradas!<\/p>\n<div id=\"attachment_3308\" style=\"width: 436px\" class=\"wp-caption aligncenter\"><a href=\"http:\/\/www.myfashionlife.com.br\/wp-content\/uploads\/2012\/02\/DSC07031.jpg\"><img loading=\"lazy\" decoding=\"async\" aria-describedby=\"caption-attachment-3308\" class=\" wp-image-3308\" title=\"DSC07031\" src=\"http:\/\/www.myfashionlife.com.br\/wp-content\/uploads\/2012\/02\/DSC07031-225x300.jpg\" alt=\"\" width=\"426\" height=\"568\" srcset=\"https:\/\/www.girosgourmet.com.br\/wp-content\/uploads\/2012\/02\/DSC07031-225x300.jpg 225w, https:\/\/www.girosgourmet.com.br\/wp-content\/uploads\/2012\/02\/DSC07031-768x1024.jpg 768w, https:\/\/www.girosgourmet.com.br\/wp-content\/uploads\/2012\/02\/DSC07031-112x150.jpg 112w\" sizes=\"auto, (max-width: 426px) 100vw, 426px\" \/><\/a><p id=\"caption-attachment-3308\" class=\"wp-caption-text\">Em frente ao El Otro Sitio com o amigo Patricio Villar<\/p><\/div>\n<p style=\"text-align: justify;\">J\u00e1 os mais aventureiros devem visitar o <strong>Mercado Central<\/strong>, pertinho do centro da cidade. L\u00e1 voc\u00ea encontrar\u00e1 todos os habitantes submarinos do mundo, e poder\u00e1 prov\u00e1-los em um dos restaurantes do local, todos especializados em pescados e mariscos. Almoce naquele que ocupa a maior parte do espa\u00e7o, com a melhor localiza\u00e7\u00e3o para ver de camarote o vaiv\u00e9m dos fregueses, o restaurante <strong>Donde Augusto<\/strong>. O simp\u00e1tico dono est\u00e1 sempre por ali e sua esposa \u00e9 quem comanda o fog\u00e3o.<\/p>\n<div id=\"attachment_3309\" style=\"width: 495px\" class=\"wp-caption aligncenter\"><a href=\"http:\/\/www.myfashionlife.com.br\/wp-content\/uploads\/2012\/02\/DSC07146.jpg\"><img loading=\"lazy\" decoding=\"async\" aria-describedby=\"caption-attachment-3309\" class=\" wp-image-3309\" title=\"DSC07146\" src=\"http:\/\/www.myfashionlife.com.br\/wp-content\/uploads\/2012\/02\/DSC07146-300x225.jpg\" alt=\"\" width=\"485\" height=\"364\" srcset=\"https:\/\/www.girosgourmet.com.br\/wp-content\/uploads\/2012\/02\/DSC07146-300x225.jpg 300w, https:\/\/www.girosgourmet.com.br\/wp-content\/uploads\/2012\/02\/DSC07146-1024x768.jpg 1024w, https:\/\/www.girosgourmet.com.br\/wp-content\/uploads\/2012\/02\/DSC07146-150x112.jpg 150w\" sizes=\"auto, (max-width: 485px) 100vw, 485px\" \/><\/a><p id=\"caption-attachment-3309\" class=\"wp-caption-text\">Mercado Municipal<\/p><\/div>\n<p style=\"text-align: justify;\">Anos atr\u00e1s Santiago recebia turistas que s\u00f3 pernoitavam na cidade e no outro dia j\u00e1 seguiam viagem em dire\u00e7\u00e3o aos lagos, ao litoral ou \u00e0s esta\u00e7\u00f5es de esqui. Hoje, felizmente, j\u00e1 n\u00e3o \u00e9 mais assim. A metr\u00f3pole deixou de ser uma simples escala e hoje \u00e9 destino de pessoas que est\u00e3o dispostas a explor\u00e1-la e admir\u00e1-la. Portanto descubra Santiago do Chile e surpreenda-se!<\/p>\n<div id=\"attachment_3310\" style=\"width: 506px\" class=\"wp-caption aligncenter\"><a href=\"http:\/\/www.myfashionlife.com.br\/wp-content\/uploads\/2012\/02\/DSC06268.jpg\"><img loading=\"lazy\" decoding=\"async\" aria-describedby=\"caption-attachment-3310\" class=\" wp-image-3310\" title=\"DSC06268\" src=\"http:\/\/www.myfashionlife.com.br\/wp-content\/uploads\/2012\/02\/DSC06268-300x225.jpg\" alt=\"\" width=\"496\" height=\"372\" srcset=\"https:\/\/www.girosgourmet.com.br\/wp-content\/uploads\/2012\/02\/DSC06268-300x225.jpg 300w, https:\/\/www.girosgourmet.com.br\/wp-content\/uploads\/2012\/02\/DSC06268-1024x768.jpg 1024w, https:\/\/www.girosgourmet.com.br\/wp-content\/uploads\/2012\/02\/DSC06268-150x112.jpg 150w\" sizes=\"auto, (max-width: 496px) 100vw, 496px\" \/><\/a><p id=\"caption-attachment-3310\" class=\"wp-caption-text\">Com o melhor companheiro de viagens- Marcos Geromini<\/p><\/div>\n<p style=\"text-align: justify;\"><strong>Servi\u00e7o<\/strong><\/p>\n<p style=\"text-align: justify;\"><strong>Catedral Metropolitana de Santiago<\/strong>&#8211; Regi\u00e3o Metropolitana- Metr\u00f4 Santa Ana<br \/>\n<strong>Biblioteca de Santiago<\/strong>&#8211; Av Libertador Bernardo O &#8216;Higgins (Alameda) 651.<br \/>\n<strong>Cerro de Santa Lucia<\/strong>&#8211; Av Bernardo O\u2019Higgins, 499. Metr\u00f4 Linha 1, Esta\u00e7\u00e3o Santa Lucia<br \/>\n<strong>Cerro de San Crist\u00f3bal<\/strong>&#8211; Final da Av. Pio Nono, Bellavista<br \/>\n<strong>La Chascona<\/strong>&#8211; Rua Fernando Marquez de La Plata, 0192 (acesso pela Rua Constituci\u00f3n)- tel: 777-8741<br \/>\n<strong>Museo de La Moda<\/strong>&#8211; Vitacura 4562\u00a0\u00a0Vitacura, Regi\u00f3n Metropolitana.<br \/>\n<strong>Parque Arauco Center<\/strong>&#8211; Av. Kennedy, 5413.<br \/>\n<strong>Alto de Las Condes<\/strong>&#8211; Av. Kennedy 9001<br \/>\n<strong>Los Dominicos<\/strong>&#8211; Av. Apoquino, ao lado da igreja Los Dominicos- Fecha \u00e0s segundas.<br \/>\n<strong>The Aubrey Restaurant<\/strong><strong>&#8211; Rua <\/strong>Constituci\u00f3n, 317 \u2013 Barrio Bellavista<br \/>\n<strong>El Otro Sitio<\/strong><strong>&#8211; Rua <\/strong>Antonia de Lopez de Bello, 53 \u2013 Barrio Bellavista<br \/>\n<strong>Mercado Central<\/strong><strong>&#8211; <\/strong>San Pablo, 967 \u2013 Centro- Diariamente das 7h \u00e0s 16h<\/p>\n<iframe src=\"http:\/\/www.facebook.com\/plugins\/like.php?href=https:\/\/www.girosgourmet.com.br\/index.php\/roteiro-turistico-de-santiago-do-chile\/&amp;layout=standard&amp;show_faces=1&amp;width=450&amp;action=like&amp;colorscheme=light&amp;font=\" scrolling=\"no\" frameborder=\"0\" style=\"border:none; overflow:hidden; width:450px; height:60px\"><\/iframe>","protected":false},"excerpt":{"rendered":"<p>J\u00e1 foi a \u00e9poca que o Chile era considerado um destino apenas com boas esta\u00e7\u00f5es de esqui e bons vinhos. Atualmente a capital do pa\u00eds mais comprido do mundo (4.329 quil\u00f4metros de extens\u00e3o), Santiago do Chile vem despertando a curiosidade dos viajantes. Antes mesmo de aterrissar voc\u00ea poder\u00e1 se deparar [&hellip;]<\/p>\n","protected":false},"author":3,"featured_media":0,"comment_status":"open","ping_status":"open","sticky":false,"template":"","format":"standard","meta":{"footnotes":""},"categories":[41],"tags":[425,756,755,758,757,733],"class_list":["post-3293","post","type-post","status-publish","format-standard","hentry","category-viagens","tag-biblioteca","tag-concha-y-toro","tag-cordilheira-dos-andes","tag-la-chascona","tag-museo-de-la-moda","tag-santiago-do-chile"],"_links":{"self":[{"href":"https:\/\/www.girosgourmet.com.br\/index.php\/wp-json\/wp\/v2\/posts\/3293","targetHints":{"allow":["GET"]}}],"collection":[{"href":"https:\/\/www.girosgourmet.com.br\/index.php\/wp-json\/wp\/v2\/posts"}],"about":[{"href":"https:\/\/www.girosgourmet.com.br\/index.php\/wp-json\/wp\/v2\/types\/post"}],"author":[{"embeddable":true,"href":"https:\/\/www.girosgourmet.com.br\/index.php\/wp-json\/wp\/v2\/users\/3"}],"replies":[{"embeddable":true,"href":"https:\/\/www.girosgourmet.com.br\/index.php\/wp-json\/wp\/v2\/comments?post=3293"}],"version-history":[{"count":5,"href":"https:\/\/www.girosgourmet.com.br\/index.php\/wp-json\/wp\/v2\/posts\/3293\/revisions"}],"predecessor-version":[{"id":7392,"href":"https:\/\/www.girosgourmet.com.br\/index.php\/wp-json\/wp\/v2\/posts\/3293\/revisions\/7392"}],"wp:attachment":[{"href":"https:\/\/www.girosgourmet.com.br\/index.php\/wp-json\/wp\/v2\/media?parent=3293"}],"wp:term":[{"taxonomy":"category","embeddable":true,"href":"https:\/\/www.girosgourmet.com.br\/index.php\/wp-json\/wp\/v2\/categories?post=3293"},{"taxonomy":"post_tag","embeddable":true,"href":"https:\/\/www.girosgourmet.com.br\/index.php\/wp-json\/wp\/v2\/tags?post=3293"}],"curies":[{"name":"wp","href":"https:\/\/api.w.org\/{rel}","templated":true}]}}