{"id":3234,"date":"2012-02-14T14:33:57","date_gmt":"2012-02-14T17:33:57","guid":{"rendered":"http:\/\/www.myfashionlife.com.br\/?p=3234"},"modified":"2012-02-14T14:38:06","modified_gmt":"2012-02-14T17:38:06","slug":"carla-palmieri-entrevista-o-fotografo-rodrigo-braga","status":"publish","type":"post","link":"https:\/\/www.girosgourmet.com.br\/index.php\/carla-palmieri-entrevista-o-fotografo-rodrigo-braga\/","title":{"rendered":"Carla Palmieri entrevista o fotografo Rodrigo Braga"},"content":{"rendered":"<p style=\"text-align: justify;\">Rodrigo Braga \u00e9 fot\u00f3grafo de moda- Durante cinco anos trabalhou nos principais ve\u00edculos de comunica\u00e7\u00e3o do estado do Rio Grande do Sul, onde ganhou pr\u00eamios de destaque em 1999. Selecionado para o Curso Abril de jornalismo de 2004, come\u00e7ou a trabalhar para as maiores editoras da am\u00e9rica Latina. Conhe\u00e7a um pouco mais da sua hist\u00f3ria, em entrevista exclusiva;<\/p>\n<p style=\"text-align: center;\"><object classid=\"clsid:d27cdb6e-ae6d-11cf-96b8-444553540000\" width=\"425\" height=\"350\" codebase=\"http:\/\/download.macromedia.com\/pub\/shockwave\/cabs\/flash\/swflash.cab#version=6,0,40,0\"><param name=\"src\" value=\"http:\/\/www.youtube.com\/v\/5kQp_IWFFO8\" \/><embed type=\"application\/x-shockwave-flash\" width=\"425\" height=\"350\" src=\"http:\/\/www.youtube.com\/v\/5kQp_IWFFO8\"><\/embed><\/object><\/p>\n<iframe src=\"http:\/\/www.facebook.com\/plugins\/like.php?href=https:\/\/www.girosgourmet.com.br\/index.php\/carla-palmieri-entrevista-o-fotografo-rodrigo-braga\/&amp;layout=standard&amp;show_faces=1&amp;width=450&amp;action=like&amp;colorscheme=light&amp;font=\" scrolling=\"no\" frameborder=\"0\" style=\"border:none; overflow:hidden; width:450px; height:60px\"><\/iframe>","protected":false},"excerpt":{"rendered":"<p>Rodrigo Braga \u00e9 fot\u00f3grafo de moda- Durante cinco anos trabalhou nos principais ve\u00edculos de comunica\u00e7\u00e3o do estado do Rio Grande do Sul, onde ganhou pr\u00eamios de destaque em 1999. Selecionado para o Curso Abril de jornalismo de 2004, come\u00e7ou a trabalhar para as maiores editoras da am\u00e9rica Latina. Conhe\u00e7a um [&hellip;]<\/p>\n","protected":false},"author":3,"featured_media":3235,"comment_status":"open","ping_status":"open","sticky":false,"template":"","format":"standard","meta":{"footnotes":""},"categories":[744],"tags":[298,747],"class_list":["post-3234","post","type-post","status-publish","format-standard","has-post-thumbnail","hentry","category-tv-closet","tag-fotografia","tag-rodrigo-braga"],"_links":{"self":[{"href":"https:\/\/www.girosgourmet.com.br\/index.php\/wp-json\/wp\/v2\/posts\/3234","targetHints":{"allow":["GET"]}}],"collection":[{"href":"https:\/\/www.girosgourmet.com.br\/index.php\/wp-json\/wp\/v2\/posts"}],"about":[{"href":"https:\/\/www.girosgourmet.com.br\/index.php\/wp-json\/wp\/v2\/types\/post"}],"author":[{"embeddable":true,"href":"https:\/\/www.girosgourmet.com.br\/index.php\/wp-json\/wp\/v2\/users\/3"}],"replies":[{"embeddable":true,"href":"https:\/\/www.girosgourmet.com.br\/index.php\/wp-json\/wp\/v2\/comments?post=3234"}],"version-history":[{"count":4,"href":"https:\/\/www.girosgourmet.com.br\/index.php\/wp-json\/wp\/v2\/posts\/3234\/revisions"}],"predecessor-version":[{"id":3238,"href":"https:\/\/www.girosgourmet.com.br\/index.php\/wp-json\/wp\/v2\/posts\/3234\/revisions\/3238"}],"wp:featuredmedia":[{"embeddable":true,"href":"https:\/\/www.girosgourmet.com.br\/index.php\/wp-json\/wp\/v2\/media\/3235"}],"wp:attachment":[{"href":"https:\/\/www.girosgourmet.com.br\/index.php\/wp-json\/wp\/v2\/media?parent=3234"}],"wp:term":[{"taxonomy":"category","embeddable":true,"href":"https:\/\/www.girosgourmet.com.br\/index.php\/wp-json\/wp\/v2\/categories?post=3234"},{"taxonomy":"post_tag","embeddable":true,"href":"https:\/\/www.girosgourmet.com.br\/index.php\/wp-json\/wp\/v2\/tags?post=3234"}],"curies":[{"name":"wp","href":"https:\/\/api.w.org\/{rel}","templated":true}]}}