{"id":3226,"date":"2012-02-14T14:14:06","date_gmt":"2012-02-14T17:14:06","guid":{"rendered":"http:\/\/www.myfashionlife.com.br\/?p=3226"},"modified":"2012-02-14T14:14:06","modified_gmt":"2012-02-14T17:14:06","slug":"carla-palmieri-entrevista-roberto-ethel","status":"publish","type":"post","link":"https:\/\/www.girosgourmet.com.br\/index.php\/carla-palmieri-entrevista-roberto-ethel\/","title":{"rendered":"Carla Palmieri entrevista Roberto Ethel"},"content":{"rendered":"<p style=\"text-align: justify;\"><a href=\"http:\/\/www.myfashionlife.com.br\/wp-content\/uploads\/2012\/02\/DSC03694.jpg\"><\/a>Entrevista com Roberto Ethel &#8211; Jornalista, professor e pesquisador de moda. Diretor de jornalismo e planejamento estrat\u00e9gico da MKT MIX, assessoria de comunica\u00e7\u00e3o que atende as marcas Alexandre Herchcovitch, Forum, M.Officer e Daslu, entre outras.<\/p>\n<p style=\"text-align: center;\"><object classid=\"clsid:d27cdb6e-ae6d-11cf-96b8-444553540000\" width=\"425\" height=\"350\" codebase=\"http:\/\/download.macromedia.com\/pub\/shockwave\/cabs\/flash\/swflash.cab#version=6,0,40,0\"><param name=\"src\" value=\"http:\/\/www.youtube.com\/v\/JXtIBFKTCR0\" \/><embed type=\"application\/x-shockwave-flash\" width=\"425\" height=\"350\" src=\"http:\/\/www.youtube.com\/v\/JXtIBFKTCR0\"><\/embed><\/object><\/p>\n<iframe src=\"http:\/\/www.facebook.com\/plugins\/like.php?href=https:\/\/www.girosgourmet.com.br\/index.php\/carla-palmieri-entrevista-roberto-ethel\/&amp;layout=standard&amp;show_faces=1&amp;width=450&amp;action=like&amp;colorscheme=light&amp;font=\" scrolling=\"no\" frameborder=\"0\" style=\"border:none; overflow:hidden; width:450px; height:60px\"><\/iframe>","protected":false},"excerpt":{"rendered":"<p>Entrevista com Roberto Ethel &#8211; Jornalista, professor e pesquisador de moda. Diretor de jornalismo e planejamento estrat\u00e9gico da MKT MIX, assessoria de comunica\u00e7\u00e3o que atende as marcas Alexandre Herchcovitch, Forum, M.Officer e Daslu, entre outras.<\/p>\n","protected":false},"author":3,"featured_media":3227,"comment_status":"open","ping_status":"open","sticky":false,"template":"","format":"standard","meta":{"footnotes":""},"categories":[744],"tags":[],"class_list":["post-3226","post","type-post","status-publish","format-standard","has-post-thumbnail","hentry","category-tv-closet"],"_links":{"self":[{"href":"https:\/\/www.girosgourmet.com.br\/index.php\/wp-json\/wp\/v2\/posts\/3226","targetHints":{"allow":["GET"]}}],"collection":[{"href":"https:\/\/www.girosgourmet.com.br\/index.php\/wp-json\/wp\/v2\/posts"}],"about":[{"href":"https:\/\/www.girosgourmet.com.br\/index.php\/wp-json\/wp\/v2\/types\/post"}],"author":[{"embeddable":true,"href":"https:\/\/www.girosgourmet.com.br\/index.php\/wp-json\/wp\/v2\/users\/3"}],"replies":[{"embeddable":true,"href":"https:\/\/www.girosgourmet.com.br\/index.php\/wp-json\/wp\/v2\/comments?post=3226"}],"version-history":[{"count":1,"href":"https:\/\/www.girosgourmet.com.br\/index.php\/wp-json\/wp\/v2\/posts\/3226\/revisions"}],"predecessor-version":[{"id":3228,"href":"https:\/\/www.girosgourmet.com.br\/index.php\/wp-json\/wp\/v2\/posts\/3226\/revisions\/3228"}],"wp:featuredmedia":[{"embeddable":true,"href":"https:\/\/www.girosgourmet.com.br\/index.php\/wp-json\/wp\/v2\/media\/3227"}],"wp:attachment":[{"href":"https:\/\/www.girosgourmet.com.br\/index.php\/wp-json\/wp\/v2\/media?parent=3226"}],"wp:term":[{"taxonomy":"category","embeddable":true,"href":"https:\/\/www.girosgourmet.com.br\/index.php\/wp-json\/wp\/v2\/categories?post=3226"},{"taxonomy":"post_tag","embeddable":true,"href":"https:\/\/www.girosgourmet.com.br\/index.php\/wp-json\/wp\/v2\/tags?post=3226"}],"curies":[{"name":"wp","href":"https:\/\/api.w.org\/{rel}","templated":true}]}}