{"id":3217,"date":"2012-02-15T00:03:42","date_gmt":"2012-02-15T03:03:42","guid":{"rendered":"http:\/\/www.myfashionlife.com.br\/?p=3217"},"modified":"2012-02-14T14:05:16","modified_gmt":"2012-02-14T17:05:16","slug":"dica-carnavalesca-da-redatora-festival-rec-beat","status":"publish","type":"post","link":"https:\/\/www.girosgourmet.com.br\/index.php\/dica-carnavalesca-da-redatora-festival-rec-beat\/","title":{"rendered":"Dica Carnavalesca da Redatora: Festival Rec-Beat!"},"content":{"rendered":"<p>Desde que eu soube da exist\u00eancia do Festival <strong>Rec-Beat<\/strong> por interm\u00e9dio do meu amigo Pedro Paulo Carneiro, virei f\u00e3 de carteirinha!<\/p>\n<p style=\"text-align: justify;\">O Rec Beat chega a sua 17\u00ba edi\u00e7\u00e3o e acontecer\u00e1 entre os dias 18 e 21 de fevereiro, a beira do estu\u00e1rio do Rio Capibaribe, no Cais da Alf\u00e2ndega, no Bairro de <strong>Recife<\/strong>. Este evento \u00e9 bacana, porque sempre em sua programa\u00e7\u00e3o \u00e9 inclu\u00eddo atra\u00e7\u00f5es que representam a tradi\u00e7\u00e3o, um pouco da hist\u00f3ria da nossa m\u00fasica.<\/p>\n<p style=\"text-align: justify;\">Meus caros, com toda a certeza do mundo, \u00e9 o lugar ideal para se estar em dias de folia&#8230;.oportunidade \u00fanica para fugir do lugar-comum, o evento trar\u00e1 atra\u00e7\u00f5es como a banda Gang do Eletro, o DJ Sany Pitbull, o cantor Lirinha, a cantora Cibelle, Siba (PE), o rapper Criolo, o grupo Bixiga 70, o projeto Agridoce e o rapper pernambucano Z\u00e9 Brown.<\/p>\n<p>O destaque ficar\u00e1 por conta dos artistas internacionais: a cantora cubana Yusa, a banda colombiana Systema Solar, o espanhol El Guincho e o su\u00ed\u00e7o OY.<\/p>\n<p>E pela primeira vez em 17 anos, uma emissora de TV (TV Pernambucco) ir\u00e1 transmitir o festival na \u00edntegra.<\/p>\n<p>O festival ter\u00e1 um espa\u00e7o para o trabalho de novos talentos, al\u00e9m do Rec-Beatinho, voltados para os pequenos e que traz na programa\u00e7\u00e3o os\u00a0 italianos do Giuliari Del Diavolo e o\u00a0 projeto infantil Fadas Magrinhas, das g\u00eameas Lulu e Aninha.<\/p>\n<p>A estimativa \u00e9 de que mais que 150 mil pessoas participem do evento&#8230;.e tudo isso \u00e9 oferecido gratuitamente para o p\u00fablico!<\/p>\n<p>E ai j\u00e1 sabe aonde far\u00e1 \u00a0a sua farra carnavalesca? Rec-Beat \u00e9 uma das pedidas mais tentadoras da face da Terra&#8230;..Super recomendo!<\/p>\n<p>Beijos<\/p>\n<p style=\"text-align: center;\"><a href=\"http:\/\/www.myfashionlife.com.br\/wp-content\/uploads\/2012\/02\/rec-440x2501.jpg\"><img loading=\"lazy\" decoding=\"async\" class=\"alignnone size-full wp-image-3219\" title=\"rec-440x250\" src=\"http:\/\/www.myfashionlife.com.br\/wp-content\/uploads\/2012\/02\/rec-440x2501.jpg\" alt=\"\" width=\"440\" height=\"250\" srcset=\"https:\/\/www.girosgourmet.com.br\/wp-content\/uploads\/2012\/02\/rec-440x2501.jpg 440w, https:\/\/www.girosgourmet.com.br\/wp-content\/uploads\/2012\/02\/rec-440x2501-300x170.jpg 300w, https:\/\/www.girosgourmet.com.br\/wp-content\/uploads\/2012\/02\/rec-440x2501-150x85.jpg 150w\" sizes=\"auto, (max-width: 440px) 100vw, 440px\" \/><\/a><\/p>\n<iframe src=\"http:\/\/www.facebook.com\/plugins\/like.php?href=https:\/\/www.girosgourmet.com.br\/index.php\/dica-carnavalesca-da-redatora-festival-rec-beat\/&amp;layout=standard&amp;show_faces=1&amp;width=450&amp;action=like&amp;colorscheme=light&amp;font=\" scrolling=\"no\" frameborder=\"0\" style=\"border:none; overflow:hidden; width:450px; height:60px\"><\/iframe>","protected":false},"excerpt":{"rendered":"<p>Desde que eu soube da exist\u00eancia do Festival Rec-Beat por interm\u00e9dio do meu amigo Pedro Paulo Carneiro, virei f\u00e3 de carteirinha! O Rec Beat chega a sua 17\u00ba edi\u00e7\u00e3o e acontecer\u00e1 entre os dias 18 e 21 de fevereiro, a beira do estu\u00e1rio do Rio Capibaribe, no Cais da Alf\u00e2ndega, [&hellip;]<\/p>\n","protected":false},"author":3,"featured_media":0,"comment_status":"open","ping_status":"open","sticky":false,"template":"","format":"standard","meta":{"footnotes":""},"categories":[40,41],"tags":[743],"class_list":["post-3217","post","type-post","status-publish","format-standard","hentry","category-culturamodabelezabem-estar","category-viagens","tag-rec-beat"],"_links":{"self":[{"href":"https:\/\/www.girosgourmet.com.br\/index.php\/wp-json\/wp\/v2\/posts\/3217","targetHints":{"allow":["GET"]}}],"collection":[{"href":"https:\/\/www.girosgourmet.com.br\/index.php\/wp-json\/wp\/v2\/posts"}],"about":[{"href":"https:\/\/www.girosgourmet.com.br\/index.php\/wp-json\/wp\/v2\/types\/post"}],"author":[{"embeddable":true,"href":"https:\/\/www.girosgourmet.com.br\/index.php\/wp-json\/wp\/v2\/users\/3"}],"replies":[{"embeddable":true,"href":"https:\/\/www.girosgourmet.com.br\/index.php\/wp-json\/wp\/v2\/comments?post=3217"}],"version-history":[{"count":2,"href":"https:\/\/www.girosgourmet.com.br\/index.php\/wp-json\/wp\/v2\/posts\/3217\/revisions"}],"predecessor-version":[{"id":3225,"href":"https:\/\/www.girosgourmet.com.br\/index.php\/wp-json\/wp\/v2\/posts\/3217\/revisions\/3225"}],"wp:attachment":[{"href":"https:\/\/www.girosgourmet.com.br\/index.php\/wp-json\/wp\/v2\/media?parent=3217"}],"wp:term":[{"taxonomy":"category","embeddable":true,"href":"https:\/\/www.girosgourmet.com.br\/index.php\/wp-json\/wp\/v2\/categories?post=3217"},{"taxonomy":"post_tag","embeddable":true,"href":"https:\/\/www.girosgourmet.com.br\/index.php\/wp-json\/wp\/v2\/tags?post=3217"}],"curies":[{"name":"wp","href":"https:\/\/api.w.org\/{rel}","templated":true}]}}