{"id":3137,"date":"2012-01-29T22:10:25","date_gmt":"2012-01-30T01:10:25","guid":{"rendered":"http:\/\/www.myfashionlife.com.br\/?p=3137"},"modified":"2012-01-29T22:11:27","modified_gmt":"2012-01-30T01:11:27","slug":"dica-gastronomica-da-semana-iconico-terraco-italia","status":"publish","type":"post","link":"https:\/\/www.girosgourmet.com.br\/index.php\/dica-gastronomica-da-semana-iconico-terraco-italia\/","title":{"rendered":"Dica Gastron\u00f4mica da Semana: Ic\u00f4nico Terra\u00e7o It\u00e1lia"},"content":{"rendered":"<p style=\"text-align: justify;\">Pessoas queridas;<\/p>\n<p style=\"text-align: justify;\">Semana passada foi comemorar o anivers\u00e1rio da minha cidade querida em grande estilo! No ic\u00f4nico <strong>Terra\u00e7o It\u00e1lia<\/strong>&#8230;.Aten\u00e7\u00e3o paulistanos da gema, ou de cora\u00e7\u00e3o esta visita \u00e9 obrigat\u00f3ria e sem contesta\u00e7\u00e3o em suas exist\u00eancias&#8230;e j\u00e1 vou logo adiantando; n\u00e3o \u00e9 s\u00f3 a vista incr\u00edvel da Capital Paulista que \u00e9 a grande atra\u00e7\u00e3o do lugar, a experi\u00eancia gourmet muito sofisticada que voc\u00ea vivenciar\u00e1 por l\u00e1 ser\u00e1 perfeita.<\/p>\n<p style=\"text-align: center;\"><a href=\"http:\/\/www.myfashionlife.com.br\/wp-content\/uploads\/2012\/01\/Imagem46.jpg\"><img loading=\"lazy\" decoding=\"async\" class=\"alignnone size-medium wp-image-3138\" title=\"Imagem46\" src=\"http:\/\/www.myfashionlife.com.br\/wp-content\/uploads\/2012\/01\/Imagem46-300x181.jpg\" alt=\"\" width=\"300\" height=\"181\" srcset=\"https:\/\/www.girosgourmet.com.br\/wp-content\/uploads\/2012\/01\/Imagem46-300x181.jpg 300w, https:\/\/www.girosgourmet.com.br\/wp-content\/uploads\/2012\/01\/Imagem46-150x90.jpg 150w, https:\/\/www.girosgourmet.com.br\/wp-content\/uploads\/2012\/01\/Imagem46.jpg 1024w\" sizes=\"auto, (max-width: 300px) 100vw, 300px\" \/><\/a><\/p>\n<p style=\"text-align: justify;\">O lugar serve com maestria deliciosos pratos da culin\u00e1ria italiana, sob o comando do chef <strong>Samuele Oliva<\/strong>. O restaurante oferece quatro ambientes que emolduram a melhor vista da cidade e uma adega com mais de 200 r\u00f3tulos, mantendo a tradi\u00e7\u00e3o de um servi\u00e7o cl\u00e1ssico e impec\u00e1vel, comandado pelo prestativo e simp\u00e1tico Sr. Freitas.<\/p>\n<p style=\"text-align: justify;\">Durante a festiva degusta\u00e7\u00e3o experimentei a <strong>Salada de Frutos do Mar<\/strong> (R$38,00). A apresenta\u00e7\u00e3o do prato estava t\u00e3o atrativa, que dava pena em desmanch\u00e1-lo.<\/p>\n<p style=\"text-align: center;\">\n<div id=\"attachment_3139\" style=\"width: 310px\" class=\"wp-caption aligncenter\"><a href=\"http:\/\/www.myfashionlife.com.br\/wp-content\/uploads\/2012\/01\/Imagem48.jpg\"><img loading=\"lazy\" decoding=\"async\" aria-describedby=\"caption-attachment-3139\" class=\"size-medium wp-image-3139\" title=\"Imagem48\" src=\"http:\/\/www.myfashionlife.com.br\/wp-content\/uploads\/2012\/01\/Imagem48-300x198.jpg\" alt=\"\" width=\"300\" height=\"198\" srcset=\"https:\/\/www.girosgourmet.com.br\/wp-content\/uploads\/2012\/01\/Imagem48-300x198.jpg 300w, https:\/\/www.girosgourmet.com.br\/wp-content\/uploads\/2012\/01\/Imagem48-150x99.jpg 150w, https:\/\/www.girosgourmet.com.br\/wp-content\/uploads\/2012\/01\/Imagem48.jpg 1024w\" sizes=\"auto, (max-width: 300px) 100vw, 300px\" \/><\/a><p id=\"caption-attachment-3139\" class=\"wp-caption-text\">Salada de Frutos do Mar<\/p><\/div>\n<p style=\"text-align: justify;\">A carne era o <em>mood <\/em>da noite! Experimentei dois pratos tradicionais do menu, come\u00e7ando com o <strong>Filetto di manzo ai funghi<\/strong> (R$104,00), e em seguida a <strong>Cotoletta de Vitela <\/strong>(R$92,00), um carr\u00e9 de vitela ao forno com nhoque de mandioquinha ao molho pesto. Primeiramente temos que falar sobre sua apresenta\u00e7\u00e3o, e sem exagero, foi uma das mais belas que j\u00e1 vi at\u00e9 hoje! Sem contar que a carne estava bem macia, com um molho muito leve e delicado, e com a jun\u00e7\u00e3o do nhoque ao pesto, deu um gosto refrescante aos meus sentidos. Foi um experimento muito marcante. Super recomendo!<\/p>\n<p style=\"text-align: center;\">\n<div id=\"attachment_3140\" style=\"width: 310px\" class=\"wp-caption aligncenter\"><a href=\"http:\/\/www.myfashionlife.com.br\/wp-content\/uploads\/2012\/01\/Imagem51.jpg\"><img loading=\"lazy\" decoding=\"async\" aria-describedby=\"caption-attachment-3140\" class=\"size-medium wp-image-3140\" title=\"Imagem51\" src=\"http:\/\/www.myfashionlife.com.br\/wp-content\/uploads\/2012\/01\/Imagem51-300x199.jpg\" alt=\"\" width=\"300\" height=\"199\" srcset=\"https:\/\/www.girosgourmet.com.br\/wp-content\/uploads\/2012\/01\/Imagem51-300x199.jpg 300w, https:\/\/www.girosgourmet.com.br\/wp-content\/uploads\/2012\/01\/Imagem51-150x99.jpg 150w, https:\/\/www.girosgourmet.com.br\/wp-content\/uploads\/2012\/01\/Imagem51.jpg 1022w\" sizes=\"auto, (max-width: 300px) 100vw, 300px\" \/><\/a><p id=\"caption-attachment-3140\" class=\"wp-caption-text\">Cotoletta de Vitela<\/p><\/div>\n<p style=\"text-align: justify;\">Vale lembrar que o Terra\u00e7o It\u00e1lia apresenta em sua nova vers\u00e3o do card\u00e1pio tr\u00eas op\u00e7\u00f5es de menu degusta\u00e7\u00e3o para todos os gostos e bolsos.<\/p>\n<p style=\"text-align: justify;\">O tempo passou, a cidade cresceu, mas o Terra\u00e7o It\u00e1lia, atualmente com quatro d\u00e9cadas de hist\u00f3ria, continua sendo um maravilhoso cart\u00e3o postal da cidade que vale a pena conhecer. Al\u00e9m disso, sua cozinha consegue atender \u00e0s novas tend\u00eancias da alta gastronomia, mas sem perder sua tradi\u00e7\u00e3o, charme e eleg\u00e2ncia.<\/p>\n<p style=\"text-align: justify;\">Ta sem id\u00e9ia de um lugar para uma noite mega especial com a pessoa amada? Se jogue no Terra\u00e7o It\u00e1lia e guarde a experi\u00eancia na mem\u00f3ria foreverrrrrrrrrrr&#8230;.<\/p>\n<p style=\"text-align: justify;\"><strong>Servi\u00e7o<\/strong><\/p>\n<p style=\"text-align: justify;\">Terra\u00e7o It\u00e1lia- Avenida Ipiranga, 344\u00a0 S\u00e3o Paulo, 01046-010<br \/>\n(0xx)11 2189-2929<\/p>\n<p style=\"text-align: justify;\">Cr\u00e9dito de Imagens: Roberto Salgado<\/p>\n<p style=\"text-align: justify;\">\n<iframe src=\"http:\/\/www.facebook.com\/plugins\/like.php?href=https:\/\/www.girosgourmet.com.br\/index.php\/dica-gastronomica-da-semana-iconico-terraco-italia\/&amp;layout=standard&amp;show_faces=1&amp;width=450&amp;action=like&amp;colorscheme=light&amp;font=\" scrolling=\"no\" frameborder=\"0\" style=\"border:none; overflow:hidden; width:450px; height:60px\"><\/iframe>","protected":false},"excerpt":{"rendered":"<p>Pessoas queridas; Semana passada foi comemorar o anivers\u00e1rio da minha cidade querida em grande estilo! No ic\u00f4nico Terra\u00e7o It\u00e1lia&#8230;.Aten\u00e7\u00e3o paulistanos da gema, ou de cora\u00e7\u00e3o esta visita \u00e9 obrigat\u00f3ria e sem contesta\u00e7\u00e3o em suas exist\u00eancias&#8230;e j\u00e1 vou logo adiantando; n\u00e3o \u00e9 s\u00f3 a vista incr\u00edvel da Capital Paulista que \u00e9 [&hellip;]<\/p>\n","protected":false},"author":3,"featured_media":0,"comment_status":"open","ping_status":"open","sticky":false,"template":"","format":"standard","meta":{"footnotes":""},"categories":[39],"tags":[686,727,726],"class_list":["post-3137","post","type-post","status-publish","format-standard","hentry","category-gastronomia","tag-culinaria-italiana","tag-samuele-oliva","tag-terraco-italia"],"_links":{"self":[{"href":"https:\/\/www.girosgourmet.com.br\/index.php\/wp-json\/wp\/v2\/posts\/3137","targetHints":{"allow":["GET"]}}],"collection":[{"href":"https:\/\/www.girosgourmet.com.br\/index.php\/wp-json\/wp\/v2\/posts"}],"about":[{"href":"https:\/\/www.girosgourmet.com.br\/index.php\/wp-json\/wp\/v2\/types\/post"}],"author":[{"embeddable":true,"href":"https:\/\/www.girosgourmet.com.br\/index.php\/wp-json\/wp\/v2\/users\/3"}],"replies":[{"embeddable":true,"href":"https:\/\/www.girosgourmet.com.br\/index.php\/wp-json\/wp\/v2\/comments?post=3137"}],"version-history":[{"count":3,"href":"https:\/\/www.girosgourmet.com.br\/index.php\/wp-json\/wp\/v2\/posts\/3137\/revisions"}],"predecessor-version":[{"id":3143,"href":"https:\/\/www.girosgourmet.com.br\/index.php\/wp-json\/wp\/v2\/posts\/3137\/revisions\/3143"}],"wp:attachment":[{"href":"https:\/\/www.girosgourmet.com.br\/index.php\/wp-json\/wp\/v2\/media?parent=3137"}],"wp:term":[{"taxonomy":"category","embeddable":true,"href":"https:\/\/www.girosgourmet.com.br\/index.php\/wp-json\/wp\/v2\/categories?post=3137"},{"taxonomy":"post_tag","embeddable":true,"href":"https:\/\/www.girosgourmet.com.br\/index.php\/wp-json\/wp\/v2\/tags?post=3137"}],"curies":[{"name":"wp","href":"https:\/\/api.w.org\/{rel}","templated":true}]}}