{"id":2222,"date":"2011-07-08T17:45:09","date_gmt":"2011-07-08T20:45:09","guid":{"rendered":"http:\/\/www.closetonline.com.br\/blogcarla\/?p=2222"},"modified":"2011-07-08T17:45:09","modified_gmt":"2011-07-08T20:45:09","slug":"dica-da-redatora-para-o-final-de-semana-flip-2011-em-paraty","status":"publish","type":"post","link":"https:\/\/www.girosgourmet.com.br\/index.php\/dica-da-redatora-para-o-final-de-semana-flip-2011-em-paraty\/","title":{"rendered":"Dica da Redatora para o Final de Semana: FLIP 2011, em Paraty"},"content":{"rendered":"<p style=\"text-align: justify;\">Quem n\u00e3o ama livros? Rs\u2026.bem que n\u00e3o ama, s\u00f3 pode ser louco&#8230;..eu amo, sou uma viciada liter\u00e1ria&#8230;.e se voc\u00ea compartilha da mesma opini\u00e3o que a minha, n\u00e3o pode perder a FLIP 2011, que esta acontecendo em Paraty, no Rio de Janeiro e vai rolar at\u00e9 este domingo, dia 10.<\/p>\n<p style=\"text-align: justify;\">A festa Literaria Internacional de Paraty foi criada para promover a literatura, a educa\u00e7\u00e3o&#8230;Al\u00e9m disso, o evento contribui para a resolu\u00e7\u00e3o dos problemas de infraestrutura urbana da cidade&#8230;<\/p>\n<p style=\"text-align: justify;\">L\u00e1 voc\u00ea pode dar de cara com v\u00e1rios escritores do mundo todo&#8230;.e a programa\u00e7\u00e3o \u00e9 contagiante&#8230;este final de semana por exemplo, os visitantes ter\u00e3o a oportunidade de bater um papo com o especialista na obra de Fernando Pessoa, Jos\u00e9 Paulo Cavalcanti; Tamb\u00e9m ter\u00e1 palestra de James Ellroy, autor de livros que deram origem aos filmes D\u00e1lia Negra e Los Angeles- Cidade Proibida.<\/p>\n<p style=\"text-align: justify;\">No \u00faltimo dia da Flip, os acad\u00eamicos Jo\u00e3o Cezar de Castro Rocha e Eduardo Sterzi debatem a antropofagia de Oswald de Andrade. Em seguida, o m\u00fasico David Byrne, ex-Talking Heads, fala de sua trajet\u00f3ria que envolve m\u00fasica, literatura e reflex\u00f5es sobre urbanismo e sustentabilidade. Na terceira mesa, os escritores Laura Restrepo e H\u00e9ctor Abad, ambos colombianos, discutem o impacto dos regimes ditatoriais latino-americanos em suas trajet\u00f3rias.<\/p>\n<p style=\"text-align: justify;\">Sem contar meus queridos, que Paraty \u00e9 uma cidade fofa, agrad\u00e1vel e que respira arte e cultura! N\u00e3o percam esta chance incr\u00edvel! Beijos<\/p>\n<p style=\"text-align: justify;\">Servi\u00e7o<\/p>\n<p>Flip &#8211; Feira Liter\u00e1ria Internacional de Paraty<br \/>\nOnde: Paraty<br \/>\nQuando:\u00a0At\u00e9 10 de julho<br \/>\nQuanto: R$ 40 por mesa para assistir direto da Tenda dos Autores; R$ 10 por mesa para assistir \u00e0 transmiss\u00e3o das sess\u00f5es na Tenda do Tel\u00e3o.<br \/>\nIngressos: as entradas que restaram s\u00f3 poder\u00e3o ser compradas diretamente na bilheteria da Flip, em Paraty.<\/p>\n<p style=\"text-align: center;\"><a href=\"http:\/\/www.closetonline.com.br\/blogcarla\/wp-content\/uploads\/2011\/07\/flip-paraty.jpg\"><img loading=\"lazy\" decoding=\"async\" class=\"alignnone size-medium wp-image-2223\" title=\"_flip-paraty\" src=\"http:\/\/www.closetonline.com.br\/blogcarla\/wp-content\/uploads\/2011\/07\/flip-paraty-300x225.jpg\" alt=\"\" width=\"300\" height=\"225\" srcset=\"https:\/\/www.girosgourmet.com.br\/wp-content\/uploads\/2011\/07\/flip-paraty-300x225.jpg 300w, https:\/\/www.girosgourmet.com.br\/wp-content\/uploads\/2011\/07\/flip-paraty-150x112.jpg 150w, https:\/\/www.girosgourmet.com.br\/wp-content\/uploads\/2011\/07\/flip-paraty.jpg 341w\" sizes=\"auto, (max-width: 300px) 100vw, 300px\" \/><\/a><\/p>\n<iframe src=\"http:\/\/www.facebook.com\/plugins\/like.php?href=https:\/\/www.girosgourmet.com.br\/index.php\/dica-da-redatora-para-o-final-de-semana-flip-2011-em-paraty\/&amp;layout=standard&amp;show_faces=1&amp;width=450&amp;action=like&amp;colorscheme=light&amp;font=\" scrolling=\"no\" frameborder=\"0\" style=\"border:none; overflow:hidden; width:450px; height:60px\"><\/iframe>","protected":false},"excerpt":{"rendered":"<p>Quem n\u00e3o ama livros? Rs\u2026.bem que n\u00e3o ama, s\u00f3 pode ser louco&#8230;..eu amo, sou uma viciada liter\u00e1ria&#8230;.e se voc\u00ea compartilha da mesma opini\u00e3o que a minha, n\u00e3o pode perder a FLIP 2011, que esta acontecendo em Paraty, no Rio de Janeiro e vai rolar at\u00e9 este domingo, dia 10. A [&hellip;]<\/p>\n","protected":false},"author":3,"featured_media":0,"comment_status":"open","ping_status":"open","sticky":false,"template":"","format":"standard","meta":{"footnotes":""},"categories":[40,41],"tags":[291,287,289,290,288],"class_list":["post-2222","post","type-post","status-publish","format-standard","hentry","category-culturamodabelezabem-estar","category-viagens","tag-escritores","tag-flip","tag-literatura","tag-livros","tag-paraty"],"_links":{"self":[{"href":"https:\/\/www.girosgourmet.com.br\/index.php\/wp-json\/wp\/v2\/posts\/2222","targetHints":{"allow":["GET"]}}],"collection":[{"href":"https:\/\/www.girosgourmet.com.br\/index.php\/wp-json\/wp\/v2\/posts"}],"about":[{"href":"https:\/\/www.girosgourmet.com.br\/index.php\/wp-json\/wp\/v2\/types\/post"}],"author":[{"embeddable":true,"href":"https:\/\/www.girosgourmet.com.br\/index.php\/wp-json\/wp\/v2\/users\/3"}],"replies":[{"embeddable":true,"href":"https:\/\/www.girosgourmet.com.br\/index.php\/wp-json\/wp\/v2\/comments?post=2222"}],"version-history":[{"count":1,"href":"https:\/\/www.girosgourmet.com.br\/index.php\/wp-json\/wp\/v2\/posts\/2222\/revisions"}],"predecessor-version":[{"id":2224,"href":"https:\/\/www.girosgourmet.com.br\/index.php\/wp-json\/wp\/v2\/posts\/2222\/revisions\/2224"}],"wp:attachment":[{"href":"https:\/\/www.girosgourmet.com.br\/index.php\/wp-json\/wp\/v2\/media?parent=2222"}],"wp:term":[{"taxonomy":"category","embeddable":true,"href":"https:\/\/www.girosgourmet.com.br\/index.php\/wp-json\/wp\/v2\/categories?post=2222"},{"taxonomy":"post_tag","embeddable":true,"href":"https:\/\/www.girosgourmet.com.br\/index.php\/wp-json\/wp\/v2\/tags?post=2222"}],"curies":[{"name":"wp","href":"https:\/\/api.w.org\/{rel}","templated":true}]}}