{"id":204,"date":"2009-10-10T15:59:20","date_gmt":"2009-10-10T18:59:20","guid":{"rendered":"http:\/\/www.closetonline.com.br\/blogcarla\/?p=204"},"modified":"2011-10-09T23:42:54","modified_gmt":"2011-10-10T02:42:54","slug":"pernambuco-terra-sagrada","status":"publish","type":"post","link":"https:\/\/www.girosgourmet.com.br\/index.php\/pernambuco-terra-sagrada\/","title":{"rendered":"Pernambuco &#8211; Terra Sagrada"},"content":{"rendered":"<p style=\"text-align: justify;\">Recife&#8230;.terra de Manuel Bandeira, de Gylberto Freire, Alceu Valen\u00e7a e de minha s\u00f3cia Cec\u00edlia&#8230;eu tenho um super karma com pernambucanos&#8230;no bom sentido, \u00e9 claro! A melhor empregada que tivemos em casa, a Cicera \u00e9 pernambucana, a madrinha de meu irm\u00e3o que se tornou minha e da Bia tamb\u00e9m, a Madrinha Lourdes era de l\u00e1&#8230;.e a melhor sogra que tive na vida, a Alba&#8230;tamb\u00e9m&#8230;enfim e me sinto feliz por isso!<\/p>\n<p style=\"text-align: justify;\">Conhecer Pernambuco, sempre esteve nos planos e para minha total surpresa eu gostei mais do que supunha&#8230;.ir a Recife Antigo, ver as pontes que remetem Veneza \u00e9 obrigat\u00f3rio&#8230;..Olinda ent\u00e3o, nem ouse n\u00e3o visitar&#8230;.a vista \u00e9 lind\u00edssima e prepare o bolso ir at\u00e9 l\u00e1 e n\u00e3o adquirir objetos artesanais seria cometer um grande pecado! Rs&#8230;..Aproveite a visita nas ladeiras estreitinhas de Olinda e d\u00ea uma paradinha no restaurante \u201cOficina do Sabor\u201d, e lamba seus dedos na sa\u00edda&#8230;o lugar \u00e9 divino e a comida dos deuses&#8230;<\/p>\n<p style=\"text-align: justify;\">Agora de todos os lugares estranhos que fui neste mundo de meu Deus&#8230;.A oficina de Brennand, com certeza ganha disparado, lugar \u00fanico no mundo, garanto! Trata-se de um lugar imenso e original, onde as obras do artista se associa a arquitetura para dar forma a um universo curioso e inusitado&#8230;quem for a Recife e gosta desta mistura de arte e arquitetura, putz vai se esbaldar e se surpreender bastante&#8230;e por fim Porto de Galinhas, \u00e9 meio manjado do tipo cheio de turistas, mas tive sorte&#8230;..e nadar no Pontal do Macara\u00edpe foi uma sensa\u00e7\u00e3o incr\u00edvel, me sentia a pr\u00f3pria sereia do Nemo&#8230;hahahahaha&#8230;&#8230;.bem aquela velha historia, ser viajante \u00e9 uma das melhores coisas da vida&#8230;portanto se ficou com vontade, pegue a mochila e visite esta terra sagrada&#8230;..ahhhhhhhh a companhia de Juliana, Cec\u00edlia foram fundamentais para os meus momentos felizes!<\/p>\n<p style=\"text-align: justify;\">Beij\u00e3ooooooooooo<\/p>\n<p style=\"text-align: center;\"><a href=\"http:\/\/www.closetonline.com.br\/blogcarla\/wp-content\/uploads\/2009\/10\/072-C\u00f3pia-2.jpg\"><\/a><a href=\"http:\/\/www.closetonline.com.br\/blogcarla\/wp-content\/uploads\/2009\/10\/recife-ii.jpg\"><img loading=\"lazy\" decoding=\"async\" class=\"alignnone size-medium wp-image-2547\" title=\"_recife-ii\" src=\"http:\/\/www.closetonline.com.br\/blogcarla\/wp-content\/uploads\/2009\/10\/recife-ii-300x225.jpg\" alt=\"\" width=\"300\" height=\"225\" srcset=\"https:\/\/www.girosgourmet.com.br\/wp-content\/uploads\/2009\/10\/recife-ii-300x225.jpg 300w, https:\/\/www.girosgourmet.com.br\/wp-content\/uploads\/2009\/10\/recife-ii-150x112.jpg 150w, https:\/\/www.girosgourmet.com.br\/wp-content\/uploads\/2009\/10\/recife-ii.jpg 1024w\" sizes=\"auto, (max-width: 300px) 100vw, 300px\" \/><\/a><a href=\"http:\/\/www.closetonline.com.br\/blogcarla\/wp-content\/uploads\/2010\/05\/41.jpg\"><\/a><\/p>\n<iframe src=\"http:\/\/www.facebook.com\/plugins\/like.php?href=https:\/\/www.girosgourmet.com.br\/index.php\/pernambuco-terra-sagrada\/&amp;layout=standard&amp;show_faces=1&amp;width=450&amp;action=like&amp;colorscheme=light&amp;font=\" scrolling=\"no\" frameborder=\"0\" style=\"border:none; overflow:hidden; width:450px; height:60px\"><\/iframe>","protected":false},"excerpt":{"rendered":"<p>Recife&#8230;.terra de Manuel Bandeira, de Gylberto Freire, Alceu Valen\u00e7a e de minha s\u00f3cia Cec\u00edlia&#8230;eu tenho um super karma com pernambucanos&#8230;no bom sentido, \u00e9 claro! A melhor empregada que tivemos em casa, a Cicera \u00e9 pernambucana, a madrinha de meu irm\u00e3o que se tornou minha e da Bia tamb\u00e9m, a Madrinha [&hellip;]<\/p>\n","protected":false},"author":3,"featured_media":0,"comment_status":"open","ping_status":"open","sticky":false,"template":"","format":"standard","meta":{"footnotes":""},"categories":[41],"tags":[437,436,435],"class_list":["post-204","post","type-post","status-publish","format-standard","hentry","category-viagens","tag-olinda","tag-pernambuco","tag-recife"],"_links":{"self":[{"href":"https:\/\/www.girosgourmet.com.br\/index.php\/wp-json\/wp\/v2\/posts\/204","targetHints":{"allow":["GET"]}}],"collection":[{"href":"https:\/\/www.girosgourmet.com.br\/index.php\/wp-json\/wp\/v2\/posts"}],"about":[{"href":"https:\/\/www.girosgourmet.com.br\/index.php\/wp-json\/wp\/v2\/types\/post"}],"author":[{"embeddable":true,"href":"https:\/\/www.girosgourmet.com.br\/index.php\/wp-json\/wp\/v2\/users\/3"}],"replies":[{"embeddable":true,"href":"https:\/\/www.girosgourmet.com.br\/index.php\/wp-json\/wp\/v2\/comments?post=204"}],"version-history":[{"count":6,"href":"https:\/\/www.girosgourmet.com.br\/index.php\/wp-json\/wp\/v2\/posts\/204\/revisions"}],"predecessor-version":[{"id":2546,"href":"https:\/\/www.girosgourmet.com.br\/index.php\/wp-json\/wp\/v2\/posts\/204\/revisions\/2546"}],"wp:attachment":[{"href":"https:\/\/www.girosgourmet.com.br\/index.php\/wp-json\/wp\/v2\/media?parent=204"}],"wp:term":[{"taxonomy":"category","embeddable":true,"href":"https:\/\/www.girosgourmet.com.br\/index.php\/wp-json\/wp\/v2\/categories?post=204"},{"taxonomy":"post_tag","embeddable":true,"href":"https:\/\/www.girosgourmet.com.br\/index.php\/wp-json\/wp\/v2\/tags?post=204"}],"curies":[{"name":"wp","href":"https:\/\/api.w.org\/{rel}","templated":true}]}}