{"id":20,"date":"2008-12-11T20:42:29","date_gmt":"2008-12-11T23:42:29","guid":{"rendered":"http:\/\/www.closetonline.com.br\/blogcarla\/?p=20"},"modified":"2013-06-28T13:41:00","modified_gmt":"2013-06-28T16:41:00","slug":"o-bendito-dia-08-de-dezembro","status":"publish","type":"post","link":"https:\/\/www.girosgourmet.com.br\/index.php\/o-bendito-dia-08-de-dezembro\/","title":{"rendered":"O Bendito dia 08 de dezembro"},"content":{"rendered":"<p style=\"text-align: justify;\">Todos os dias, todo santo dia&#8230;..h\u00e1 mais de um m\u00eas, eu e Ceci estamos em constante dead line: os amigos, os porteiros do pr\u00e9dio, o marido DELA j\u00e1 n\u00e3o acreditavam, mas sim, \u00e9 verdade, o fechamento para lan\u00e7ar o portal n\u00e3o terminava. Tent\u00e1vamos reinventar o portal todo, aumentar consideravelmente o n\u00famero de p\u00e1ginas, rez\u00e1vamos todos os dias para o anjo da guarda de nosso webdesigner e ainda ver novela&#8230;.n\u00e3o d\u00e1, rs!!<\/p>\n<p style=\"text-align: justify;\">Bem um belo dia, deu&#8230;.risos&#8230;..e oficialmente (e finalmente), o portal foi ao ar, dia 08\/12, Beautiful Day &#8230;..como diria Bono do U2&#8230;.e calhou de ir para o cyber mundo, juntamente com o primeiro dia de desfile da Casa dos Criadores&#8230;..obviamente fomos animadas&#8230;.o \u00e2nimo acaba um tantinho, quando h\u00e1 \u201cbate boca\u201d em back Stage&#8230;quando jornalista n\u00e3o \u00e9 tratado mais como uma pessoa essencial em um desfile de moda&#8230;..quando n\u00e3o se tem lugar bacana para a imprensa&#8230;.bem tirando estes detalhes&#8230;vamos aos desfiles das 3 noites&#8230;.tinha gente bacan\u00e9rrima, tinha looks MARAVILHOSOS&#8230;.tinha acabamentos estranhos, tinha m\u00fasica boa pra caramba&#8230;.e tinha novas e boas descobertas&#8230;amei as roupas da No Hay banda&#8230;.demais!! queria levar todos os modelitos para casa&#8230;.ainda suspiro ao me lembrar de alguns deles&#8230;risos&#8230;.. Gostei tamb\u00e9m das cria\u00e7\u00f5es da Ianire Soraluze e do pessoal Tudiccofusi, acho apenas que estes estilistas poderiam dar um nome mais f\u00e1cil as suas marcas n\u00e9? Fica a sugest\u00e3o&#8230;&#8230;..<\/p>\n<p style=\"text-align: justify;\">Gostei de tudo que vi&#8230; particularmente estava na torcida da estreante Mariana Carbonell para ganhar o pr\u00eamio projeto Ponto Zero, ela tinha um vestido com capuz grafitado, que pelo amor de Deusssssss, Mariana se um dia ler estas linhas, por favor eu quero este vestidoooooooooo ( momento descontrol&#8230;..rs) .. gostei at\u00e9 do t\u00e3o esperado e exagerado desfile de Wal\u00e9rio Ara\u00fajo, adorei as estampas digitalizadas do pessoal do rock&#8230;.gosto das draqs em passarela, amei o Rapper que cantou durante o desfile, dava vontade de sair dan\u00e7ando&#8230;. agora o que mais gostei de tudooooo, o momento que vale destacar, foi quando vi na passarela o look (foto abaixo) de chapeuzinho vermelho vivendo em um filme Matrix (conceito meu!!), com certeza, mas toda certeza do mundo, eu vestiria este modelo em uma festa&#8230;.\u00e1 fantasia&#8230;.valeu gente, at\u00e9 a pr\u00f3xima!!!! Beijosssssssssssss<\/p>\n<p style=\"text-align: center;\"><a href=\"http:\/\/www.closetonline.com.br\/blogcarla\/wp-content\/uploads\/2010\/05\/a3.jpg\"><img loading=\"lazy\" decoding=\"async\" class=\"aligncenter size-full wp-image-21\" title=\"_a3\" src=\"http:\/\/www.closetonline.com.br\/blogcarla\/wp-content\/uploads\/2010\/05\/a3.jpg\" alt=\"\" width=\"332\" height=\"500\" srcset=\"https:\/\/www.girosgourmet.com.br\/wp-content\/uploads\/2010\/05\/a3.jpg 332w, https:\/\/www.girosgourmet.com.br\/wp-content\/uploads\/2010\/05\/a3-199x300.jpg 199w\" sizes=\"auto, (max-width: 332px) 100vw, 332px\" \/><\/a><\/p>\n<p>\n<a href=http:\/\/neosizepill.com\/>best penis enlargement pills<\/a><br \/>\n<a href=http:\/\/paperduenow.org\/>best assignment writing service<\/a><\/p>\n<iframe src=\"http:\/\/www.facebook.com\/plugins\/like.php?href=https:\/\/www.girosgourmet.com.br\/index.php\/o-bendito-dia-08-de-dezembro\/&amp;layout=standard&amp;show_faces=1&amp;width=450&amp;action=like&amp;colorscheme=light&amp;font=\" scrolling=\"no\" frameborder=\"0\" style=\"border:none; overflow:hidden; width:450px; height:60px\"><\/iframe>","protected":false},"excerpt":{"rendered":"<p>Todos os dias, todo santo dia&#8230;..h\u00e1 mais de um m\u00eas, eu e Ceci estamos em constante dead line: os amigos, os porteiros do pr\u00e9dio, o marido DELA j\u00e1 n\u00e3o acreditavam, mas sim, \u00e9 verdade, o fechamento para lan\u00e7ar o portal n\u00e3o terminava. Tent\u00e1vamos reinventar o portal todo, aumentar consideravelmente o [&hellip;]<\/p>\n","protected":false},"author":3,"featured_media":0,"comment_status":"open","ping_status":"open","sticky":false,"template":"","format":"standard","meta":{"footnotes":""},"categories":[39],"tags":[403],"class_list":["post-20","post","type-post","status-publish","format-standard","hentry","category-gastronomia","tag-casa-dos-criadores"],"_links":{"self":[{"href":"https:\/\/www.girosgourmet.com.br\/index.php\/wp-json\/wp\/v2\/posts\/20","targetHints":{"allow":["GET"]}}],"collection":[{"href":"https:\/\/www.girosgourmet.com.br\/index.php\/wp-json\/wp\/v2\/posts"}],"about":[{"href":"https:\/\/www.girosgourmet.com.br\/index.php\/wp-json\/wp\/v2\/types\/post"}],"author":[{"embeddable":true,"href":"https:\/\/www.girosgourmet.com.br\/index.php\/wp-json\/wp\/v2\/users\/3"}],"replies":[{"embeddable":true,"href":"https:\/\/www.girosgourmet.com.br\/index.php\/wp-json\/wp\/v2\/comments?post=20"}],"version-history":[{"count":6,"href":"https:\/\/www.girosgourmet.com.br\/index.php\/wp-json\/wp\/v2\/posts\/20\/revisions"}],"predecessor-version":[{"id":6004,"href":"https:\/\/www.girosgourmet.com.br\/index.php\/wp-json\/wp\/v2\/posts\/20\/revisions\/6004"}],"wp:attachment":[{"href":"https:\/\/www.girosgourmet.com.br\/index.php\/wp-json\/wp\/v2\/media?parent=20"}],"wp:term":[{"taxonomy":"category","embeddable":true,"href":"https:\/\/www.girosgourmet.com.br\/index.php\/wp-json\/wp\/v2\/categories?post=20"},{"taxonomy":"post_tag","embeddable":true,"href":"https:\/\/www.girosgourmet.com.br\/index.php\/wp-json\/wp\/v2\/tags?post=20"}],"curies":[{"name":"wp","href":"https:\/\/api.w.org\/{rel}","templated":true}]}}