{"id":1684,"date":"2011-03-16T00:23:35","date_gmt":"2011-03-16T03:23:35","guid":{"rendered":"http:\/\/www.closetonline.com.br\/blogcarla\/?p=1684"},"modified":"2011-03-31T02:03:20","modified_gmt":"2011-03-31T05:03:20","slug":"o-design-criativo-de-maria-westerberg","status":"publish","type":"post","link":"https:\/\/www.girosgourmet.com.br\/index.php\/o-design-criativo-de-maria-westerberg\/","title":{"rendered":"O Design criativo de Maria Westerberg"},"content":{"rendered":"<p style=\"text-align: justify;\">Eu gosto de gente criativa, e hoje eu vi o trabalho da designer sueca Maria Westerberg que achei super incr\u00edvel&#8230;Ela criou uma pe\u00e7a mega interessante com a ajudinha b\u00e1sica de 40 amigos&#8230;..como assim? rs&#8230;.explico&#8230;destas 40 pessoas, ela recolheu t-shirts, jeans velho e at\u00e9 mesmo a cortina de sua av\u00f3 para criar uma cadeira inteira com tecidos aproveitados&#8230;.<\/p>\n<p style=\"text-align: justify;\">A estrutura do m\u00f3vel foi toda feita de a\u00e7o&#8230;e j\u00e1 criada para tran\u00e7ar as mat\u00e9rias-primas&#8230;..sendo poss\u00edvel inserir ou retirar os tecidos para customizar as cores e textura do ic\u00f4nico objeto.<\/p>\n<p style=\"text-align: center;\"><a href=\"http:\/\/www.closetonline.com.br\/blogcarla\/wp-content\/uploads\/2011\/03\/Maria-cadeira-camiseta.jpg\"><img loading=\"lazy\" decoding=\"async\" class=\"alignnone size-medium wp-image-1683\" title=\"_Maria cadeira-camiseta\" src=\"http:\/\/www.closetonline.com.br\/blogcarla\/wp-content\/uploads\/2011\/03\/Maria-cadeira-camiseta-300x227.jpg\" alt=\"\" width=\"300\" height=\"227\" srcset=\"https:\/\/www.girosgourmet.com.br\/wp-content\/uploads\/2011\/03\/Maria-cadeira-camiseta-300x227.jpg 300w, https:\/\/www.girosgourmet.com.br\/wp-content\/uploads\/2011\/03\/Maria-cadeira-camiseta-150x113.jpg 150w, https:\/\/www.girosgourmet.com.br\/wp-content\/uploads\/2011\/03\/Maria-cadeira-camiseta.jpg 600w\" sizes=\"auto, (max-width: 300px) 100vw, 300px\" \/><\/a><\/p>\n<p style=\"text-align: justify;\">Al\u00e9m de ter a oportunidade de refaz\u00ea-la toda vez que enjoar, outro trunfo curioso \u00e9 que a cadeira permite colecionar hist\u00f3rias das pe\u00e7as que ir\u00e3o format\u00e1-la! \u00a0Com a inten\u00e7\u00e3o de mexer com o sentimento das pessoas&#8230;&#8230;s\u00f3 uma mulher para pensar nestes pequenos detalhes&#8230;.j\u00e1 virei f\u00e3 da garota!<\/p>\n<p style=\"text-align: justify;\">A id\u00e9ia foi t\u00e3o bem aceita que Maria foi premiada na Su\u00e9cia, pelo Green Furniture Award 2011&#8230;..e diga-se de passagem foi bem merecido o pr\u00eamio&#8230;.<\/p>\n<p style=\"text-align: justify;\">Com o sucesso do primeiro trabalho, Maria abriu seu pr\u00f3prio est\u00fadio, com sede em Estocolmo, onde produz pe\u00e7as individuais, buscando alinhar design e materiais reaproveitados.<\/p>\n<p style=\"text-align: center;\"><a href=\"http:\/\/www.closetonline.com.br\/blogcarla\/wp-content\/uploads\/2011\/03\/product.jpg\"><img loading=\"lazy\" decoding=\"async\" class=\"alignnone size-medium wp-image-1685\" title=\"_product\" src=\"http:\/\/www.closetonline.com.br\/blogcarla\/wp-content\/uploads\/2011\/03\/product-300x183.jpg\" alt=\"\" width=\"300\" height=\"183\" srcset=\"https:\/\/www.girosgourmet.com.br\/wp-content\/uploads\/2011\/03\/product-300x183.jpg 300w, https:\/\/www.girosgourmet.com.br\/wp-content\/uploads\/2011\/03\/product-150x91.jpg 150w, https:\/\/www.girosgourmet.com.br\/wp-content\/uploads\/2011\/03\/product.jpg 425w\" sizes=\"auto, (max-width: 300px) 100vw, 300px\" \/><\/a><\/p>\n<p style=\"text-align: justify;\">\u201cO tema para a maioria dos meus projetos \u00e9 criar novas formas e fun\u00e7\u00f5es \u00fanicas de objetos existentes com a sua pr\u00f3pria express\u00e3o est\u00e9tica e coloc\u00e1-los em um novo contexto. Eu sou atra\u00eddo pela ideia de trabalhar com objetos que j\u00e1 t\u00eam uma hist\u00f3ria e mud\u00e1-lo. A id\u00e9ia de dar uma segunda chance as coisas \u00e9 inspiradora&#8230; um novo objeto com uma alma antiga.\u201d \u2013 revela a artista<\/p>\n<p style=\"text-align: justify;\">O projeto mais recente de Maria \u00e9 uma casa chamada de Reflexos. Ela \u00e9 feita com espelhos cortados. O projeto fez parte de exibi\u00e7\u00e3o pol\u00edtica exposta em plena rua do centro de Estocolmo durante as elei\u00e7\u00f5es suecas de 2010.<\/p>\n<p style=\"text-align: center;\"><a href=\"http:\/\/www.closetonline.com.br\/blogcarla\/wp-content\/uploads\/2011\/03\/Maria-reflexo.jpg\"><img loading=\"lazy\" decoding=\"async\" class=\"alignnone size-medium wp-image-1686\" title=\"_Maria reflexo\" src=\"http:\/\/www.closetonline.com.br\/blogcarla\/wp-content\/uploads\/2011\/03\/Maria-reflexo-300x183.jpg\" alt=\"\" width=\"300\" height=\"183\" srcset=\"https:\/\/www.girosgourmet.com.br\/wp-content\/uploads\/2011\/03\/Maria-reflexo-300x183.jpg 300w, https:\/\/www.girosgourmet.com.br\/wp-content\/uploads\/2011\/03\/Maria-reflexo-150x91.jpg 150w, https:\/\/www.girosgourmet.com.br\/wp-content\/uploads\/2011\/03\/Maria-reflexo.jpg 425w\" sizes=\"auto, (max-width: 300px) 100vw, 300px\" \/><\/a><\/p>\n<p style=\"text-align: justify;\">E ai gostaram? Eu ameiiiiiiiiiiiiiiiiii&#8230;&#8230;&#8230;&#8230;&#8230;<\/p>\n<iframe src=\"http:\/\/www.facebook.com\/plugins\/like.php?href=https:\/\/www.girosgourmet.com.br\/index.php\/o-design-criativo-de-maria-westerberg\/&amp;layout=standard&amp;show_faces=1&amp;width=450&amp;action=like&amp;colorscheme=light&amp;font=\" scrolling=\"no\" frameborder=\"0\" style=\"border:none; overflow:hidden; width:450px; height:60px\"><\/iframe>","protected":false},"excerpt":{"rendered":"<p>Eu gosto de gente criativa, e hoje eu vi o trabalho da designer sueca Maria Westerberg que achei super incr\u00edvel&#8230;Ela criou uma pe\u00e7a mega interessante com a ajudinha b\u00e1sica de 40 amigos&#8230;..como assim? rs&#8230;.explico&#8230;destas 40 pessoas, ela recolheu t-shirts, jeans velho e at\u00e9 mesmo a cortina de sua av\u00f3 para [&hellip;]<\/p>\n","protected":false},"author":3,"featured_media":0,"comment_status":"open","ping_status":"open","sticky":false,"template":"","format":"standard","meta":{"footnotes":""},"categories":[39],"tags":[69,1612,71,72,70],"class_list":["post-1684","post","type-post","status-publish","format-standard","hentry","category-gastronomia","tag-cadeira","tag-design","tag-jeans","tag-premio","tag-t-shirts"],"_links":{"self":[{"href":"https:\/\/www.girosgourmet.com.br\/index.php\/wp-json\/wp\/v2\/posts\/1684","targetHints":{"allow":["GET"]}}],"collection":[{"href":"https:\/\/www.girosgourmet.com.br\/index.php\/wp-json\/wp\/v2\/posts"}],"about":[{"href":"https:\/\/www.girosgourmet.com.br\/index.php\/wp-json\/wp\/v2\/types\/post"}],"author":[{"embeddable":true,"href":"https:\/\/www.girosgourmet.com.br\/index.php\/wp-json\/wp\/v2\/users\/3"}],"replies":[{"embeddable":true,"href":"https:\/\/www.girosgourmet.com.br\/index.php\/wp-json\/wp\/v2\/comments?post=1684"}],"version-history":[{"count":5,"href":"https:\/\/www.girosgourmet.com.br\/index.php\/wp-json\/wp\/v2\/posts\/1684\/revisions"}],"predecessor-version":[{"id":1780,"href":"https:\/\/www.girosgourmet.com.br\/index.php\/wp-json\/wp\/v2\/posts\/1684\/revisions\/1780"}],"wp:attachment":[{"href":"https:\/\/www.girosgourmet.com.br\/index.php\/wp-json\/wp\/v2\/media?parent=1684"}],"wp:term":[{"taxonomy":"category","embeddable":true,"href":"https:\/\/www.girosgourmet.com.br\/index.php\/wp-json\/wp\/v2\/categories?post=1684"},{"taxonomy":"post_tag","embeddable":true,"href":"https:\/\/www.girosgourmet.com.br\/index.php\/wp-json\/wp\/v2\/tags?post=1684"}],"curies":[{"name":"wp","href":"https:\/\/api.w.org\/{rel}","templated":true}]}}