{"id":1529,"date":"2011-02-07T19:37:12","date_gmt":"2011-02-07T22:37:12","guid":{"rendered":"http:\/\/www.closetonline.com.br\/blogcarla\/?p=1529"},"modified":"2011-03-31T12:28:50","modified_gmt":"2011-03-31T15:28:50","slug":"brazil-fashion-cruise","status":"publish","type":"post","link":"https:\/\/www.girosgourmet.com.br\/index.php\/brazil-fashion-cruise\/","title":{"rendered":"Brazil Fashion Cruise&#8230;."},"content":{"rendered":"<p style=\"text-align: justify;\">Oiiiiiiiiiiiiiiii sentiram minha falta? Pois \u00e9 ap\u00f3s 09 dias de moda, m\u00fasica e arte&#8230;..em um cruzeiro pela Am\u00e9rica Latina&#8230;.estou de volta! Iluminada, cheia de energia e um pouquinho pesada (g-zuis&#8230;..rs)<\/p>\n<p style=\"text-align: justify;\">Para quem desconhecia\u00a0 meu paradeiro, eu estava cobrindo a 3\u00ba edi\u00e7\u00e3o do Brazil Fashion Cruise e o conv\u00e9s do MSC \u00d3pera durante esta semana se transformou em um grande palco que uniu diversas vertentes art\u00edsticas para um p\u00fablico apaixonado por moda&#8230;..<\/p>\n<p>Al\u00e9m disso, nos deliciamos em tr\u00eas cidades encantadoras; Buenos Aires, Punta Del Leste e S\u00e3o Francisco do Sul&#8230;..e nestes intervalos pude conhecer novos points e claro algumas viagens gastron\u00f4micas e fashionistas fizeram parte da agenda atribulada&#8230;..<\/p>\n<p style=\"text-align: justify;\">O querid\u00edssimo Fredy Campos nos levou a um lugar charmosissimo e cheio de sofistica\u00e7\u00e3o aos amantes de uma boa carne argentina, no Bairro de Palermo, em Buenos Aires&#8230; Trata-se do <strong><a href=\"http:\/\/www.parrillalacabrera.com.ar\/default2.html\">La Cabrera<\/a><\/strong><\/p>\n<p style=\"text-align: justify;\">O lugar tem um belo visual e a maciez da carne argentina convenhamos \u00e9 reconhecida como uma das melhores do mundo&#8230; O local \u00e9 ideal para compartilhar desde um bom almo\u00e7o de neg\u00f3cios ou happy hour at\u00e9 um jantar a luz de velas&#8230;.e o card\u00e1pio responde a todos os padr\u00f5es tradicionais de um bom churrasco argentino&#8230;..e o sabor irresist\u00edvel!<\/p>\n<div id=\"attachment_1530\" style=\"width: 310px\" class=\"wp-caption aligncenter\"><a href=\"http:\/\/www.closetonline.com.br\/blogcarla\/wp-content\/uploads\/2011\/02\/Fashion-La-Calabrera.jpg\"><img loading=\"lazy\" decoding=\"async\" aria-describedby=\"caption-attachment-1530\" class=\"size-medium wp-image-1530\" title=\"Fashion La Calabrera\" src=\"http:\/\/www.closetonline.com.br\/blogcarla\/wp-content\/uploads\/2011\/02\/Fashion-La-Calabrera-300x300.jpg\" alt=\"\" width=\"300\" height=\"300\" srcset=\"https:\/\/www.girosgourmet.com.br\/wp-content\/uploads\/2011\/02\/Fashion-La-Calabrera-300x300.jpg 300w, https:\/\/www.girosgourmet.com.br\/wp-content\/uploads\/2011\/02\/Fashion-La-Calabrera-150x150.jpg 150w, https:\/\/www.girosgourmet.com.br\/wp-content\/uploads\/2011\/02\/Fashion-La-Calabrera.jpg 612w\" sizes=\"auto, (max-width: 300px) 100vw, 300px\" \/><\/a><p id=\"caption-attachment-1530\" class=\"wp-caption-text\">La Cabrera<\/p><\/div>\n<p style=\"text-align: justify;\">Dois dias \u00e9 pouco na capital portenha, mas tempo suficiente para umas comprinhas sem culpa&#8230;Um lugar bacan\u00e9rrimo que descobri desta vez foi \u00e0 loja home chamada <strong><a href=\"http:\/\/www.morph.com.ar\/site\/home.html\">Morph<\/a> <\/strong>, o espa\u00e7o \u00e9 uma esp\u00e9cie de Tok Stok, mas com pre\u00e7os bem \u00a0mais camaradas&#8230;comprei umas coisinhas incr\u00edveis para meu novo lar&#8230;..Lumin\u00e1rias lindas e desmont\u00e1veis, porta velas, vasos, copos, brinquedos educativos&#8230;.enfim voc\u00ea passar\u00e1 horas nesta <em>flagship<\/em>, tenha certeza!<\/p>\n<div id=\"attachment_1531\" style=\"width: 310px\" class=\"wp-caption aligncenter\"><a href=\"http:\/\/www.closetonline.com.br\/blogcarla\/wp-content\/uploads\/2011\/02\/morph.png\"><img loading=\"lazy\" decoding=\"async\" aria-describedby=\"caption-attachment-1531\" class=\"size-medium wp-image-1531\" title=\"_morph\" src=\"http:\/\/www.closetonline.com.br\/blogcarla\/wp-content\/uploads\/2011\/02\/morph-300x193.png\" alt=\"\" width=\"300\" height=\"193\" srcset=\"https:\/\/www.girosgourmet.com.br\/wp-content\/uploads\/2011\/02\/morph-300x193.png 300w, https:\/\/www.girosgourmet.com.br\/wp-content\/uploads\/2011\/02\/morph-150x96.png 150w, https:\/\/www.girosgourmet.com.br\/wp-content\/uploads\/2011\/02\/morph.png 732w\" sizes=\"auto, (max-width: 300px) 100vw, 300px\" \/><\/a><p id=\"caption-attachment-1531\" class=\"wp-caption-text\">Morph<\/p><\/div>\n<p style=\"text-align: justify;\">Ap\u00f3s dias em terras portenhas&#8230;.\u201dnadamos\u201d para a linda e maravilhosa cidade de Punta Del Leste&#8230;Ir ao Uruguai e n\u00e3o visitar esta cidade \u00e9 praticamente um crime. Trata-se de um lugar diferente e instigante&#8230;.e em qualquer lugar que voc\u00ea esteja, uma coisa \u00e9 certa, encontrar\u00e1 uma vista maravilhosa&#8230;.Destaque para <strong>Casapueblo<\/strong>.<\/p>\n<p style=\"text-align: justify;\">Neste Museu\/Hotel alguns sentimentos especiais despertaram dentro de mim&#8230;O lugar tem se transformado num s\u00edmbolo tur\u00edstico de Punta del Este e num dos mais representativos Resorts do Uruguai&#8230;Casapueblo foi criado pelo multifac\u00e9tico artista uruguaio Carlos Paez Vilar\u00f3 como uma enorme escultura na qual pode viver, pintar e onde receber os amigos \u00e9 prioridade n\u00famero um&#8230;..Parada obrigat\u00f3ria em sua primeira visita a Pen\u00ednsula!<\/p>\n<div id=\"attachment_1532\" style=\"width: 310px\" class=\"wp-caption aligncenter\"><a href=\"http:\/\/www.closetonline.com.br\/blogcarla\/wp-content\/uploads\/2011\/02\/casapueblo.jpg\"><img loading=\"lazy\" decoding=\"async\" aria-describedby=\"caption-attachment-1532\" class=\"size-medium wp-image-1532\" title=\"_casapueblo\" src=\"http:\/\/www.closetonline.com.br\/blogcarla\/wp-content\/uploads\/2011\/02\/casapueblo-300x225.jpg\" alt=\"\" width=\"300\" height=\"225\" srcset=\"https:\/\/www.girosgourmet.com.br\/wp-content\/uploads\/2011\/02\/casapueblo-300x225.jpg 300w, https:\/\/www.girosgourmet.com.br\/wp-content\/uploads\/2011\/02\/casapueblo-150x112.jpg 150w, https:\/\/www.girosgourmet.com.br\/wp-content\/uploads\/2011\/02\/casapueblo.jpg 1024w\" sizes=\"auto, (max-width: 300px) 100vw, 300px\" \/><\/a><p id=\"caption-attachment-1532\" class=\"wp-caption-text\">Casapueblo<\/p><\/div>\n<p style=\"text-align: justify;\">A grande dica gastron\u00f4mica \u00e9 o restaurante <strong><a href=\"http:\/\/www.lodetere.com\/\">Lo De Tere<\/a><\/strong>, este lugar representa e muito bem a culin\u00e1ria local\u2026..com localiza\u00e7\u00e3o estrat\u00e9gica (Na Beira do Porto) e decora\u00e7\u00e3o de extremo bom gosto\u2026Os nomes de cada prato \u00e9 divertidissimo e bastante sugestivos\u2026.tais como; Mi Amigo el Vasco, Robert Redford e Mas Uruguayo que Nunca! Destaque para o prato \u201cComo Dios Manda\u201d, suculento bife de vitela coberto com um gostoso molho crocante, cogumelos e miolo de p\u00e3o&#8230;&#8230;.de lamber os dedos!<\/p>\n<div id=\"attachment_1533\" style=\"width: 310px\" class=\"wp-caption aligncenter\"><a href=\"http:\/\/www.closetonline.com.br\/blogcarla\/wp-content\/uploads\/2011\/02\/Le-Tere.jpg\"><img loading=\"lazy\" decoding=\"async\" aria-describedby=\"caption-attachment-1533\" class=\"size-medium wp-image-1533\" title=\"_Le Tere\" src=\"http:\/\/www.closetonline.com.br\/blogcarla\/wp-content\/uploads\/2011\/02\/Le-Tere-300x225.jpg\" alt=\"\" width=\"300\" height=\"225\" srcset=\"https:\/\/www.girosgourmet.com.br\/wp-content\/uploads\/2011\/02\/Le-Tere-300x225.jpg 300w, https:\/\/www.girosgourmet.com.br\/wp-content\/uploads\/2011\/02\/Le-Tere-150x112.jpg 150w, https:\/\/www.girosgourmet.com.br\/wp-content\/uploads\/2011\/02\/Le-Tere.jpg 1024w\" sizes=\"auto, (max-width: 300px) 100vw, 300px\" \/><\/a><p id=\"caption-attachment-1533\" class=\"wp-caption-text\">Prato \u201cComo Dios Manda\u201d<\/p><\/div>\n<p style=\"text-align: justify;\">Em nossa \u00faltima paradinha, j\u00e1 em terras brasileiras, tive a oportunidade de conhecer uma cidade gracinha em SC, chamada <strong>S\u00e3o Francisco do Sul<\/strong>, um belo recanto para quem busca sossego e muita praia&#8230;.esta cidade \u00e9 cercada por 24 ilhas&#8230;.enquanto estive por ali conheci um rom\u00e2ntico conjunto de 150 casas tombadas pelo Patrim\u00f4nio Hist\u00f3rico, muita delas contando com algumas centenas de anos&#8230;e foi mais do que um passeio: um resgate da hist\u00f3ria do Brasil&#8230;.foi l\u00e1 que em 1504 chegou a expedi\u00e7\u00e3o de Binot Paulmier de Gonneville, em busca de belas riquezas&#8230;.n\u00e3o deixem de visitar o Museu Nacional do Mar, o Mercado Municipal e o Morro P\u00e3o de A\u00e7ucar&#8230;..ahhhhhhh e as praias de Paulas e a praia de Itagua\u00e7u&#8230;..local que no inverno transforma-se no lar de diversos pescadores durante a \u00e9poca da pesca da tainha.<\/p>\n<p style=\"text-align: center;\"><a href=\"http:\/\/www.closetonline.com.br\/blogcarla\/wp-content\/uploads\/2011\/02\/SFS.jpg\"><img loading=\"lazy\" decoding=\"async\" class=\"size-medium wp-image-1534 aligncenter\" title=\"_SFS\" src=\"http:\/\/www.closetonline.com.br\/blogcarla\/wp-content\/uploads\/2011\/02\/SFS-225x300.jpg\" alt=\"\" width=\"225\" height=\"300\" srcset=\"https:\/\/www.girosgourmet.com.br\/wp-content\/uploads\/2011\/02\/SFS-225x300.jpg 225w, https:\/\/www.girosgourmet.com.br\/wp-content\/uploads\/2011\/02\/SFS-112x150.jpg 112w, https:\/\/www.girosgourmet.com.br\/wp-content\/uploads\/2011\/02\/SFS.jpg 576w\" sizes=\"auto, (max-width: 225px) 100vw, 225px\" \/><\/a><\/p>\n<p style=\"text-align: justify;\">E como tudo que \u00e9 bom dura pouco&#8230;.terminamos nossa viagem com um dos Fashion shows incriveis, do estilista Samuel Cirnansck, com um jantar maravilhoso com os amigos Fredy, Guilherme, Marcos, Vlad, Clay e Bernardo, que fizeram desta viagem uma experi\u00eancia\u00a0\u00fanica e certamente inesquecivel\u00a0e\u00a0voc\u00eas se\u00a0tornaram meus queridos para sempre!<\/p>\n<div id=\"attachment_1535\" style=\"width: 310px\" class=\"wp-caption aligncenter\"><a href=\"http:\/\/www.closetonline.com.br\/blogcarla\/wp-content\/uploads\/2011\/02\/amigos.jpg\"><img loading=\"lazy\" decoding=\"async\" aria-describedby=\"caption-attachment-1535\" class=\"size-medium wp-image-1535\" title=\"_amigos\" src=\"http:\/\/www.closetonline.com.br\/blogcarla\/wp-content\/uploads\/2011\/02\/amigos-300x300.jpg\" alt=\"\" width=\"300\" height=\"300\" srcset=\"https:\/\/www.girosgourmet.com.br\/wp-content\/uploads\/2011\/02\/amigos-300x300.jpg 300w, https:\/\/www.girosgourmet.com.br\/wp-content\/uploads\/2011\/02\/amigos-150x150.jpg 150w, https:\/\/www.girosgourmet.com.br\/wp-content\/uploads\/2011\/02\/amigos.jpg 720w\" sizes=\"auto, (max-width: 300px) 100vw, 300px\" \/><\/a><p id=\"caption-attachment-1535\" class=\"wp-caption-text\">Meus Amados: Bernardo, Guilherme, Marcos, Clay e Fredy<\/p><\/div>\n<p style=\"text-align: justify;\">Parab\u00e9ns para as idealizadoras do evento; minhas amigas Carla Kyokawa e Alba Ferrari, da Dreamakers&#8230;que tiveram uma sacada singular e a cada edi\u00e7\u00e3o nos surpreendem com a tr\u00edade perfeita: moda, m\u00fasica e arte&#8230;..Mal cheguei da 3o edi\u00e7\u00e3o e j\u00e1 conto os dias para a do ano que vem!!! risos&#8230;.\u00a0Beijossssssssssss<\/p>\n<p style=\"text-align: center;\"><a href=\"http:\/\/www.closetonline.com.br\/blogcarla\/wp-content\/uploads\/2011\/02\/amigas.jpg\"><img loading=\"lazy\" decoding=\"async\" class=\"size-medium wp-image-1536 aligncenter\" title=\"_amigas\" src=\"http:\/\/www.closetonline.com.br\/blogcarla\/wp-content\/uploads\/2011\/02\/amigas-300x225.jpg\" alt=\"\" width=\"300\" height=\"225\" srcset=\"https:\/\/www.girosgourmet.com.br\/wp-content\/uploads\/2011\/02\/amigas-300x225.jpg 300w, https:\/\/www.girosgourmet.com.br\/wp-content\/uploads\/2011\/02\/amigas-150x112.jpg 150w, https:\/\/www.girosgourmet.com.br\/wp-content\/uploads\/2011\/02\/amigas.jpg 1024w\" sizes=\"auto, (max-width: 300px) 100vw, 300px\" \/><\/a><\/p>\n<iframe src=\"http:\/\/www.facebook.com\/plugins\/like.php?href=https:\/\/www.girosgourmet.com.br\/index.php\/brazil-fashion-cruise\/&amp;layout=standard&amp;show_faces=1&amp;width=450&amp;action=like&amp;colorscheme=light&amp;font=\" scrolling=\"no\" frameborder=\"0\" style=\"border:none; overflow:hidden; width:450px; height:60px\"><\/iframe>","protected":false},"excerpt":{"rendered":"<p>Oiiiiiiiiiiiiiiii sentiram minha falta? Pois \u00e9 ap\u00f3s 09 dias de moda, m\u00fasica e arte&#8230;..em um cruzeiro pela Am\u00e9rica Latina&#8230;.estou de volta! Iluminada, cheia de energia e um pouquinho pesada (g-zuis&#8230;..rs) Para quem desconhecia\u00a0 meu paradeiro, eu estava cobrindo a 3\u00ba edi\u00e7\u00e3o do Brazil Fashion Cruise e o conv\u00e9s do MSC [&hellip;]<\/p>\n","protected":false},"author":3,"featured_media":0,"comment_status":"open","ping_status":"open","sticky":false,"template":"","format":"standard","meta":{"footnotes":""},"categories":[41],"tags":[],"class_list":["post-1529","post","type-post","status-publish","format-standard","hentry","category-viagens"],"_links":{"self":[{"href":"https:\/\/www.girosgourmet.com.br\/index.php\/wp-json\/wp\/v2\/posts\/1529","targetHints":{"allow":["GET"]}}],"collection":[{"href":"https:\/\/www.girosgourmet.com.br\/index.php\/wp-json\/wp\/v2\/posts"}],"about":[{"href":"https:\/\/www.girosgourmet.com.br\/index.php\/wp-json\/wp\/v2\/types\/post"}],"author":[{"embeddable":true,"href":"https:\/\/www.girosgourmet.com.br\/index.php\/wp-json\/wp\/v2\/users\/3"}],"replies":[{"embeddable":true,"href":"https:\/\/www.girosgourmet.com.br\/index.php\/wp-json\/wp\/v2\/comments?post=1529"}],"version-history":[{"count":4,"href":"https:\/\/www.girosgourmet.com.br\/index.php\/wp-json\/wp\/v2\/posts\/1529\/revisions"}],"predecessor-version":[{"id":1538,"href":"https:\/\/www.girosgourmet.com.br\/index.php\/wp-json\/wp\/v2\/posts\/1529\/revisions\/1538"}],"wp:attachment":[{"href":"https:\/\/www.girosgourmet.com.br\/index.php\/wp-json\/wp\/v2\/media?parent=1529"}],"wp:term":[{"taxonomy":"category","embeddable":true,"href":"https:\/\/www.girosgourmet.com.br\/index.php\/wp-json\/wp\/v2\/categories?post=1529"},{"taxonomy":"post_tag","embeddable":true,"href":"https:\/\/www.girosgourmet.com.br\/index.php\/wp-json\/wp\/v2\/tags?post=1529"}],"curies":[{"name":"wp","href":"https:\/\/api.w.org\/{rel}","templated":true}]}}